{"id":71550,"date":"1996-10-04T00:01:24","date_gmt":"1996-10-03T22:01:24","guid":{"rendered":"http:\/\/www.editiondaslabor.de\/blog\/?p=71550"},"modified":"2020-11-25T16:16:18","modified_gmt":"2020-11-25T15:16:18","slug":"hase","status":"publish","type":"post","link":"http:\/\/www.editiondaslabor.de\/blog\/1996\/10\/04\/hase\/","title":{"rendered":"Hase"},"content":{"rendered":"<p>&nbsp;<\/p>\n<p style=\"text-align: justify\">Wenn sein alter Freund aus Schulzeiten einmal anf\u00e4ngt, von Hasen zu erz\u00e4hlen, dann bleibt kein Auge trocken. Niemand anders wei\u00df so sch\u00f6ne Geschichten zu erz\u00e4hlen. Sei es eine wahre oder nicht. Egal. Sie sind so sch\u00f6n erz\u00e4hlt, dass genau das unwichtig ist. Der Zuh\u00f6rer will weiterh\u00f6ren. Dann beginnt es manchmal mit dem Meister Lampe auf den Haarh\u00f6fen und endet mit dem Stirper Hasen eben bei dem kleinen \u00d6rtchen Stirpe in der N\u00e4he von Lippstadt. Dazwischen aber liegt ein ganzes Welterkl\u00e4rungsmodell mit Rechnungen, Vergleichen und Metaphern. Den H\u00f6hepunkt bildet die Forderung, doch endlich die einzige Konstante des Weltalls als Energiequelle zu nutzen, die niemals versiegen kann, die Zeit. Dar\u00fcber sinnierend sitzt Herr Nipp mit Fernglas an einem Feld mitten im Wald. Sauerlandidyll mit braunen Fichten. Und w\u00e4hrend er vor sich hin schmunzelt, sitzt ein Hase wenige Meter vor ihm und putzt sich in aller Ruhe das Fell.<\/p>\n<p style=\"text-align: center\">\u00a0<\/p>\n<div class=\"page\" title=\"Page 75\">\n<div class=\"layoutArea\">\n<p style=\"text-align: justify\">\u00a0<\/p>\n<\/div>\n<\/div>\n<p style=\"text-align: center\">***<\/p>\n<p style=\"text-align: justify\"><strong>Das Mittelma\u00df der Welt<\/strong>, unerh\u00f6rte Geschichten von Herrn Nipp, KUNO 1994 &#8211; 2019<\/p>\n<p style=\"text-align: justify\"><a href=\"http:\/\/www.editiondaslabor.de\/blog\/wp-content\/uploads\/2009\/01\/Herr-Nipp-Frontbild.jpg\"><img loading=\"lazy\" decoding=\"async\" class=\"alignleft size-full wp-image-71748\" src=\"http:\/\/www.editiondaslabor.de\/blog\/wp-content\/uploads\/2009\/01\/Herr-Nipp-Frontbild.jpg\" alt=\"\" width=\"217\" height=\"229\" srcset=\"http:\/\/www.editiondaslabor.de\/blog\/wp-content\/uploads\/2009\/01\/Herr-Nipp-Frontbild.jpg 217w, http:\/\/www.editiondaslabor.de\/blog\/wp-content\/uploads\/2009\/01\/Herr-Nipp-Frontbild-160x169.jpg 160w\" sizes=\"auto, (max-width: 217px) 100vw, 217px\" \/><\/a><\/p>\n<p style=\"text-align: justify\">Die <em>unerh\u00f6rten Geschichten<\/em> von Herrn Nipp sind glossierende Anmerkungen die sich schnoddrig mit dem Zeitgeist auseinandersetzen. Oft wird in diesen Kolportagen ein Konflikt zwischen Ordnung und Chaos beschrieben. Wir lesen sowohl \u00fcberraschendes und unerwartetes, potentiell ungew\u00f6hnliches, das Geschehen verweist auf einen sich real ereigneten (oder wenigstens m\u00f6glichen) Ursprung des Erz\u00e4hlten.<\/p>\n<p style=\"text-align: justify\"><strong>Weiterf\u00fchrend\u00a0<\/strong><strong>\u2192\u00a0<\/strong><\/p>\n<p style=\"text-align: justify\">Zum Thema K\u00fcnstlerbucher lesen finden Sie hier einen <a href=\"http:\/\/www.editiondaslabor.de\/blog\/?p=12840\">Essay<\/a> sowie ein <a href=\"http:\/\/www.editiondaslabor.de\/blog\/?p=834\">Artikel<\/a> von J.C. Albers. Papier ist autonomes Kunstmaterial, daher ein vertiefendes <a href=\"http:\/\/www.editiondaslabor.de\/blog\/?p=21407\">Kollegengespr\u00e4ch<\/a> mit Haimo Hieronymus \u00fcber Material, Medium und Faszination des Werkstoffs Papier.<\/p>\n<p style=\"text-align: justify\">Die bibliophilen Kostbarkeiten sind erh\u00e4ltlich \u00fcber die Werkstattgalerie Der Bogen, Tel. 0173 7276421<\/p>\n","protected":false},"excerpt":{"rendered":"<p>&nbsp; Wenn sein alter Freund aus Schulzeiten einmal anf\u00e4ngt, von Hasen zu erz\u00e4hlen, dann bleibt kein Auge trocken. Niemand anders wei\u00df so sch\u00f6ne Geschichten zu erz\u00e4hlen. Sei es eine wahre oder nicht. Egal. Sie sind so sch\u00f6n erz\u00e4hlt, dass genau&hellip;<\/p>\n<p class=\"more-link-p\"><a class=\"more-link\" href=\"http:\/\/www.editiondaslabor.de\/blog\/1996\/10\/04\/hase\/\">Read more &rarr;<\/a><\/p>\n","protected":false},"author":161,"featured_media":71748,"comment_status":"closed","ping_status":"closed","sticky":false,"template":"","format":"standard","meta":{"footnotes":""},"categories":[1],"tags":[1334],"class_list":["post-71550","post","type-post","status-publish","format-standard","has-post-thumbnail","hentry","category-literatur","tag-herr-nipp"],"_links":{"self":[{"href":"http:\/\/www.editiondaslabor.de\/blog\/wp-json\/wp\/v2\/posts\/71550","targetHints":{"allow":["GET"]}}],"collection":[{"href":"http:\/\/www.editiondaslabor.de\/blog\/wp-json\/wp\/v2\/posts"}],"about":[{"href":"http:\/\/www.editiondaslabor.de\/blog\/wp-json\/wp\/v2\/types\/post"}],"author":[{"embeddable":true,"href":"http:\/\/www.editiondaslabor.de\/blog\/wp-json\/wp\/v2\/users\/161"}],"replies":[{"embeddable":true,"href":"http:\/\/www.editiondaslabor.de\/blog\/wp-json\/wp\/v2\/comments?post=71550"}],"version-history":[{"count":0,"href":"http:\/\/www.editiondaslabor.de\/blog\/wp-json\/wp\/v2\/posts\/71550\/revisions"}],"wp:featuredmedia":[{"embeddable":true,"href":"http:\/\/www.editiondaslabor.de\/blog\/wp-json\/"}],"wp:attachment":[{"href":"http:\/\/www.editiondaslabor.de\/blog\/wp-json\/wp\/v2\/media?parent=71550"}],"wp:term":[{"taxonomy":"category","embeddable":true,"href":"http:\/\/www.editiondaslabor.de\/blog\/wp-json\/wp\/v2\/categories?post=71550"},{"taxonomy":"post_tag","embeddable":true,"href":"http:\/\/www.editiondaslabor.de\/blog\/wp-json\/wp\/v2\/tags?post=71550"}],"curies":[{"name":"wp","href":"https:\/\/api.w.org\/{rel}","templated":true}]}}