{"id":71403,"date":"2021-05-04T00:01:20","date_gmt":"2021-05-03T22:01:20","guid":{"rendered":"http:\/\/www.editiondaslabor.de\/blog\/?p=71403"},"modified":"2020-11-24T14:17:58","modified_gmt":"2020-11-24T13:17:58","slug":"zeit-2","status":"publish","type":"post","link":"http:\/\/www.editiondaslabor.de\/blog\/2021\/05\/04\/zeit-2\/","title":{"rendered":"Zeit"},"content":{"rendered":"<p>&nbsp;<\/p>\n<p style=\"text-align: justify\">Er hat noch Zeit bis zum n\u00e4chsten Termin, gut eine Stunde, sitzt im Wohn- und Esszimmer und liest seine Wochenzeitung, die er seit einigen Monaten abonniert hat. Er mag dieses Blatt, er muss sich keinen Stress mit dem Lesen machen und kann in aller Ruhe \u00fcber die Themen, die dort angerissen oder tiefergehend besprochen werden, nachdenken. Es ist ihm wichtig, Ruhe daf\u00fcr zu haben, einige Tage vielleicht oder mehr. Wer hat schon den Luxus, eine Woche lang die gleiche Zeitung auf dem Tisch liegen zu haben, in die von Zeit zu Zeit ein Blick geworfen wird, ganz entspannt. Derzeit liegen die Druckwaren des letzten Monats herum. Er hatte auch einige Jahre lang eine Tageszeitung im Abo, aber das hat ihn zunehmend gest\u00f6rt. Die Tagesereignisse werden ihm ja ohnehin durch die allgegenw\u00e4rtigen Medien um die Ohren gehauen, manche gar mit st\u00fcndlichen oder min\u00fctlichen Aktualisierungen. Bestimmte Themen aber bed\u00fcrfen einer weitergehenden Betrachtung. Zeitlicher Abstand ist eine besondere Qualit\u00e4t.<\/p>\n<p style=\"text-align: justify\">Er geht in einem Artikel auf, der die wirtschaftliche Entwicklung Afrikas \u00fcber Jahrzehnte bespricht und vergisst dar\u00fcber die Zeit. Als der Wecker im Schlafzimmer ihn an den Termin erinnert, w\u00e4hnt er sich tausende Kilometer entfernt.<\/p>\n<p style=\"text-align: justify\">Fast ein Jahrhundert wurde \u00fcberblickt, ein entt\u00e4uschendes Ergebnis. Und am Ende die alte Frage, wohin der Kontinent im begonnenen Jahrtausend geht.<\/p>\n<p>&nbsp;<\/p>\n<p class=\"has-text-align-center\" style=\"text-align: center\">***<\/p>\n<p style=\"text-align: justify\"><strong>Guppy im Gin<\/strong>, weitere Geschichten von Herrn Nipp. Edition Das Labor 2020<\/p>\n<p style=\"text-align: justify\"><a href=\"http:\/\/www.editiondaslabor.de\/blog\/wp-content\/uploads\/2020\/11\/Guppy_Cover-e1601837356657.jpg\"><img loading=\"lazy\" decoding=\"async\" class=\"alignleft wp-image-70634 size-medium\" src=\"http:\/\/www.editiondaslabor.de\/blog\/wp-content\/uploads\/2020\/11\/Guppy_Cover-184x300.jpg\" alt=\"\" width=\"184\" height=\"300\" \/><\/a><strong>Weiterf\u00fchrend <\/strong><strong>\u2192\u00a0<\/strong>Zu einem begehrten Sammlerst\u00fcck hat sich die\u00a0Totholzausgabe von Herrn Nipps <a href=\"http:\/\/www.editiondaslabor.de\/blog\/?p=12766\"><em>Die Angst perfekter Schwiegers\u00f6hne<\/em><\/a> entwickelt.\u00a0Au\u00dferdem belegt sein Taschenbuch <a href=\"http:\/\/www.editiondaslabor.de\/blog\/?p=9294\"><em>Unerh\u00f6rte M\u00f6glichkeiten<\/em><\/a>, da\u00df man keinen Falken mehr verzehren muss, um novellistisch t\u00e4tig zu sein. Herr Nipp dampft die Gattung der Novelle konsequent zu <a href=\"http:\/\/www.editiondaslabor.de\/?p=899\"><em>Twitteratur<\/em><\/a> ein. Und au\u00dferdem pr\u00e4sentiert Haimo Hieronymus die bibliophile Kostbarkeit <a href=\"http:\/\/www.editiondaslabor.de\/blog\/?p=41385\"><em>\u00dcber Heblichkeiten, Floskeln und andere Ausrutscher<\/em><\/a> aus den Notizb\u00fcchern des Herrn Nipp. <span data-offset-key=\"bv319-0-0\">Begleitendes zur Ver\u00f6ffentlichung des Buches <a href=\"http:\/\/www.editiondaslabor.de\/blog\/2019\/12\/04\/fatale-wirkungen\/\"><em>Fatale Wirkungen<\/em><\/a>, von Herrn Nipp (Mit Fotos von Stephanie Neuhaus). \u00dcber die <a href=\"http:\/\/www.editiondaslabor.de\/blog\/?p=70620\">historische Aufgabe<\/a> von Herrn Nipp aus M\u00f6ppelheim.<\/span><\/p>\n<p style=\"text-align: justify\">Zum Thema K\u00fcnstlerbucher lesen finden Sie hier einen <a href=\"http:\/\/www.editiondaslabor.de\/blog\/?p=12840\">Essay<\/a> sowie ein <a href=\"http:\/\/www.editiondaslabor.de\/blog\/?p=834\">Artikel<\/a> von J.C. Albers. Vertiefend auch das <a href=\"http:\/\/www.editiondaslabor.de\/blog\/?p=21407\">Kollegengespr\u00e4ch<\/a> mit Haimo Hieronymus.<\/p>\n<p style=\"text-align: justify\">Diese bibliophile Kostbarkeiten sind erh\u00e4ltlich \u00fcber die Werkstattgalerie Der Bogen, Tel. 0173 7276421<\/p>\n","protected":false},"excerpt":{"rendered":"<p>&nbsp; Er hat noch Zeit bis zum n\u00e4chsten Termin, gut eine Stunde, sitzt im Wohn- und Esszimmer und liest seine Wochenzeitung, die er seit einigen Monaten abonniert hat. Er mag dieses Blatt, er muss sich keinen Stress mit dem Lesen&hellip;<\/p>\n<p class=\"more-link-p\"><a class=\"more-link\" href=\"http:\/\/www.editiondaslabor.de\/blog\/2021\/05\/04\/zeit-2\/\">Read more &rarr;<\/a><\/p>\n","protected":false},"author":161,"featured_media":70634,"comment_status":"closed","ping_status":"closed","sticky":false,"template":"","format":"standard","meta":{"footnotes":""},"categories":[1],"tags":[1334],"class_list":["post-71403","post","type-post","status-publish","format-standard","has-post-thumbnail","hentry","category-literatur","tag-herr-nipp"],"_links":{"self":[{"href":"http:\/\/www.editiondaslabor.de\/blog\/wp-json\/wp\/v2\/posts\/71403","targetHints":{"allow":["GET"]}}],"collection":[{"href":"http:\/\/www.editiondaslabor.de\/blog\/wp-json\/wp\/v2\/posts"}],"about":[{"href":"http:\/\/www.editiondaslabor.de\/blog\/wp-json\/wp\/v2\/types\/post"}],"author":[{"embeddable":true,"href":"http:\/\/www.editiondaslabor.de\/blog\/wp-json\/wp\/v2\/users\/161"}],"replies":[{"embeddable":true,"href":"http:\/\/www.editiondaslabor.de\/blog\/wp-json\/wp\/v2\/comments?post=71403"}],"version-history":[{"count":0,"href":"http:\/\/www.editiondaslabor.de\/blog\/wp-json\/wp\/v2\/posts\/71403\/revisions"}],"wp:featuredmedia":[{"embeddable":true,"href":"http:\/\/www.editiondaslabor.de\/blog\/wp-json\/"}],"wp:attachment":[{"href":"http:\/\/www.editiondaslabor.de\/blog\/wp-json\/wp\/v2\/media?parent=71403"}],"wp:term":[{"taxonomy":"category","embeddable":true,"href":"http:\/\/www.editiondaslabor.de\/blog\/wp-json\/wp\/v2\/categories?post=71403"},{"taxonomy":"post_tag","embeddable":true,"href":"http:\/\/www.editiondaslabor.de\/blog\/wp-json\/wp\/v2\/tags?post=71403"}],"curies":[{"name":"wp","href":"https:\/\/api.w.org\/{rel}","templated":true}]}}