{"id":71273,"date":"1990-12-18T00:01:26","date_gmt":"1990-12-17T23:01:26","guid":{"rendered":"http:\/\/www.editiondaslabor.de\/blog\/?p=71273"},"modified":"2022-03-06T11:24:42","modified_gmt":"2022-03-06T10:24:42","slug":"illusionaerer-idealzustand","status":"publish","type":"post","link":"http:\/\/www.editiondaslabor.de\/blog\/1990\/12\/18\/illusionaerer-idealzustand\/","title":{"rendered":"Illusion\u00e6rer Idealzustand"},"content":{"rendered":"<p>&nbsp;<\/p>\n<div class=\"page\" title=\"Page 33\">\n<div class=\"section\">\n<div class=\"layoutArea\">\n<div class=\"column\">\n<p>mit dem Wimpern\\Schlag\/Zeug die Rueck<\/p>\n<p>blende auf:<\/p>\n<p>den Moment<\/p>\n<p>in welchem sich<\/p>\n<p>\u00e6ussere wie innere Erscheinungen<\/p>\n<p>geradezu selbst<\/p>\n<p>verst\u00e6ndlich im Spiegel<\/p>\n<p>kabinet der Identit\u00e6t gegenueberstanden&#8230;<\/p>\n<p><span style=\"letter-spacing: 0.05em;\">K\u0153rpersprache wird zum Sprachk\u0153rper =<\/span><\/p>\n<p><span style=\"letter-spacing: 0.05em;\">parabolische Wort\u2013 &amp; Satzbewegung vollziehen<\/span><\/p>\n<p>begrifflichen Skulpturierungen in einer<\/p>\n<p>Melancholie des Bruechigen<\/p>\n<p>&nbsp;<\/p>\n<p>die Tizian\u2013Augen abwenden &amp; drehen auf die<\/p>\n<p>Ambivalenz aus einer radikalen Innenperspektive<\/p>\n<p>alte Bilder werden ueberschrieben<\/p>\n<p>um neue Deutungsr\u00e6ume zu \u0153ffnen:<\/p>\n<p>Offenbarungsblitze zeichnen<\/p>\n<p>eine Topik der Ueberraschungen =<\/p>\n<p>Bewegungsab\/l\u00e6ufe in katzenhafter Zweisamkeit<\/p>\n<p>vollfuehren &amp; sogleich transluzid in<\/p>\n<p>Farb\u2013 &amp; Lichtpartikel aufl\u0153sen<\/p>\n<p>fixiert im Moment des Verschwindens&#8230;<\/p>\n<p>ein wissendes Bewahren des Strandguts am<\/p>\n<p>Ufer der Merkf\u00e6higkeit<\/p>\n<\/div>\n<\/div>\n<\/div>\n<\/div>\n<p>&nbsp;<\/p>\n<div class=\"page\" title=\"Page 96\">\n<div class=\"section\">\n<div class=\"layoutArea\">\n<div class=\"column\"><\/div>\n<\/div>\n<\/div>\n<\/div>\n<p>&nbsp;<\/p>\n<p style=\"text-align: center;\">***<\/p>\n<div class=\"page\" title=\"Page 96\">\n<div class=\"section\">\n<p style=\"text-align: justify;\"><strong>Wiederbeatmung<\/strong>, Gedichte von A.J. Weigoni, Edition Das Labor, Bad M\u00fclheim. remastered 2017 (Nur im Schuber erh\u00e4ltlich)<\/p>\n<\/div>\n<\/div>\n<div style=\"text-align: justify;\">\n<div id=\"attachment_98714\" style=\"width: 207px\" class=\"wp-caption alignleft\"><img loading=\"lazy\" decoding=\"async\" aria-describedby=\"caption-attachment-98714\" class=\"wp-image-98714 size-full\" src=\"http:\/\/www.editiondaslabor.de\/blog\/wp-content\/uploads\/2025\/12\/Wiederbeatmung_Cover-e1646551786525.jpeg\" alt=\"\" width=\"197\" height=\"300\" \/><p id=\"caption-attachment-98714\" class=\"wp-caption-text\">Original-Holzschnitt auf das Cover gedruckt von Haimo Hieronymus<\/p><\/div>\n<p><strong>Weiterf\u00fchrend \u2192\u00a0<\/strong>Jeder Band aus dem <em>Schuber<\/em> von A.J. Weigoni ist ein Sammlerobjekt. Und jedes Titelbild ein Kunstwerk. KUNO fa\u00dft die <a href=\"http:\/\/www.editiondaslabor.de\/blog\/?p=42570\">Stimmen<\/a> zu dieser verlegerischen Gro\u00dftat zusammen. Last but not least: <a href=\"http:\/\/www.editiondaslabor.de\/blog\/?p=25524\"><em>VerDichtung \u2013 \u00dcber das Verfertigen von Poesie<\/em><\/a>, ein Essay von A.J. Weigoni in dem er dichtungstheoretisch die poetologischen Grunds\u00e4tze seines Schaffens beschreibt.<\/p>\n<\/div>\n<div style=\"text-align: justify;\">\n<p><strong>H\u00f6rproben \u2192 <\/strong>Probeh\u00f6ren kann man Ausz\u00fcge der <a href=\"http:\/\/vordenker.de\/weigoni\/schmauchspuren.html\">Schmauchspuren<\/a>, von <a href=\"http:\/\/www.vordenker.de\/weigoni\/neige.html\">An der Neige<\/a> und des Monodrams <a href=\"http:\/\/www.vordenker.de\/taeger\/senora_nada.htm\">Se\u00f1ora Nada<\/a> in der Reihe <a href=\"http:\/\/www.editiondaslabor.de\/blog\/?p=17799\">MetaPhon<\/a>. Zuletzt bei KUNO, eine Polemik von A.J. Weigoni \u00fcber den Sinn einer <a href=\"http:\/\/www.editiondaslabor.de\/blog\/2015\/02\/07\/bartleby\/\">Lesung<\/a>.<\/p>\n<\/div>\n<p style=\"text-align: justify;\">\n<p>&nbsp;<\/p>\n","protected":false},"excerpt":{"rendered":"<p>&nbsp; mit dem Wimpern\\Schlag\/Zeug die Rueck blende auf: den Moment in welchem sich \u00e6ussere wie innere Erscheinungen geradezu selbst verst\u00e6ndlich im Spiegel kabinet der Identit\u00e6t gegenueberstanden&#8230; K\u0153rpersprache wird zum Sprachk\u0153rper = parabolische Wort\u2013 &amp; Satzbewegung vollziehen begrifflichen Skulpturierungen in einer&hellip;<\/p>\n<p class=\"more-link-p\"><a class=\"more-link\" href=\"http:\/\/www.editiondaslabor.de\/blog\/1990\/12\/18\/illusionaerer-idealzustand\/\">Read more &rarr;<\/a><\/p>\n","protected":false},"author":14,"featured_media":98714,"comment_status":"closed","ping_status":"closed","sticky":false,"template":"","format":"standard","meta":{"footnotes":""},"categories":[1],"tags":[628],"class_list":["post-71273","post","type-post","status-publish","format-standard","has-post-thumbnail","hentry","category-literatur","tag-a-j-weigoni"],"_links":{"self":[{"href":"http:\/\/www.editiondaslabor.de\/blog\/wp-json\/wp\/v2\/posts\/71273","targetHints":{"allow":["GET"]}}],"collection":[{"href":"http:\/\/www.editiondaslabor.de\/blog\/wp-json\/wp\/v2\/posts"}],"about":[{"href":"http:\/\/www.editiondaslabor.de\/blog\/wp-json\/wp\/v2\/types\/post"}],"author":[{"embeddable":true,"href":"http:\/\/www.editiondaslabor.de\/blog\/wp-json\/wp\/v2\/users\/14"}],"replies":[{"embeddable":true,"href":"http:\/\/www.editiondaslabor.de\/blog\/wp-json\/wp\/v2\/comments?post=71273"}],"version-history":[{"count":1,"href":"http:\/\/www.editiondaslabor.de\/blog\/wp-json\/wp\/v2\/posts\/71273\/revisions"}],"predecessor-version":[{"id":101619,"href":"http:\/\/www.editiondaslabor.de\/blog\/wp-json\/wp\/v2\/posts\/71273\/revisions\/101619"}],"wp:featuredmedia":[{"embeddable":true,"href":"http:\/\/www.editiondaslabor.de\/blog\/wp-json\/wp\/v2\/media\/98714"}],"wp:attachment":[{"href":"http:\/\/www.editiondaslabor.de\/blog\/wp-json\/wp\/v2\/media?parent=71273"}],"wp:term":[{"taxonomy":"category","embeddable":true,"href":"http:\/\/www.editiondaslabor.de\/blog\/wp-json\/wp\/v2\/categories?post=71273"},{"taxonomy":"post_tag","embeddable":true,"href":"http:\/\/www.editiondaslabor.de\/blog\/wp-json\/wp\/v2\/tags?post=71273"}],"curies":[{"name":"wp","href":"https:\/\/api.w.org\/{rel}","templated":true}]}}