{"id":71131,"date":"2020-11-23T00:01:48","date_gmt":"2020-11-22T23:01:48","guid":{"rendered":"http:\/\/www.editiondaslabor.de\/blog\/?p=71131"},"modified":"2022-02-21T13:35:04","modified_gmt":"2022-02-21T12:35:04","slug":"mantra","status":"publish","type":"post","link":"http:\/\/www.editiondaslabor.de\/blog\/2020\/11\/23\/mantra\/","title":{"rendered":"Das Mantra der Selbstbefragung"},"content":{"rendered":"<p style=\"text-align: right;\"><span style=\"color: #999999;\">Theo Breuer gef\u00e4llt die Intellektualisierung von Literatur nicht. Literatur muss nichts Intellektuelles haben, sie sollte unmittelbar sein.<\/span><\/p>\n<p>&nbsp;<\/p>\n<p style=\"text-align: justify;\"><em>Wir wollen weniger erhoben, \/ Und flei\u00dfiger gelesen sein<\/em>, lesen wir in einem bekannten Vierzeiler Gotthold Ephraim Lessings. Kann man \u201eflei\u00dfiger lesen\u201c, als Theo Breuer es bekannterma\u00dfen sein Leben lang tut? Und kann man kreativer, lebendiger die Rezeption literarischer Texte f\u00fcr die Produktion ebensolcher nutzen, Leseimpression origineller in Schreibexpression verwandeln, als Theo Breuer es \u2013 eindringlicher denn je \u2013 im neuen Gedichtbuch\u00a0<em>nicht weniger nicht mehr<\/em>\u00a0handhabt, in dem es auf 133 Seiten\u00a0<em>suchstaben<\/em>\u00a0und W\u00f6rter und Verse auf Breuers unnachahmliche Weise\u00a0<em>regnet<\/em><em>\u00a0<\/em>(prasselt \u2026) und in dessen Gedichten die Buchstaben vom ersten bis zum vierten Kapitel atmen, hopsen, perlen, sprudeln, dass es\u00a0<em>seine Art<\/em>\u00a0hat.<\/p>\n<p style=\"text-align: justify;\">Furios und mitrei\u00dfend \u2013 um je ein Beispiel aus den vier Kapiteln mit hier (sehr) kurzen, dort (sehr) langen Gedichten zu benennen \u2013 die Gedichte\u00a0<em>es war<\/em>,\u00a0<em>nicht die bohne<\/em>,<em>\u00a0<\/em><em>und lesen<\/em>\u00a0oder\u00a0<em>zeit der schl\u00fcsse<\/em>, in dessen sieben Versen soviel Welt, soviel Para- und Gegenwelt steckt, dass es einem Frevel gleichk\u00e4me, einzelne Aspekte einem Kommentar zu unterwerfen. Manches, das an der Oberfl\u00e4che wie reines Spiel mit W\u00f6rtern wirken mag, wird, n\u00e4her betrachtet, zum\u00a0<em>glutigen<\/em>\u00a0Ernst. Ja, <a href=\"http:\/\/www.editiondaslabor.de\/blog\/2020\/01\/08\/nennen-sie-es-ausschlachtung\/\">Kurt Schwitters<\/a> hat es bis zum bitteren Ende vorgemacht:\u00a0<em>Wir spielen, bis uns der Tod abholt<\/em>. Aber was, bitte, ist denn das f\u00fcr ein \u201aSpiel\u2018, in dem einem immer wieder das Lachen im Halse stecken bleibt \u2013 wenn etwa im\u00a0<em>wortversuch<\/em>\u00a0:\u00a0<em>ein mord \/ den \/ andren \/ gibt<\/em>?!<\/p>\n<p style=\"text-align: justify;\">Neben dem Reim (mit dessen \u201aunerh\u00f6rten\u2018 M\u00f6glichkeiten wortw\u00e4hrend \u201agespielt\u2018 wird) ist das Paragramm fester Bestandteil in Breuer Wortwerkzeugkasten. Welch enorme Erweiterung wird hier m\u00f6glich durch den Austausch eines Buchstabens: Zun\u00e4chst wird der Leser \u2013 naturgem\u00e4\u00df \u2013 bei \u201aglutig\u2018 an das Ursprungswort \u201ablutig\u2018 denken, um reflexiv und \u201amutig\u2018 weitere Paragramme zu bilden und so \u2013 dank eines einzigen Buchstabens \u2013 in ungeahnte Worttr\u00e4ume vorzuschwingen.<\/p>\n<p style=\"text-align: justify;\">Die Gedichte des ersten Kapitels \u2013 eine siebenteilige, essayistisch angehauchte Lyriksequenz \u2013 sind Werk und Wirken Paul Celans gewidmet, dessen hundertstem Geburtstag und f\u00fcnfzigstem Todestag wir 2020 gedenken:\u00a0<em>morgens moosgr\u00fcn m\u00fc\u00dfig zwischen maar moor mayr\u00f6cker \/ liegt der stein der leisen<\/em><em>\u00a0<\/em>setzt das Gedicht\u00a0<em>da :<\/em>\u00a0ein, das den Leser \u2013 ausgehend von pers\u00f6nlich erlebter\u00a0<em>wlan<\/em>-Gegenwart \u2013 im\u00a0<em>schneewahn<\/em>\u00a0zur\u00fcck in unheilvolle Zeiten katapultiert, deren Grauen Celan so unmittelbar erfuhr.<\/p>\n<p style=\"text-align: justify;\">Genug des \u201eErhebens\u201c. Auch Theo Breuers Gedichtbuch\u00a0<em>nicht weniger nicht mehr<\/em>\u00a0will :\u00a0<em>flei\u00dfiger gelesen sein<\/em>\u00a0\u2026<\/p>\n<p>&nbsp;<\/p>\n<p>&nbsp;<\/p>\n<p style=\"text-align: center;\">***<\/p>\n<p style=\"text-align: justify;\"><strong>nicht weniger nicht mehr. <\/strong>Gedichte von Theo Breuer, Pop-Verlag, Reihe Lyrik Bd. 151, 2020<\/p>\n<h5 style=\"text-align: justify;\"><a href=\"http:\/\/www.editiondaslabor.de\/blog\/wp-content\/uploads\/2020\/11\/Breuer_Gedichte.jpg\"><img loading=\"lazy\" decoding=\"async\" class=\"alignleft wp-image-71134 size-medium\" src=\"http:\/\/www.editiondaslabor.de\/blog\/wp-content\/uploads\/2020\/11\/Breuer_Gedichte-208x300.jpg\" alt=\"\" width=\"208\" height=\"300\" \/><\/a>W<strong>eiterf\u00fchrend <\/strong><strong>\u2192<\/strong><\/h5>\n<p style=\"text-align: justify;\"><em>Kein Gedicht nach Auschwitz (Adorno): was wird hier als Vorstellung von ,Gedicht` unterstellt? Der D\u00fcnkel dessen, der sich untersteht hypothetisch-spekulativerweise Auschwitz aus der Nachtigallen- oder Singdrossel-Perspektive zu betrachten oder zu berichten, <\/em><a href=\"http:\/\/www.editiondaslabor.de\/blog\/2020\/01\/27\/erscheinungsform\/\">schrieb<\/a> Paul Celan als Erwiderung auf Theodor W. <em>Adorno<\/em>.<\/p>\n<p style=\"text-align: justify;\">In diesem Zusammenhang ein Hinweis auf den <a href=\"http:\/\/www.editiondaslabor.de\/blog\/2015\/12\/09\/der-sprache-aufs-maul-schauen\/\">Forensiker<\/a> der deutschsprachigen Lyrik.<\/p>\n<p style=\"text-align: justify;\"><span lang=\"X-NONE\">Theo Breuer gelingt es, dem<\/span> Mythos nachzusp\u00fcren, <span lang=\"X-NONE\">eine angemessenere <a href=\"http:\/\/www.editiondaslabor.de\/blog\/?p=62988\">W\u00fcrdigung<\/a> Rolf Dieter Brinkmanns<\/span> wird man kaum finden.<\/p>\n<p style=\"text-align: justify;\">Einen Essay \u00fcber das Tun von Theo Breuer als\u00a0Herausgeber, Essayist und nicht zuletzt als Lyriker lesen Sie <a href=\"http:\/\/www.editiondaslabor.de\/blog\/?p=12773\">hier<\/a>.<\/p>\n","protected":false},"excerpt":{"rendered":"<p>Theo Breuer gef\u00e4llt die Intellektualisierung von Literatur nicht. Literatur muss nichts Intellektuelles haben, sie sollte unmittelbar sein. &nbsp; Wir wollen weniger erhoben, \/ Und flei\u00dfiger gelesen sein, lesen wir in einem bekannten Vierzeiler Gotthold Ephraim Lessings. Kann man \u201eflei\u00dfiger lesen\u201c,&hellip;<\/p>\n<p class=\"more-link-p\"><a class=\"more-link\" href=\"http:\/\/www.editiondaslabor.de\/blog\/2020\/11\/23\/mantra\/\">Read more &rarr;<\/a><\/p>\n","protected":false},"author":257,"featured_media":99181,"comment_status":"closed","ping_status":"closed","sticky":false,"template":"","format":"standard","meta":{"footnotes":""},"categories":[1],"tags":[137,84],"class_list":["post-71131","post","type-post","status-publish","format-standard","has-post-thumbnail","hentry","category-literatur","tag-paul-celan","tag-theo-breuer"],"_links":{"self":[{"href":"http:\/\/www.editiondaslabor.de\/blog\/wp-json\/wp\/v2\/posts\/71131","targetHints":{"allow":["GET"]}}],"collection":[{"href":"http:\/\/www.editiondaslabor.de\/blog\/wp-json\/wp\/v2\/posts"}],"about":[{"href":"http:\/\/www.editiondaslabor.de\/blog\/wp-json\/wp\/v2\/types\/post"}],"author":[{"embeddable":true,"href":"http:\/\/www.editiondaslabor.de\/blog\/wp-json\/wp\/v2\/users\/257"}],"replies":[{"embeddable":true,"href":"http:\/\/www.editiondaslabor.de\/blog\/wp-json\/wp\/v2\/comments?post=71131"}],"version-history":[{"count":2,"href":"http:\/\/www.editiondaslabor.de\/blog\/wp-json\/wp\/v2\/posts\/71131\/revisions"}],"predecessor-version":[{"id":99188,"href":"http:\/\/www.editiondaslabor.de\/blog\/wp-json\/wp\/v2\/posts\/71131\/revisions\/99188"}],"wp:featuredmedia":[{"embeddable":true,"href":"http:\/\/www.editiondaslabor.de\/blog\/wp-json\/wp\/v2\/media\/99181"}],"wp:attachment":[{"href":"http:\/\/www.editiondaslabor.de\/blog\/wp-json\/wp\/v2\/media?parent=71131"}],"wp:term":[{"taxonomy":"category","embeddable":true,"href":"http:\/\/www.editiondaslabor.de\/blog\/wp-json\/wp\/v2\/categories?post=71131"},{"taxonomy":"post_tag","embeddable":true,"href":"http:\/\/www.editiondaslabor.de\/blog\/wp-json\/wp\/v2\/tags?post=71131"}],"curies":[{"name":"wp","href":"https:\/\/api.w.org\/{rel}","templated":true}]}}