{"id":70913,"date":"1993-06-24T00:01:47","date_gmt":"1993-06-23T22:01:47","guid":{"rendered":"http:\/\/www.editiondaslabor.de\/blog\/?p=70913"},"modified":"2022-02-21T05:49:13","modified_gmt":"2022-02-21T04:49:13","slug":"abend-der-partisanen-kebec","status":"publish","type":"post","link":"http:\/\/www.editiondaslabor.de\/blog\/1993\/06\/24\/abend-der-partisanen-kebec\/","title":{"rendered":"abend der partisanen | kebec"},"content":{"rendered":"<div class=\"field field-name-body\">\n<p style=\"text-align: right;\"><span style=\"color: #999999;\"><i>Wir sind begeistert von Quebec, aber Edward will es nicht malen, also fahren wir morgen weiter. (Josephine \u201eJo\u201c Verstille Hopper, geb. Nivison, in einem Brief vom 24. Juni 1933)<\/i><\/span><\/p>\n<p>&nbsp;<\/p>\n<p>abend der partisanen<br \/>\ndie nachbarn schlafen mit faltern<br \/>\nlautlos st\u00f6\u00dft das meer die t\u00fcr auf<br \/>\nund schwemmt leguane ins zimmer<br \/>\nflugzeuge<br \/>\nhalbwahrheiten<br \/>\ntommaso ist endlich eingeschlafen<\/p>\n<p>ich schreibe wieder mit dem bleistift<br \/>\nich esse wieder mit den fingern<br \/>\nich liebe wieder junge m\u00e4dchen<\/p>\n<p>der held schl\u00e4gt sich gegen die brust<br \/>\nnoch ganz aufgew\u00fchlt von den wirren des krieges<br \/>\naus dem er gerade zur\u00fcckgekehrt ist<\/p>\n<p>vom meer rufen stimmen<br \/>\nvon den bergen rufen stimmen<br \/>\nvom fluss und aus den w\u00e4ldern<br \/>\nden ebenen<br \/>\nden vorlanden schwebender st\u00e4dte<br \/>\nich verwechsle schon ihre namen<\/p>\n<p>elena!<\/p>\n<p>\u00f6ffne die fenster<br \/>\nlass die fledermausschreie ins haus<br \/>\nich will sie begleiten<br \/>\ntanze zum fidelspiel<\/p>\n<p>der mond nimmt dich in den arm<br \/>\nerdr\u00fcckt dich mit seinem dicken bauch<br \/>\nder mond singt ein wiegenlied<br \/>\nf\u00fcr dein ungeborenes kind<br \/>\nin seinem licht zittert das gras<\/p>\n<p>[abend der partisanen<br \/>\ndie nachbarn schlafen mit faltern<br \/>\nim flie\u00dfen der stille<br \/>\n<i>wo der fluss enger wird<\/i>]<\/p>\n<\/div>\n<p>&nbsp;<\/p>\n<p>&nbsp;<\/p>\n<p>&nbsp;<\/p>\n<div id=\"attachment_99025\" style=\"width: 310px\" class=\"wp-caption alignleft\"><img loading=\"lazy\" decoding=\"async\" aria-describedby=\"caption-attachment-99025\" class=\"wp-image-99025 size-medium\" src=\"http:\/\/www.editiondaslabor.de\/blog\/wp-content\/uploads\/2025\/12\/Werner-Weimar-Mazur-300x199.jpg\" alt=\"\" width=\"300\" height=\"199\" srcset=\"http:\/\/www.editiondaslabor.de\/blog\/wp-content\/uploads\/2025\/12\/Werner-Weimar-Mazur-300x199.jpg 300w, http:\/\/www.editiondaslabor.de\/blog\/wp-content\/uploads\/2025\/12\/Werner-Weimar-Mazur-160x106.jpg 160w, http:\/\/www.editiondaslabor.de\/blog\/wp-content\/uploads\/2025\/12\/Werner-Weimar-Mazur.jpg 450w\" sizes=\"auto, (max-width: 300px) 100vw, 300px\" \/><p id=\"caption-attachment-99025\" class=\"wp-caption-text\">Werner Weimar-Mazur, der Autor hat die Rechte an diesem Photo<\/p><\/div>\n<p><strong>Weiterf\u00fchrend<\/strong> \u2192<\/p>\n<p style=\"text-align: justify;\">Eine W\u00fcrdigung von <em>hautsterben<\/em> durch Ulrich Bergmann finden Sie <a href=\"http:\/\/www.editiondaslabor.de\/blog\/2012\/09\/06\/verse-in-sommerkleidern\/\">hier<\/a>. Poesie z\u00e4hlt f\u00fcr KUNO weiterhin zu den identit\u00e4ts- und identifikationstiftenden Elementen einer Kultur, dies bezeugte auch der Versuch einer <a href=\"http:\/\/www.editiondaslabor.de\/blog\/?p=25630\">poetologischen Positionsbestimmung<\/a>. Auf KUNO lesen Sie u.a. einen Rezensionsessay von Holger Benkel \u00fcber <a href=\"http:\/\/www.editiondaslabor.de\/blog\/2017\/03\/19\/welten-gegenwelten\/\">Werner Weimar-Mazur<\/a>. Wir begreifen den Essay auf KUNO als eine <a href=\"http:\/\/www.editiondaslabor.de\/blog\/2013\/12\/10\/zur-gattung-essay\/\">Versuchsanordnung<\/a>, undogmatisch, subjektiv, experimentell, ergebnisoffen.<\/p>\n","protected":false},"excerpt":{"rendered":"<p>Wir sind begeistert von Quebec, aber Edward will es nicht malen, also fahren wir morgen weiter. (Josephine \u201eJo\u201c Verstille Hopper, geb. Nivison, in einem Brief vom 24. Juni 1933) &nbsp; abend der partisanen die nachbarn schlafen mit faltern lautlos st\u00f6\u00dft&hellip;<\/p>\n<p class=\"more-link-p\"><a class=\"more-link\" href=\"http:\/\/www.editiondaslabor.de\/blog\/1993\/06\/24\/abend-der-partisanen-kebec\/\">Read more &rarr;<\/a><\/p>\n","protected":false},"author":198,"featured_media":99025,"comment_status":"closed","ping_status":"closed","sticky":false,"template":"","format":"standard","meta":{"footnotes":""},"categories":[1],"tags":[1953],"class_list":["post-70913","post","type-post","status-publish","format-standard","has-post-thumbnail","hentry","category-literatur","tag-werner-weimar-mazur"],"_links":{"self":[{"href":"http:\/\/www.editiondaslabor.de\/blog\/wp-json\/wp\/v2\/posts\/70913","targetHints":{"allow":["GET"]}}],"collection":[{"href":"http:\/\/www.editiondaslabor.de\/blog\/wp-json\/wp\/v2\/posts"}],"about":[{"href":"http:\/\/www.editiondaslabor.de\/blog\/wp-json\/wp\/v2\/types\/post"}],"author":[{"embeddable":true,"href":"http:\/\/www.editiondaslabor.de\/blog\/wp-json\/wp\/v2\/users\/198"}],"replies":[{"embeddable":true,"href":"http:\/\/www.editiondaslabor.de\/blog\/wp-json\/wp\/v2\/comments?post=70913"}],"version-history":[{"count":2,"href":"http:\/\/www.editiondaslabor.de\/blog\/wp-json\/wp\/v2\/posts\/70913\/revisions"}],"predecessor-version":[{"id":99029,"href":"http:\/\/www.editiondaslabor.de\/blog\/wp-json\/wp\/v2\/posts\/70913\/revisions\/99029"}],"wp:featuredmedia":[{"embeddable":true,"href":"http:\/\/www.editiondaslabor.de\/blog\/wp-json\/wp\/v2\/media\/99025"}],"wp:attachment":[{"href":"http:\/\/www.editiondaslabor.de\/blog\/wp-json\/wp\/v2\/media?parent=70913"}],"wp:term":[{"taxonomy":"category","embeddable":true,"href":"http:\/\/www.editiondaslabor.de\/blog\/wp-json\/wp\/v2\/categories?post=70913"},{"taxonomy":"post_tag","embeddable":true,"href":"http:\/\/www.editiondaslabor.de\/blog\/wp-json\/wp\/v2\/tags?post=70913"}],"curies":[{"name":"wp","href":"https:\/\/api.w.org\/{rel}","templated":true}]}}