{"id":69324,"date":"1998-08-16T00:01:00","date_gmt":"1998-08-15T22:01:00","guid":{"rendered":"http:\/\/www.editiondaslabor.de\/blog\/?p=69324"},"modified":"2024-07-17T13:58:47","modified_gmt":"2024-07-17T11:58:47","slug":"poesiealbum","status":"publish","type":"post","link":"http:\/\/www.editiondaslabor.de\/blog\/1998\/08\/16\/poesiealbum\/","title":{"rendered":"Poesiealbum"},"content":{"rendered":"\r\n<p>&nbsp;<\/p>\r\n<p style=\"text-align: justify;\">Vor zehn Jahren erschien in der Reihe <em>Poesiealbum<\/em> ein Band mit Lyrik von Birgitt Lieberwirth. Wir lesen darin Schreiben als Elixier. Den Versuch Sprachverschl\u00fcsse zu l\u00f6sen. Empfindungen zu registrieren. Ersch\u00fctterungen aufarbeiten. Ein sich finden im Wort. Schreiben`aber auch: \u00f6ffentlich werden, sich \u00f6ffentlich riskieren, sein Erlebnisvolumen offenlegen. Und dabei keine Wahl haben, nicht abwarten k\u00f6nnen, bis die G\u00e4rungen sich organisieren. Da brechen die Ideen pur hervor. Manische Hochs neben \u201esplitternden Schreien&#8220;:<\/p>\r\n\r\n\r\n\r\n<p class=\"has-text-align-center\" style=\"text-align: justify;\">Mein Wort stellt mich blo\u00df<\/p>\r\n\r\n\r\n\r\n<p class=\"has-text-align-center\" style=\"text-align: justify;\">ich friere<\/p>\r\n\r\n\r\n\r\n<p class=\"has-text-align-center\" style=\"text-align: justify;\">Und mir wird hei\u00df.<\/p>\r\n\r\n\r\n\r\n<p style=\"text-align: justify;\">Wie rasch hat man sich da verstrickt in den Paradoxen des Lebens. Und dann der Ruf nach Liebe in eindringlichen Klopf und Lebenszeichen:<\/p>\r\n\r\n\r\n\r\n<p class=\"has-text-align-center\">Ich lebe,<\/p>\r\n\r\n\r\n\r\n<p class=\"has-text-align-center\">H\u00f6rst du:<\/p>\r\n\r\n\r\n\r\n<p class=\"has-text-align-center\">Ich lebe!<\/p>\r\n\r\n\r\n\r\n<p>&nbsp;<\/p>\r\n\r\n\r\n\r\n<p class=\"has-large-font-size\">\u00a0<\/p>\r\n\r\n\r\n\r\n<p class=\"has-text-align-center\" style=\"text-align: center;\">***<\/p>\r\n\r\n\r\n\r\n<p style=\"text-align: justify;\">Vor zehn Jahren erschien: <strong>Poesiealbum<\/strong>. Die modernen Lyrikhefte 255. Von Birgitt Lieberwirth. Berlin, Verlag Neues Leben, 1988<\/p>\r\n\r\n\r\n\r\n<div class=\"wp-block-image\" style=\"text-align: justify;\">\r\n<figure class=\"alignleft size-large is-resized\"><img loading=\"lazy\" decoding=\"async\" class=\"wp-image-69325\" src=\"http:\/\/www.editiondaslabor.de\/blog\/wp-content\/uploads\/2020\/08\/Poesiealbum.jpg\" alt=\"\" width=\"210\" height=\"362\" srcset=\"http:\/\/www.editiondaslabor.de\/blog\/wp-content\/uploads\/2020\/08\/Poesiealbum.jpg 419w, http:\/\/www.editiondaslabor.de\/blog\/wp-content\/uploads\/2020\/08\/Poesiealbum-174x300.jpg 174w, http:\/\/www.editiondaslabor.de\/blog\/wp-content\/uploads\/2020\/08\/Poesiealbum-260x449.jpg 260w, http:\/\/www.editiondaslabor.de\/blog\/wp-content\/uploads\/2020\/08\/Poesiealbum-160x276.jpg 160w\" sizes=\"auto, (max-width: 210px) 100vw, 210px\" \/><\/figure>\r\n<\/div>\r\n\r\n\r\n\r\n<p style=\"text-align: justify;\"><strong>Weiterf\u00fchrend \u2192<\/strong><\/p>\r\n\r\n\r\n\r\n<p style=\"text-align: justify;\">Einen Hinweis auf die in der Edition Das Labor erschienen Rezensionsessays von Holger Benkel finden Sie <a href=\"http:\/\/www.editiondaslabor.de\/blog\/?p=21478\">hier<\/a>. Auf KUNO lesen Sie u.a. Rezensionsessays von Holger Benkel \u00fcber <a href=\"http:\/\/www.editiondaslabor.de\/blog\/?p=15177\">Birgitt Lieberwirth<\/a>. &#8211; Poesie ist das identit\u00e4tsstiftende Element der Kultur, KUNOs <a href=\"http:\/\/www.editiondaslabor.de\/blog\/?p=25630\">poetologische Positionsbestimmung<\/a>.<\/p>\r\n","protected":false},"excerpt":{"rendered":"<p>&nbsp; Vor zehn Jahren erschien in der Reihe Poesiealbum ein Band mit Lyrik von Birgitt Lieberwirth. Wir lesen darin Schreiben als Elixier. Den Versuch Sprachverschl\u00fcsse zu l\u00f6sen. Empfindungen zu registrieren. Ersch\u00fctterungen aufarbeiten. Ein sich finden im Wort. Schreiben`aber auch: \u00f6ffentlich&hellip;<\/p>\n<p class=\"more-link-p\"><a class=\"more-link\" href=\"http:\/\/www.editiondaslabor.de\/blog\/1998\/08\/16\/poesiealbum\/\">Read more &rarr;<\/a><\/p>\n","protected":false},"author":2,"featured_media":98207,"comment_status":"closed","ping_status":"closed","sticky":false,"template":"","format":"standard","meta":{"footnotes":""},"categories":[1],"tags":[1224],"class_list":["post-69324","post","type-post","status-publish","format-standard","has-post-thumbnail","hentry","category-literatur","tag-birgitt-lieberwirth"],"_links":{"self":[{"href":"http:\/\/www.editiondaslabor.de\/blog\/wp-json\/wp\/v2\/posts\/69324","targetHints":{"allow":["GET"]}}],"collection":[{"href":"http:\/\/www.editiondaslabor.de\/blog\/wp-json\/wp\/v2\/posts"}],"about":[{"href":"http:\/\/www.editiondaslabor.de\/blog\/wp-json\/wp\/v2\/types\/post"}],"author":[{"embeddable":true,"href":"http:\/\/www.editiondaslabor.de\/blog\/wp-json\/wp\/v2\/users\/2"}],"replies":[{"embeddable":true,"href":"http:\/\/www.editiondaslabor.de\/blog\/wp-json\/wp\/v2\/comments?post=69324"}],"version-history":[{"count":2,"href":"http:\/\/www.editiondaslabor.de\/blog\/wp-json\/wp\/v2\/posts\/69324\/revisions"}],"predecessor-version":[{"id":105725,"href":"http:\/\/www.editiondaslabor.de\/blog\/wp-json\/wp\/v2\/posts\/69324\/revisions\/105725"}],"wp:featuredmedia":[{"embeddable":true,"href":"http:\/\/www.editiondaslabor.de\/blog\/wp-json\/wp\/v2\/media\/98207"}],"wp:attachment":[{"href":"http:\/\/www.editiondaslabor.de\/blog\/wp-json\/wp\/v2\/media?parent=69324"}],"wp:term":[{"taxonomy":"category","embeddable":true,"href":"http:\/\/www.editiondaslabor.de\/blog\/wp-json\/wp\/v2\/categories?post=69324"},{"taxonomy":"post_tag","embeddable":true,"href":"http:\/\/www.editiondaslabor.de\/blog\/wp-json\/wp\/v2\/tags?post=69324"}],"curies":[{"name":"wp","href":"https:\/\/api.w.org\/{rel}","templated":true}]}}