{"id":69308,"date":"2024-08-16T00:01:00","date_gmt":"2024-08-15T22:01:00","guid":{"rendered":"http:\/\/www.editiondaslabor.de\/blog\/?p=69308"},"modified":"2022-02-22T18:29:14","modified_gmt":"2022-02-22T17:29:14","slug":"der-herausforderer","status":"publish","type":"post","link":"http:\/\/www.editiondaslabor.de\/blog\/2024\/08\/16\/der-herausforderer\/","title":{"rendered":"DER HERAUSFORDERER"},"content":{"rendered":"\r\n<p>&nbsp;<\/p>\r\n<p>Jahrelang standen wir uns am Tresen gegen\u00fcber,<br \/>und mal ging die Runde an dich,<br \/>mal habe ich einen Sieg errungen.<br \/>Wir fighteten hart um jeden Zentimeter,<br \/>in den Kaschemmen, drau\u00dfen im Park<br \/>oder oben in meiner Wohnung.<br \/>Du bist immer jung geblieben, in bester Kondition,<br \/>absolut durchtrainiert, und die Liste deiner Gegner<br \/>liest sich wie das &#8222;Who is Who&#8220; der High-Society.<br \/>Meine schlampige Art, mich vorzubereiten,<br \/>brachte dir einige Punktsiege ein,<br \/>bei denen du nur ein paar Frauen, ein paar Jobs<br \/>und etliche Jahre genommen hast.<br \/>K\u00fcrzlich wollte ich dir den Titel hier in Dortmund<br \/>streitig machen und ging mit abgeschlafftem Geist<br \/>und zu hohen Leberwerten auf dich los.<br \/>F\u00fcr einen Moment sah es so aus,<br \/>als w\u00e4re ich wieder ganz der Alte,<br \/>und ich schaffte es sogar,<br \/>dich in der vierten Runde anzuknocken,<br \/>doch wie das so ist beim Saufen,<br \/>du kamst wieder hoch,<br \/>spieltest deine ewige Jugend gegen mich aus<br \/>und gabst noch einmal alles:<br \/>Bier, Wein und Jim Beam,<br \/>und wie ich schlie\u00dflich K.O. auf die Bretter knallte,<br \/>hatte ich nicht nur den Kampf,<br \/>sondern Frau, Kind und Wohnung verloren.<br \/>Den Job hast du mir gn\u00e4digerweise gelassen.<br \/>F\u00fcr eine Revanche<br \/>kein schlechter Ausgangspunkt.<\/p>\r\n\r\n\r\n\r\n<p class=\"has-large-font-size\">\u00a0<\/p>\r\n<p>&nbsp;<\/p>\r\n\r\n\r\n\r\n<p class=\"has-text-align-center\" style=\"text-align: center;\">***<\/p>\r\n\r\n\r\n\r\n<p><strong>Bewegungen im Untergrund<\/strong>, Dunkle Gedichte im Ariel-Verlag, 1996<\/p>\r\n\r\n\r\n\r\n<div class=\"wp-block-image\">\r\n<figure class=\"alignleft size-large\"><img loading=\"lazy\" decoding=\"async\" width=\"92\" height=\"132\" class=\"wp-image-69126 alignleft\" src=\"http:\/\/www.editiondaslabor.de\/blog\/wp-content\/uploads\/1996\/08\/bewg01.jpg\" alt=\"\" \/>\r\n<p style=\"text-align: justify;\"><strong>Weiterf\u00fchrend \u2192 <\/strong><\/p>\r\n<p style=\"text-align: justify;\">Zu den Gr\u00fcndungsmythen der alten BRD geh\u00f6rt die <a href=\"http:\/\/www.editiondaslabor.de\/blog\/2001\/04\/01\/nonkonformistische-literatur\/\">Nonkonformistische Literatur<\/a>, lesen Sie dazu auch ein Portr\u00e4t von <a href=\"http:\/\/www.editiondaslabor.de\/blog\/2000\/04\/04\/vauo\/\">V.O. Stomps<\/a>, dem Klassiker des Andersseins. Kaum jemand hat die L\u00fcckenhaftigkeit des <em>Underground<\/em> so konzequent <a href=\"http:\/\/www.editiondaslabor.de\/blog\/2008\/09\/24\/underground\/\">erz\u00e4hlt<\/a> wie N\u00ed Gudix und ihre <a href=\"http:\/\/www.editiondaslabor.de\/blog\/2008\/08\/23\/kritik-an-der-literarischen-alternative\/\">Kritik an der literarischen Alternative<\/a> ist berechtigt. Ein Portr\u00e4t von N\u00ed Gudix findet sich <a href=\"http:\/\/www.editiondaslabor.de\/blog\/2015\/08\/16\/da-lernst-du-die-menschen-kennen\/\">hier<\/a> (und als Leseprobe ihren <a href=\"http:\/\/www.editiondaslabor.de\/blog\/2006\/12\/30\/hausaffentango\/\">Hausaffentango<\/a>). Lesen Sie auch die <a href=\"http:\/\/www.editiondaslabor.de\/blog\/2005\/09\/24\/erinnerungen\/\">Erinnerungen an den Bottroper Literaturrocker<\/a> von Werner Streletz und den <a href=\"http:\/\/www.editiondaslabor.de\/blog\/2008\/09\/28\/rip-bruno\/\">Nachruf<\/a> von Bruno Runzheimer. Zum 100. Geburtstag von Charles Bukowski, eine <a href=\"http:\/\/www.editiondaslabor.de\/blog\/2020\/08\/16\/ledertasche-geborgt\/\">Doppelbesprechung<\/a> von Hartmuth Malornys Ruhrgebietsroman <em>Die schwarze Ledertasche<\/em>. 1989 erscheint Helge Schneiders allererste Schallplatte <a href=\"http:\/\/www.editiondaslabor.de\/blog\/?p=26990\"><em>Seine gr\u00f6\u00dften Erfolge<\/em><\/a>, produziert von Helge Schneider und <a href=\"http:\/\/www.editiondaslabor.de\/blog\/2012\/07\/20\/klangkloetzchen\/\">Tom T\u00e4ger<\/a> im Tonstudio\/Ruhr. Lesen Sie auch das <a href=\"http:\/\/www.editiondaslabor.de\/blog\/?p=26709\">Portr\u00e4t <\/a>der einzigartigen Proletendiva aus dem Ruhrgebeat auf KUNO. In einem Kollegengespr\u00e4ch mit Barbara Ester dekonstruiert A.J. Weigoni die <em><a href=\"http:\/\/www.editiondaslabor.de\/blog\/1997\/10\/09\/ruhrgebietsromantik\/\">Ruhrgebietsromantik<\/a><\/em>. Mit<a href=\"http:\/\/www.editiondaslabor.de\/blog\/?p=6071\"> Kersten Flenter<\/a> und <a href=\"http:\/\/www.editiondaslabor.de\/blog\/2001\/06\/23\/killroy-review\/\">Michael Sch\u00f6nauer<\/a> geh\u00f6rte <a href=\"http:\/\/www.editiondaslabor.de\/blog\/2015\/08\/24\/polyphone-ich-erzaehlungen\/\">Tom de Toys<\/a> zum\u00a0Dreigestirn des deutschen <a href=\"http:\/\/www.editiondaslabor.de\/blog\/1997\/01\/05\/bewegung\/\">Poetry Slam<\/a>. Einen Nachruf von Theo Breuer auf den Urvater des Social-Beat finden Sie <a href=\"http:\/\/www.editiondaslabor.de\/blog\/2012\/03\/07\/hubsch-revisited\/\">hier<\/a> \u2013 Sowie selbstverst\u00e4ndlich his <a href=\"http:\/\/www.editiondaslabor.de\/blog\/1995\/06\/25\/wie-was-social-beat-ist-und-warum-und-warum-nicht\/\">Masters voice<\/a>. Und Dr. Stahls kaltgenaue <a href=\"http:\/\/www.editiondaslabor.de\/blog\/2002\/06\/26\/social-beat-vs-digitales-dasein\/\">Analyse<\/a>. \u2013 Constanze Schmidt beschreibt den Weg von <a href=\"http:\/\/www.editiondaslabor.de\/blog\/?p=26080\">Proust zu Pulp<\/a>. Ebenso eindr\u00fccklich empfohlen sei Heiner Links <a href=\"http:\/\/www.editiondaslabor.de\/blog\/?p=42272\">Vorwort<\/a> zum Band Trash-Piloten. Inzwischen hat sich Trash andere Kunstformen erobert, dazu die <a href=\"http:\/\/www.editiondaslabor.de\/blog\/2014\/11\/01\/trash-eine-einfuehrung\/\">Aufmerksamkeit<\/a> einer geneigten Kulturkritik. In der Reihe <em>Gossenhefte<\/em> zeigt sich, was passiert, wenn sich literarischer Bodensatz und die Reflexionsm\u00f6glichkeiten von popul\u00e4rkulturellen Tugenden nahe genug kommen, der Essay <a href=\"http:\/\/www.editiondaslabor.de\/blog\/?p=35655\"><em>Perlen des Trash<\/em><\/a> stellt diese Reihe ausf\u00fchrlich vor. Die KUNO-Redaktion bat A.J. Weigoni um einen Text mit Bezug auf die Mainzer Minpressenmesse (MMPM) und er kramte eine <a href=\"http:\/\/www.editiondaslabor.de\/blog\/1993\/05\/31\/treff-der-titanen\/\">Realsatire<\/a> aus dem Jahr 1993 heraus, die er f\u00fcr den Mainzer Verleger Jens Neumann geschrieben hat. J\u00fcrgen Kipp \u00fcber die <a href=\"http:\/\/www.editiondaslabor.de\/blog\/2013\/06\/01\/geschichte-und-aufgaben-des-mainzer-minipressen-archives-mmpa\/\">Aufgaben des Mainzer Minipressen-Archives<\/a>. Ein w\u00fcrdiger Abschlu\u00df gelingt Boris Kerenski mit <a href=\"http:\/\/www.editiondaslabor.de\/blog\/2021\/03\/30\/wer-war-ist-noch-social-beat\/\">Stimmen aus dem popliterarischen Untergrund<\/a><strong>.<\/strong><\/p>\r\n<\/figure>\r\n<\/div>\r\n\r\n\r\n","protected":false},"excerpt":{"rendered":"<p>&nbsp; Jahrelang standen wir uns am Tresen gegen\u00fcber,und mal ging die Runde an dich,mal habe ich einen Sieg errungen.Wir fighteten hart um jeden Zentimeter,in den Kaschemmen, drau\u00dfen im Parkoder oben in meiner Wohnung.Du bist immer jung geblieben, in bester Kondition,absolut&hellip;<\/p>\n<p class=\"more-link-p\"><a class=\"more-link\" href=\"http:\/\/www.editiondaslabor.de\/blog\/2024\/08\/16\/der-herausforderer\/\">Read more &rarr;<\/a><\/p>\n","protected":false},"author":208,"featured_media":99359,"comment_status":"closed","ping_status":"closed","sticky":false,"template":"","format":"standard","meta":{"footnotes":""},"categories":[1],"tags":[2635],"class_list":["post-69308","post","type-post","status-publish","format-standard","has-post-thumbnail","hentry","category-literatur","tag-hartmuth-malorny"],"_links":{"self":[{"href":"http:\/\/www.editiondaslabor.de\/blog\/wp-json\/wp\/v2\/posts\/69308","targetHints":{"allow":["GET"]}}],"collection":[{"href":"http:\/\/www.editiondaslabor.de\/blog\/wp-json\/wp\/v2\/posts"}],"about":[{"href":"http:\/\/www.editiondaslabor.de\/blog\/wp-json\/wp\/v2\/types\/post"}],"author":[{"embeddable":true,"href":"http:\/\/www.editiondaslabor.de\/blog\/wp-json\/wp\/v2\/users\/208"}],"replies":[{"embeddable":true,"href":"http:\/\/www.editiondaslabor.de\/blog\/wp-json\/wp\/v2\/comments?post=69308"}],"version-history":[{"count":2,"href":"http:\/\/www.editiondaslabor.de\/blog\/wp-json\/wp\/v2\/posts\/69308\/revisions"}],"predecessor-version":[{"id":99524,"href":"http:\/\/www.editiondaslabor.de\/blog\/wp-json\/wp\/v2\/posts\/69308\/revisions\/99524"}],"wp:featuredmedia":[{"embeddable":true,"href":"http:\/\/www.editiondaslabor.de\/blog\/wp-json\/wp\/v2\/media\/99359"}],"wp:attachment":[{"href":"http:\/\/www.editiondaslabor.de\/blog\/wp-json\/wp\/v2\/media?parent=69308"}],"wp:term":[{"taxonomy":"category","embeddable":true,"href":"http:\/\/www.editiondaslabor.de\/blog\/wp-json\/wp\/v2\/categories?post=69308"},{"taxonomy":"post_tag","embeddable":true,"href":"http:\/\/www.editiondaslabor.de\/blog\/wp-json\/wp\/v2\/tags?post=69308"}],"curies":[{"name":"wp","href":"https:\/\/api.w.org\/{rel}","templated":true}]}}