{"id":69305,"date":"2006-05-10T00:01:18","date_gmt":"2006-05-09T22:01:18","guid":{"rendered":"http:\/\/www.editiondaslabor.de\/blog\/?p=69305"},"modified":"2022-03-02T16:46:10","modified_gmt":"2022-03-02T15:46:10","slug":"zeitreise","status":"publish","type":"post","link":"http:\/\/www.editiondaslabor.de\/blog\/2006\/05\/10\/zeitreise\/","title":{"rendered":"Zeitreise"},"content":{"rendered":"\r\n<p>&nbsp;<\/p>\r\n<p style=\"text-align: justify;\">Zu einer Zeit, als noch die mechanische Schreibmaschine bedient werden musste, dachte niemand daran, dass wir heute digitale Bilder, Texte und T\u00f6ne wie selbstverst\u00e4ndlich vernetzen und daraus neue Kunst erschaffen. Fr\u00fcher spezialisierte man sich \u2013 ob malen, t\u00f6pfern, klampfen, tr\u00e4llern oder schreiben, heute reicht ein Computer, um alles zu k\u00f6nnen.<\/p>\r\n\r\n\r\n\r\n<p class=\"has-large-font-size\" style=\"text-align: justify;\">\u00a0<\/p>\r\n<p>&nbsp;<\/p>\r\n\r\n\r\n\r\n<p class=\"has-text-align-center\" style=\"text-align: center;\">***<\/p>\r\n\r\n\r\n\r\n<p style=\"text-align: justify;\"><a href=\"http:\/\/www.editiondaslabor.de\/blog\/wp-content\/uploads\/2020\/06\/Hartmuth_Malorny.jpg\"><img loading=\"lazy\" decoding=\"async\" class=\"alignleft wp-image-66468 size-medium\" src=\"http:\/\/www.editiondaslabor.de\/blog\/wp-content\/uploads\/2020\/06\/Hartmuth_Malorny-200x300.jpg\" alt=\"\" width=\"200\" height=\"300\" srcset=\"http:\/\/www.editiondaslabor.de\/blog\/wp-content\/uploads\/2020\/06\/Hartmuth_Malorny-200x300.jpg 200w, http:\/\/www.editiondaslabor.de\/blog\/wp-content\/uploads\/2020\/06\/Hartmuth_Malorny-260x389.jpg 260w, http:\/\/www.editiondaslabor.de\/blog\/wp-content\/uploads\/2020\/06\/Hartmuth_Malorny-160x240.jpg 160w, http:\/\/www.editiondaslabor.de\/blog\/wp-content\/uploads\/2020\/06\/Hartmuth_Malorny.jpg 320w\" sizes=\"auto, (max-width: 200px) 100vw, 200px\" \/><\/a><strong>Weiterf\u00fchrend\u00a0\u2192 <\/strong>ein Essay \u00fcber die neue Literaturgattung <a href=\"http:\/\/www.editiondaslabor.de\/blog\/?p=22423\"><em>Twitteratur.<\/em><\/a><\/p>\r\n<p style=\"text-align: justify;\">Zum 100. Geburtstag des <em>dirty ol&#8216; man<\/em> pr\u00e4sentierte KUNO den <a href=\"http:\/\/www.editiondaslabor.de\/blog\/?p=66463\">Ruhrgebietsbukowski<\/a>.<\/p>\r\n<p>&nbsp;<\/p>\r\n","protected":false},"excerpt":{"rendered":"<p>&nbsp; Zu einer Zeit, als noch die mechanische Schreibmaschine bedient werden musste, dachte niemand daran, dass wir heute digitale Bilder, Texte und T\u00f6ne wie selbstverst\u00e4ndlich vernetzen und daraus neue Kunst erschaffen. Fr\u00fcher spezialisierte man sich \u2013 ob malen, t\u00f6pfern, klampfen,&hellip;<\/p>\n<p class=\"more-link-p\"><a class=\"more-link\" href=\"http:\/\/www.editiondaslabor.de\/blog\/2006\/05\/10\/zeitreise\/\">Read more &rarr;<\/a><\/p>\n","protected":false},"author":208,"featured_media":99359,"comment_status":"closed","ping_status":"closed","sticky":false,"template":"","format":"standard","meta":{"footnotes":""},"categories":[1],"tags":[2635],"class_list":["post-69305","post","type-post","status-publish","format-standard","has-post-thumbnail","hentry","category-literatur","tag-hartmuth-malorny"],"_links":{"self":[{"href":"http:\/\/www.editiondaslabor.de\/blog\/wp-json\/wp\/v2\/posts\/69305","targetHints":{"allow":["GET"]}}],"collection":[{"href":"http:\/\/www.editiondaslabor.de\/blog\/wp-json\/wp\/v2\/posts"}],"about":[{"href":"http:\/\/www.editiondaslabor.de\/blog\/wp-json\/wp\/v2\/types\/post"}],"author":[{"embeddable":true,"href":"http:\/\/www.editiondaslabor.de\/blog\/wp-json\/wp\/v2\/users\/208"}],"replies":[{"embeddable":true,"href":"http:\/\/www.editiondaslabor.de\/blog\/wp-json\/wp\/v2\/comments?post=69305"}],"version-history":[{"count":1,"href":"http:\/\/www.editiondaslabor.de\/blog\/wp-json\/wp\/v2\/posts\/69305\/revisions"}],"predecessor-version":[{"id":101437,"href":"http:\/\/www.editiondaslabor.de\/blog\/wp-json\/wp\/v2\/posts\/69305\/revisions\/101437"}],"wp:featuredmedia":[{"embeddable":true,"href":"http:\/\/www.editiondaslabor.de\/blog\/wp-json\/wp\/v2\/media\/99359"}],"wp:attachment":[{"href":"http:\/\/www.editiondaslabor.de\/blog\/wp-json\/wp\/v2\/media?parent=69305"}],"wp:term":[{"taxonomy":"category","embeddable":true,"href":"http:\/\/www.editiondaslabor.de\/blog\/wp-json\/wp\/v2\/categories?post=69305"},{"taxonomy":"post_tag","embeddable":true,"href":"http:\/\/www.editiondaslabor.de\/blog\/wp-json\/wp\/v2\/tags?post=69305"}],"curies":[{"name":"wp","href":"https:\/\/api.w.org\/{rel}","templated":true}]}}