{"id":69123,"date":"1996-08-10T00:01:00","date_gmt":"1996-08-09T22:01:00","guid":{"rendered":"http:\/\/www.editiondaslabor.de\/blog\/?p=69123"},"modified":"2022-03-02T16:48:25","modified_gmt":"2022-03-02T15:48:25","slug":"du-schlaefst","status":"publish","type":"post","link":"http:\/\/www.editiondaslabor.de\/blog\/1996\/08\/10\/du-schlaefst\/","title":{"rendered":"Du schl\u00e4fst"},"content":{"rendered":"\r\n<p>&nbsp;<\/p>\r\n<p>ich sitze lieber wach.<\/p>\r\n\r\n\r\n\r\n<p>Ich bin mehr betrunken,<\/p>\r\n\r\n\r\n\r\n<p>du mehr n\u00fcchtern.<\/p>\r\n\r\n\r\n\r\n<p>Du machst dir Gedanken \u00fcber dieses,<\/p>\r\n\r\n\r\n\r\n<p>ich \u00fcber jenes.<\/p>\r\n\r\n\r\n\r\n<p>Ich denke an heute,<\/p>\r\n\r\n\r\n\r\n<p>du an morgen.<\/p>\r\n\r\n\r\n\r\n<p>Du hast eine Katze,<\/p>\r\n\r\n\r\n\r\n<p>ich einen Kater.<\/p>\r\n\r\n\r\n\r\n<p>Ich mag Frauen,<\/p>\r\n\r\n\r\n\r\n<p>du magst M\u00e4nner.<\/p>\r\n\r\n\r\n\r\n<p>Ich liebe dich,<\/p>\r\n\r\n\r\n\r\n<p>du liebst mich.<\/p>\r\n\r\n\r\n\r\n<p>Was wollen wir mehr?<\/p>\r\n<p>&nbsp;<\/p>\r\n\r\n\r\n\r\n<p class=\"has-large-font-size\">\u00a0<\/p>\r\n\r\n\r\n\r\n<p class=\"has-text-align-center\" style=\"text-align: center;\">***<\/p>\r\n\r\n\r\n\r\n<p style=\"text-align: justify;\"><strong>Bewegungen im Untergrund<\/strong>, Dunkle Gedichte im Ariel-Verlag, 1996<\/p>\r\n\r\n\r\n\r\n<div class=\"wp-block-image\">\r\n<figure class=\"alignleft size-large\"><img loading=\"lazy\" decoding=\"async\" width=\"92\" height=\"132\" class=\"wp-image-69126 alignleft\" src=\"http:\/\/www.editiondaslabor.de\/blog\/wp-content\/uploads\/1996\/08\/bewg01.jpg\" alt=\"\" \/>\r\n<p style=\"text-align: justify;\"><strong>Weiterf\u00fchrend \u2192 <\/strong><\/p>\r\n<p style=\"text-align: justify;\">Zu den Gr\u00fcndungsmythen der alten BRD geh\u00f6rt die <a href=\"http:\/\/www.editiondaslabor.de\/blog\/2001\/04\/01\/nonkonformistische-literatur\/\">Nonkonformistische Literatur<\/a>, lesen Sie dazu auch ein Portr\u00e4t von <a href=\"http:\/\/www.editiondaslabor.de\/blog\/2000\/04\/04\/vauo\/\">V.O. Stomps<\/a>, dem Klassiker des Andersseins. Kaum jemand hat die L\u00fcckenhaftigkeit des <em>Underground<\/em> so konzequent <a href=\"http:\/\/www.editiondaslabor.de\/blog\/2008\/09\/24\/underground\/\">erz\u00e4hlt<\/a> wie N\u00ed Gudix und ihre <a href=\"http:\/\/www.editiondaslabor.de\/blog\/2008\/08\/23\/kritik-an-der-literarischen-alternative\/\">Kritik an der literarischen Alternative<\/a> ist berechtigt. Ein Portr\u00e4t von N\u00ed Gudix findet sich <a href=\"http:\/\/www.editiondaslabor.de\/blog\/2015\/08\/16\/da-lernst-du-die-menschen-kennen\/\">hier<\/a> (und als Leseprobe ihren <a href=\"http:\/\/www.editiondaslabor.de\/blog\/2006\/12\/30\/hausaffentango\/\">Hausaffentango<\/a>). Lesen Sie auch die <a href=\"http:\/\/www.editiondaslabor.de\/blog\/2005\/09\/24\/erinnerungen\/\">Erinnerungen an den Bottroper Literaturrocker<\/a> von Werner Streletz und den <a href=\"http:\/\/www.editiondaslabor.de\/blog\/2008\/09\/28\/rip-bruno\/\">Nachruf<\/a> von Bruno Runzheimer. Zum 100. Geburtstag von Charles Bukowski, eine <a href=\"http:\/\/www.editiondaslabor.de\/blog\/2020\/08\/16\/ledertasche-geborgt\/\">Doppelbesprechung<\/a> von Hartmuth Malornys Ruhrgebietsroman <em>Die schwarze Ledertasche<\/em>. 1989 erscheint Helge Schneiders allererste Schallplatte <a href=\"http:\/\/www.editiondaslabor.de\/blog\/?p=26990\"><em>Seine gr\u00f6\u00dften Erfolge<\/em><\/a>, produziert von Helge Schneider und <a href=\"http:\/\/www.editiondaslabor.de\/blog\/2012\/07\/20\/klangkloetzchen\/\">Tom T\u00e4ger<\/a> im Tonstudio\/Ruhr. Lesen Sie auch das <a href=\"http:\/\/www.editiondaslabor.de\/blog\/?p=26709\">Portr\u00e4t <\/a>der einzigartigen Proletendiva aus dem Ruhrgebeat auf KUNO. In einem Kollegengespr\u00e4ch mit Barbara Ester dekonstruiert A.J. Weigoni die <em><a href=\"http:\/\/www.editiondaslabor.de\/blog\/1997\/10\/09\/ruhrgebietsromantik\/\">Ruhrgebietsromantik<\/a><\/em>. Mit<a href=\"http:\/\/www.editiondaslabor.de\/blog\/?p=6071\"> Kersten Flenter<\/a> und <a href=\"http:\/\/www.editiondaslabor.de\/blog\/2001\/06\/23\/killroy-review\/\">Michael Sch\u00f6nauer<\/a> geh\u00f6rte <a href=\"http:\/\/www.editiondaslabor.de\/blog\/2015\/08\/24\/polyphone-ich-erzaehlungen\/\">Tom de Toys<\/a> zum\u00a0Dreigestirn des deutschen <a href=\"http:\/\/www.editiondaslabor.de\/blog\/1997\/01\/05\/bewegung\/\">Poetry Slam<\/a>. Einen Nachruf von Theo Breuer auf den Urvater des Social-Beat finden Sie <a href=\"http:\/\/www.editiondaslabor.de\/blog\/2012\/03\/07\/hubsch-revisited\/\">hier<\/a> \u2013 Sowie selbstverst\u00e4ndlich his <a href=\"http:\/\/www.editiondaslabor.de\/blog\/1995\/06\/25\/wie-was-social-beat-ist-und-warum-und-warum-nicht\/\">Masters voice<\/a>. Und Dr. Stahls kaltgenaue <a href=\"http:\/\/www.editiondaslabor.de\/blog\/2002\/06\/26\/social-beat-vs-digitales-dasein\/\">Analyse<\/a>. \u2013 Constanze Schmidt beschreibt den Weg von <a href=\"http:\/\/www.editiondaslabor.de\/blog\/?p=26080\">Proust zu Pulp<\/a>. Ebenso eindr\u00fccklich empfohlen sei Heiner Links <a href=\"http:\/\/www.editiondaslabor.de\/blog\/?p=42272\">Vorwort<\/a> zum Band Trash-Piloten. Inzwischen hat sich Trash andere Kunstformen erobert, dazu die <a href=\"http:\/\/www.editiondaslabor.de\/blog\/2014\/11\/01\/trash-eine-einfuehrung\/\">Aufmerksamkeit<\/a> einer geneigten Kulturkritik. In der Reihe <em>Gossenhefte<\/em> zeigt sich, was passiert, wenn sich literarischer Bodensatz und die Reflexionsm\u00f6glichkeiten von popul\u00e4rkulturellen Tugenden nahe genug kommen, der Essay <a href=\"http:\/\/www.editiondaslabor.de\/blog\/?p=35655\"><em>Perlen des Trash<\/em><\/a> stellt diese Reihe ausf\u00fchrlich vor. Die KUNO-Redaktion bat A.J. Weigoni um einen Text mit Bezug auf die Mainzer Minpressenmesse (MMPM) und er kramte eine <a href=\"http:\/\/www.editiondaslabor.de\/blog\/1993\/05\/31\/treff-der-titanen\/\">Realsatire<\/a> aus dem Jahr 1993 heraus, die er f\u00fcr den Mainzer Verleger Jens Neumann geschrieben hat. J\u00fcrgen Kipp \u00fcber die <a href=\"http:\/\/www.editiondaslabor.de\/blog\/2013\/06\/01\/geschichte-und-aufgaben-des-mainzer-minipressen-archives-mmpa\/\">Aufgaben des Mainzer Minipressen-Archives<\/a>. Ein w\u00fcrdiger Abschlu\u00df gelingt Boris Kerenski mit <a href=\"http:\/\/www.editiondaslabor.de\/blog\/2021\/03\/30\/wer-war-ist-noch-social-beat\/\">Stimmen aus dem popliterarischen Untergrund<\/a><strong>.<\/strong><\/p>\r\n<\/figure>\r\n<\/div>\r\n\r\n\r\n","protected":false},"excerpt":{"rendered":"<p>&nbsp; ich sitze lieber wach. Ich bin mehr betrunken, du mehr n\u00fcchtern. Du machst dir Gedanken \u00fcber dieses, ich \u00fcber jenes. Ich denke an heute, du an morgen. Du hast eine Katze, ich einen Kater. Ich mag Frauen, du magst&hellip;<\/p>\n<p class=\"more-link-p\"><a class=\"more-link\" href=\"http:\/\/www.editiondaslabor.de\/blog\/1996\/08\/10\/du-schlaefst\/\">Read more &rarr;<\/a><\/p>\n","protected":false},"author":208,"featured_media":98207,"comment_status":"closed","ping_status":"closed","sticky":false,"template":"","format":"standard","meta":{"footnotes":""},"categories":[1],"tags":[2635],"class_list":["post-69123","post","type-post","status-publish","format-standard","has-post-thumbnail","hentry","category-literatur","tag-hartmuth-malorny"],"_links":{"self":[{"href":"http:\/\/www.editiondaslabor.de\/blog\/wp-json\/wp\/v2\/posts\/69123","targetHints":{"allow":["GET"]}}],"collection":[{"href":"http:\/\/www.editiondaslabor.de\/blog\/wp-json\/wp\/v2\/posts"}],"about":[{"href":"http:\/\/www.editiondaslabor.de\/blog\/wp-json\/wp\/v2\/types\/post"}],"author":[{"embeddable":true,"href":"http:\/\/www.editiondaslabor.de\/blog\/wp-json\/wp\/v2\/users\/208"}],"replies":[{"embeddable":true,"href":"http:\/\/www.editiondaslabor.de\/blog\/wp-json\/wp\/v2\/comments?post=69123"}],"version-history":[{"count":1,"href":"http:\/\/www.editiondaslabor.de\/blog\/wp-json\/wp\/v2\/posts\/69123\/revisions"}],"predecessor-version":[{"id":101439,"href":"http:\/\/www.editiondaslabor.de\/blog\/wp-json\/wp\/v2\/posts\/69123\/revisions\/101439"}],"wp:featuredmedia":[{"embeddable":true,"href":"http:\/\/www.editiondaslabor.de\/blog\/wp-json\/wp\/v2\/media\/98207"}],"wp:attachment":[{"href":"http:\/\/www.editiondaslabor.de\/blog\/wp-json\/wp\/v2\/media?parent=69123"}],"wp:term":[{"taxonomy":"category","embeddable":true,"href":"http:\/\/www.editiondaslabor.de\/blog\/wp-json\/wp\/v2\/categories?post=69123"},{"taxonomy":"post_tag","embeddable":true,"href":"http:\/\/www.editiondaslabor.de\/blog\/wp-json\/wp\/v2\/tags?post=69123"}],"curies":[{"name":"wp","href":"https:\/\/api.w.org\/{rel}","templated":true}]}}