{"id":69078,"date":"2015-03-02T00:01:00","date_gmt":"2015-03-01T23:01:00","guid":{"rendered":"http:\/\/www.editiondaslabor.de\/blog\/?p=69078"},"modified":"2022-05-11T16:05:18","modified_gmt":"2022-05-11T14:05:18","slug":"hochalpin","status":"publish","type":"post","link":"http:\/\/www.editiondaslabor.de\/blog\/2015\/03\/02\/hochalpin\/","title":{"rendered":"HOCHALPIN"},"content":{"rendered":"\r\n<p>&nbsp;<\/p>\r\n<p>Die Unsch\u00e4rfe des Montblanc<\/p>\r\n\r\n\r\n\r\n<p>auf einer alten Fotografie<\/p>\r\n\r\n\r\n\r\n<p>spiegelt seine Unbestimmtheit<\/p>\r\n\r\n\r\n\r\n<p>als Gegenstand dieser Welt.<\/p>\r\n<p>&nbsp;<\/p>\r\n<p>Ruhig liegt der eingebildete Gigant im Schnee.<\/p>\r\n\r\n\r\n\r\n\r\n\r\n\r\n\r\n<p>Es ist noch Zeit vom Vortag \u00fcbrig,<\/p>\r\n\r\n\r\n\r\n<p>und an seinem Fu\u00dfe sammelt sich H\u00f6he<\/p>\r\n\r\n\r\n\r\n<p>wie Worte sich sammeln zum Vers.<\/p>\r\n<p>&nbsp;<\/p>\r\n<p>Kurz flammt am Morgen seine R\u00f6te auf,<\/p>\r\n\r\n\r\n\r\n\r\n\r\n\r\n\r\n<p>zittert sich als kalter Strahl \u00fcber die R\u00fccken<\/p>\r\n\r\n\r\n\r\n<p>and\u00e4chtig geduckter Nachbarn&#8230;<\/p>\r\n<p>&nbsp;<\/p>\r\n<p>\u00a1K steigt herab, und immer tiefer hinab,<\/p>\r\n\r\n\r\n\r\n\r\n\r\n\r\n\r\n<p>so \u00fcberraschend und dann gleich<\/p>\r\n\r\n\r\n\r\n<p>nicht mehr anders vorstellbar.<\/p>\r\n\r\n\r\n\r\n<p>&nbsp;<\/p>\r\n<p>&nbsp;<\/p>\r\n\r\n\r\n\r\n<p class=\"has-text-align-center\" style=\"text-align: center;\">***<\/p>\r\n\r\n\r\n\r\n<p style=\"text-align: justify;\"><strong>Verabredung mit meinem Publikum<\/strong>. Gedichte von Ralph Pordzik. W\u00fcrzburg\/Ingolstadt: Les Derniers Jours, 2012.<\/p>\r\n\r\n\r\n\r\n<div class=\"wp-block-image\" style=\"text-align: justify;\">\r\n<figure class=\"alignleft size-large\"><img loading=\"lazy\" decoding=\"async\" width=\"300\" height=\"300\" class=\"wp-image-14501\" src=\"http:\/\/www.editiondaslabor.de\/blog\/wp-content\/uploads\/2013\/04\/Pordzik.jpg\" alt=\"\" srcset=\"http:\/\/www.editiondaslabor.de\/blog\/wp-content\/uploads\/2013\/04\/Pordzik.jpg 300w, http:\/\/www.editiondaslabor.de\/blog\/wp-content\/uploads\/2013\/04\/Pordzik-150x150.jpg 150w\" sizes=\"auto, (max-width: 300px) 100vw, 300px\" \/><\/figure>\r\n<\/div>\r\n\r\n\r\n\r\n<p style=\"text-align: justify;\"><strong>Weiterf\u00fchrend \u2192<\/strong><\/p>\r\n\r\n\r\n\r\n<p style=\"text-align: justify;\">Auf KUNO lesen Sie auch einen Rezensionsessay von Holger Benkel \u00fcber <a href=\"http:\/\/www.editiondaslabor.de\/blog\/2017\/11\/12\/mit-deutschen-untertiteln\/\">Ralph Pordzik<\/a>\u00a0 \u2013 Poesie ist das identit\u00e4tsstiftende Element der Kultur, KUNOs <a href=\"http:\/\/www.editiondaslabor.de\/blog\/?p=25630\">poetologische Positionsbestimmung<\/a>.<\/p>\r\n","protected":false},"excerpt":{"rendered":"<p>&nbsp; Die Unsch\u00e4rfe des Montblanc auf einer alten Fotografie spiegelt seine Unbestimmtheit als Gegenstand dieser Welt. &nbsp; Ruhig liegt der eingebildete Gigant im Schnee. Es ist noch Zeit vom Vortag \u00fcbrig, und an seinem Fu\u00dfe sammelt sich H\u00f6he wie Worte&hellip;<\/p>\n<p class=\"more-link-p\"><a class=\"more-link\" href=\"http:\/\/www.editiondaslabor.de\/blog\/2015\/03\/02\/hochalpin\/\">Read more &rarr;<\/a><\/p>\n","protected":false},"author":144,"featured_media":14501,"comment_status":"closed","ping_status":"closed","sticky":false,"template":"","format":"standard","meta":{"footnotes":""},"categories":[1],"tags":[1183],"class_list":["post-69078","post","type-post","status-publish","format-standard","has-post-thumbnail","hentry","category-literatur","tag-ralph-pordzik"],"_links":{"self":[{"href":"http:\/\/www.editiondaslabor.de\/blog\/wp-json\/wp\/v2\/posts\/69078","targetHints":{"allow":["GET"]}}],"collection":[{"href":"http:\/\/www.editiondaslabor.de\/blog\/wp-json\/wp\/v2\/posts"}],"about":[{"href":"http:\/\/www.editiondaslabor.de\/blog\/wp-json\/wp\/v2\/types\/post"}],"author":[{"embeddable":true,"href":"http:\/\/www.editiondaslabor.de\/blog\/wp-json\/wp\/v2\/users\/144"}],"replies":[{"embeddable":true,"href":"http:\/\/www.editiondaslabor.de\/blog\/wp-json\/wp\/v2\/comments?post=69078"}],"version-history":[{"count":2,"href":"http:\/\/www.editiondaslabor.de\/blog\/wp-json\/wp\/v2\/posts\/69078\/revisions"}],"predecessor-version":[{"id":103024,"href":"http:\/\/www.editiondaslabor.de\/blog\/wp-json\/wp\/v2\/posts\/69078\/revisions\/103024"}],"wp:featuredmedia":[{"embeddable":true,"href":"http:\/\/www.editiondaslabor.de\/blog\/wp-json\/"}],"wp:attachment":[{"href":"http:\/\/www.editiondaslabor.de\/blog\/wp-json\/wp\/v2\/media?parent=69078"}],"wp:term":[{"taxonomy":"category","embeddable":true,"href":"http:\/\/www.editiondaslabor.de\/blog\/wp-json\/wp\/v2\/categories?post=69078"},{"taxonomy":"post_tag","embeddable":true,"href":"http:\/\/www.editiondaslabor.de\/blog\/wp-json\/wp\/v2\/tags?post=69078"}],"curies":[{"name":"wp","href":"https:\/\/api.w.org\/{rel}","templated":true}]}}