{"id":68759,"date":"2007-08-16T00:01:00","date_gmt":"2007-08-15T22:01:00","guid":{"rendered":"http:\/\/www.editiondaslabor.de\/blog\/?p=68759"},"modified":"2020-09-07T17:51:21","modified_gmt":"2020-09-07T15:51:21","slug":"vom-erwachen-eines-elvis-fans-im-ruhrgebiet","status":"publish","type":"post","link":"http:\/\/www.editiondaslabor.de\/blog\/2007\/08\/16\/vom-erwachen-eines-elvis-fans-im-ruhrgebiet\/","title":{"rendered":"Vom Erwachen eines Elvis-Fans im Ruhrgebiet"},"content":{"rendered":"\r\n<p style=\"text-align: justify;\">An jenem denkw\u00fcrdigen Abend hatte ich lange vor dem Fernseher gesessen, bis zu den Sp\u00e4tnachrichten, die damals ausschlie\u00dflich aus stummen Schrifttafeln bestanden. Auf einer davon war zu lesen: Elvis Presley, der King of Rock \u2018n\u2018 Roll, ist tot. Anschlie\u00dfend einige d\u00fcrre Lebensdaten. Ich war wie vom Schlag ger\u00fchrt. Immerhin war Elvis in meiner Kindheit und Jugend mein absolutes Idol gewesen (mit dem Tophit: Jailhouse Rock).<\/p>\r\n\r\n\r\n\r\n<p style=\"text-align: justify;\">Nach der ersten \u00dcberraschung schob sich jedoch ein g\u00e4nzlich anderer Gedanke in mein Hirn: Wenn Du jetzt ganz schnell bist, k\u00f6nntest Du der Erste sein, der nach dem Tod von Elvis ein brandneues Buch herausbringt, das ihn zum Thema hat. Ich schrieb damals gerade an der Erz\u00e4hlung \u201eDas erste Erwachen eines Elvis-Fans\u201c.<\/p>\r\n\r\n\r\n\r\n<p style=\"text-align: justify;\">Der Text war allerdings noch nicht weit gediehen. Doch dann bekam ich Gewissensbisse: W\u00fcrde ich durch diese hastige Schreiberei den Tod von Elvis nicht sch\u00e4ndlich f\u00fcr schlichte und ekelhaft profane Zwecke ausnutzen, w\u00fcrde ich mich mit so einer schnell rausgehauenen Erz\u00e4hlung, nur, um anderen zuvorzukommen, nicht an Elvis vers\u00fcndigen? Ich hatte ein sehr schlechtes Gef\u00fchl dabei, als w\u00fcrde ich mit so einem \u00fcbereilten Text auch meine Hochachtung vor Elvis verraten.<\/p>\r\n\r\n\r\n\r\n<p style=\"text-align: justify;\">Kurzum: Ich habe die Erz\u00e4hlung in aller Ruhe weitergeschrieben, mit Erinnerungen an die 1950er Jahre, an die Kirmes in Bottrop, Halbstarken-Kloppereien und Rock \u2018n\u2018 Roll an der ratternden Raupe. Und f\u00fchlte mich moralisch auf der besseren Seite, als kurz nach der Todesnachricht \u2013 wie zu erwarten \u2013 die Elvis-Erinnerungsb\u00fccher den Markt fluteten. Ich jedenfalls hatte mich an diesem kommerziellen Hokuspokus nicht beteiligt!<\/p>\r\n\r\n\r\n\r\n<p style=\"text-align: justify;\">Die ganze Geschichte nahm sp\u00e4ter ein unerwartetes, erfreuliches Ende. Die Erz\u00e4hlung vom \u201eErwachen eines Elvis-Fans\u201c wurde zun\u00e4chst von Biby Wintjes in seinem Bottroper Info-Zentrum ver\u00f6ffentlicht. Dort entdeckte sie Carl-Ludwig Reichert, ein M\u00fcnchner Autor, der gerade eine Anthologie \u201eFans, Bands, Gangs\u201c f\u00fcr den Rowohlt-Verlag vorbereitete. In diesem Sammelband erschien das \u201eErwachen eines Elvis-Fans\u201c ungek\u00fcrzt \u2013 und in naturgem\u00e4\u00df hoher Auflage.<\/p>\r\n\r\n\r\n\r\n<p style=\"text-align: justify;\">Im Rowohlt-Verlag! Da war ich, damals ein noch relativ junger Autor, wirklich stolz wie Oskar. Und zu Recht, will ich meinen. \u2013 Ich sollte wieder einmal Jailhouse Rock auflegen.<\/p>\r\n<p>&nbsp;<\/p>\r\n\r\n\r\n\r\n\r\n\r\n<p class=\"has-text-align-center\" style=\"text-align: center;\">***<\/p>\r\n\r\n\r\n\r\n<div class=\"wp-block-image\" style=\"text-align: justify;\">\r\n<figure class=\"alignleft size-large is-resized\"><img loading=\"lazy\" decoding=\"async\" class=\"wp-image-65501 alignleft\" src=\"http:\/\/www.editiondaslabor.de\/blog\/wp-content\/uploads\/2020\/06\/Biby_Wintjes.jpg\" alt=\"\" width=\"192\" height=\"276\" srcset=\"http:\/\/www.editiondaslabor.de\/blog\/wp-content\/uploads\/2020\/06\/Biby_Wintjes.jpg 383w, http:\/\/www.editiondaslabor.de\/blog\/wp-content\/uploads\/2020\/06\/Biby_Wintjes-209x300.jpg 209w, http:\/\/www.editiondaslabor.de\/blog\/wp-content\/uploads\/2020\/06\/Biby_Wintjes-260x374.jpg 260w, http:\/\/www.editiondaslabor.de\/blog\/wp-content\/uploads\/2020\/06\/Biby_Wintjes-160x230.jpg 160w\" sizes=\"auto, (max-width: 192px) 100vw, 192px\" \/>\r\n<p><strong>Weiterf\u00fchrend \u2192<\/strong><\/p>\r\n<p>Eine Theorie des Sozialen lautet, es gebe in der Politik keine L\u00fccken. Immer wo sich eine auftue, werde sie sofort von anderen Akteuren besetzt. Kaum jemand hat die L\u00fcckenhaftigkeit des <em>Underground<\/em> so konzequent <a href=\"http:\/\/www.editiondaslabor.de\/blog\/2008\/09\/24\/underground\/\">erz\u00e4hlt<\/a> wie N\u00ed Gudix und ihre <a href=\"http:\/\/www.editiondaslabor.de\/blog\/2008\/08\/23\/kritik-an-der-literarischen-alternative\/\">Kritik an der literarischen Alternative<\/a> ist berechtigt. (Wir erinnern an ihr Autorenheft <a href=\"http:\/\/www.editiondaslabor.de\/blog\/2015\/08\/16\/da-lernst-du-die-menschen-kennen\/\">Da lernst du die Menschen kennen<\/a>). Lesen Sie auch die <a href=\"http:\/\/www.editiondaslabor.de\/blog\/2005\/09\/24\/erinnerungen\/\">Erinnerungen an den Bottroper Literaturrocker<\/a> von Werner Streletz und den <a href=\"http:\/\/www.editiondaslabor.de\/blog\/2008\/09\/28\/rip-bruno\/\">Nachruf<\/a> von Bruno Runzheimer. Zum 100. Geburtstag des <em>dirty ol\u2018 man<\/em> pr\u00e4sentierte KUNO den <a href=\"http:\/\/www.editiondaslabor.de\/blog\/?p=66463\">Ruhrgebietsbukowski<\/a>. In einem Kollegengespr\u00e4ch mit Barbara Ester dekonstruiert A.J. Weigoni die <em><a href=\"http:\/\/www.editiondaslabor.de\/blog\/1997\/10\/09\/ruhrgebietsromantik\/\">Ruhrgebietsromantik<\/a><\/em>. Mit<a href=\"http:\/\/www.editiondaslabor.de\/blog\/?p=6071\"> Kersten Flenter<\/a> und <a href=\"http:\/\/www.editiondaslabor.de\/blog\/2001\/06\/23\/killroy-review\/\">Michael Sch\u00f6nauer<\/a> geh\u00f6rte <a href=\"http:\/\/www.editiondaslabor.de\/blog\/2015\/08\/24\/polyphone-ich-erzaehlungen\/\">Tom de Toys<\/a> zum\u00a0Dreigestirn des deutschen <a href=\"http:\/\/www.editiondaslabor.de\/blog\/1997\/01\/05\/bewegung\/\">Poetry Slam<\/a>. Einen Nachruf von Theo Breuer auf den Urvater des Social-Beat finden Sie <a href=\"http:\/\/www.editiondaslabor.de\/blog\/2012\/03\/07\/hubsch-revisited\/\">hier<\/a> \u2013 Sowie selbstverst\u00e4ndlich his <a href=\"http:\/\/www.editiondaslabor.de\/blog\/1995\/06\/25\/wie-was-social-beat-ist-und-warum-und-warum-nicht\/\">Masters voice<\/a>. Und Dr. Stahls kaltgenaue <a href=\"http:\/\/www.editiondaslabor.de\/blog\/2002\/06\/26\/social-beat-vs-digitales-dasein\/\">Analyse<\/a>. \u2013 Die KUNO-Redaktion bat A.J. Weigoni um einen Text mit Bezug auf die Mainzer Minpressenmesse (MMPM) und er kramte eine <a href=\"http:\/\/www.editiondaslabor.de\/blog\/1993\/05\/31\/treff-der-titanen\/\">Realsatire<\/a> aus dem Jahr 1993 heraus, die er f\u00fcr den Mainzer Verleger Jens Neumann geschrieben hat.<\/p>\r\n<\/figure>\r\n<\/div>\r\n\r\n\r\n\r\n\r\n\r\n<p style=\"text-align: justify;\">_________________________________________________<\/p>\r\n\r\n\r\n\r\n<p style=\"text-align: justify;\"><em>(Elvis Presley * 8. Januar 1935 in Tupelo\/Mississippi<br \/>\u2020 16. August 1977 in Memphis\/Tennessee).<\/em><\/p>\r\n","protected":false},"excerpt":{"rendered":"<p>An jenem denkw\u00fcrdigen Abend hatte ich lange vor dem Fernseher gesessen, bis zu den Sp\u00e4tnachrichten, die damals ausschlie\u00dflich aus stummen Schrifttafeln bestanden. Auf einer davon war zu lesen: Elvis Presley, der King of Rock \u2018n\u2018 Roll, ist tot. Anschlie\u00dfend einige&hellip;<\/p>\n<p class=\"more-link-p\"><a class=\"more-link\" href=\"http:\/\/www.editiondaslabor.de\/blog\/2007\/08\/16\/vom-erwachen-eines-elvis-fans-im-ruhrgebiet\/\">Read more &rarr;<\/a><\/p>\n","protected":false},"author":205,"featured_media":65501,"comment_status":"closed","ping_status":"closed","sticky":false,"template":"","format":"standard","meta":{"footnotes":""},"categories":[1],"tags":[2652,2585,2650],"class_list":["post-68759","post","type-post","status-publish","format-standard","has-post-thumbnail","hentry","category-literatur","tag-elvis","tag-josef-wintjes","tag-werner-streletz"],"_links":{"self":[{"href":"http:\/\/www.editiondaslabor.de\/blog\/wp-json\/wp\/v2\/posts\/68759","targetHints":{"allow":["GET"]}}],"collection":[{"href":"http:\/\/www.editiondaslabor.de\/blog\/wp-json\/wp\/v2\/posts"}],"about":[{"href":"http:\/\/www.editiondaslabor.de\/blog\/wp-json\/wp\/v2\/types\/post"}],"author":[{"embeddable":true,"href":"http:\/\/www.editiondaslabor.de\/blog\/wp-json\/wp\/v2\/users\/205"}],"replies":[{"embeddable":true,"href":"http:\/\/www.editiondaslabor.de\/blog\/wp-json\/wp\/v2\/comments?post=68759"}],"version-history":[{"count":0,"href":"http:\/\/www.editiondaslabor.de\/blog\/wp-json\/wp\/v2\/posts\/68759\/revisions"}],"wp:featuredmedia":[{"embeddable":true,"href":"http:\/\/www.editiondaslabor.de\/blog\/wp-json\/"}],"wp:attachment":[{"href":"http:\/\/www.editiondaslabor.de\/blog\/wp-json\/wp\/v2\/media?parent=68759"}],"wp:term":[{"taxonomy":"category","embeddable":true,"href":"http:\/\/www.editiondaslabor.de\/blog\/wp-json\/wp\/v2\/categories?post=68759"},{"taxonomy":"post_tag","embeddable":true,"href":"http:\/\/www.editiondaslabor.de\/blog\/wp-json\/wp\/v2\/tags?post=68759"}],"curies":[{"name":"wp","href":"https:\/\/api.w.org\/{rel}","templated":true}]}}