{"id":68429,"date":"1993-08-08T00:01:51","date_gmt":"1993-08-07T22:01:51","guid":{"rendered":"http:\/\/www.editiondaslabor.de\/blog\/?p=68429"},"modified":"2020-07-18T18:11:34","modified_gmt":"2020-07-18T16:11:34","slug":"zuschauer","status":"publish","type":"post","link":"http:\/\/www.editiondaslabor.de\/blog\/1993\/08\/08\/zuschauer\/","title":{"rendered":"zuschauer"},"content":{"rendered":"\n<p>stuhlreihen unbesetzt<\/p>\n\n\n\n<p>und doch thront das&nbsp; phantom<\/p>\n\n\n\n<p>neben mir sitzt hilflos<\/p>\n\n\n\n<p>mein zweites ich <\/p>\n\n\n\n<p class=\"has-large-font-size\"><\/p>\n\n\n\n<p>blicke suchen gel\u00e4nder<\/p>\n\n\n\n<p>am abhang w\u00e4scht regen <\/p>\n\n\n\n<p>erbarmungslos h\u00f6hlen<\/p>\n\n\n\n<p>ins weiche gestein <\/p>\n\n\n\n<p class=\"has-large-font-size\"><\/p>\n\n\n\n<p>irgendwo rotten sie<\/p>\n\n\n\n<p>sich immer aus <\/p>\n\n\n\n<p>nur kinder sterben noch <\/p>\n\n\n\n<p>mit staunenden augen<\/p>\n\n\n\n<p class=\"has-large-font-size\"><\/p>\n\n\n\n<p>noch ist irgendwo \u00fcberall<\/p>\n\n\n\n<p>nur <\/p>\n\n\n\n<p>nirgendwo ist anders <\/p>\n\n\n\n<p class=\"has-text-align-center\">***<\/p>\n\n\n\n<div class=\"wp-block-image\"><figure class=\"alignleft size-large\"><img loading=\"lazy\" decoding=\"async\" width=\"160\" height=\"160\" src=\"http:\/\/www.editiondaslabor.de\/blog\/wp-content\/uploads\/2014\/01\/Feldkamp.jpg\" alt=\"\" class=\"wp-image-20822\" srcset=\"http:\/\/www.editiondaslabor.de\/blog\/wp-content\/uploads\/2014\/01\/Feldkamp.jpg 160w, http:\/\/www.editiondaslabor.de\/blog\/wp-content\/uploads\/2014\/01\/Feldkamp-150x150.jpg 150w\" sizes=\"auto, (max-width: 160px) 100vw, 160px\" \/><\/figure><\/div>\n\n\n\n<p><strong>Weiterf\u00fchrend \u2192<\/strong><\/p>\n\n\n\n<p>Gerne verweisen wir in diesem Zusammenhang auf den\u00a0<a href=\"http:\/\/www.editiondaslabor.de\/blog\/?p=7831\">Vorruhestandswahn<\/a>,\u00a0von Karl Feldkamp. Lesen Sie auch seine glossierende Anmerkung \u00fcber Twitteratur: <a href=\"http:\/\/www.editiondaslabor.de\/blog\/?p=21804\">Kurz knackig einf\u00fchlsam<\/a>.<\/p>\n","protected":false},"excerpt":{"rendered":"<p>stuhlreihen unbesetzt und doch thront das&nbsp; phantom neben mir sitzt hilflos mein zweites ich blicke suchen gel\u00e4nder am abhang w\u00e4scht regen erbarmungslos h\u00f6hlen ins weiche gestein irgendwo rotten sie sich immer aus nur kinder sterben noch mit staunenden augen noch&hellip;<\/p>\n<p class=\"more-link-p\"><a class=\"more-link\" href=\"http:\/\/www.editiondaslabor.de\/blog\/1993\/08\/08\/zuschauer\/\">Read more &rarr;<\/a><\/p>\n","protected":false},"author":23,"featured_media":20822,"comment_status":"closed","ping_status":"closed","sticky":false,"template":"","format":"standard","meta":{"footnotes":""},"categories":[1],"tags":[368],"class_list":["post-68429","post","type-post","status-publish","format-standard","has-post-thumbnail","hentry","category-literatur","tag-karl-feldkamp"],"_links":{"self":[{"href":"http:\/\/www.editiondaslabor.de\/blog\/wp-json\/wp\/v2\/posts\/68429","targetHints":{"allow":["GET"]}}],"collection":[{"href":"http:\/\/www.editiondaslabor.de\/blog\/wp-json\/wp\/v2\/posts"}],"about":[{"href":"http:\/\/www.editiondaslabor.de\/blog\/wp-json\/wp\/v2\/types\/post"}],"author":[{"embeddable":true,"href":"http:\/\/www.editiondaslabor.de\/blog\/wp-json\/wp\/v2\/users\/23"}],"replies":[{"embeddable":true,"href":"http:\/\/www.editiondaslabor.de\/blog\/wp-json\/wp\/v2\/comments?post=68429"}],"version-history":[{"count":0,"href":"http:\/\/www.editiondaslabor.de\/blog\/wp-json\/wp\/v2\/posts\/68429\/revisions"}],"wp:featuredmedia":[{"embeddable":true,"href":"http:\/\/www.editiondaslabor.de\/blog\/wp-json\/"}],"wp:attachment":[{"href":"http:\/\/www.editiondaslabor.de\/blog\/wp-json\/wp\/v2\/media?parent=68429"}],"wp:term":[{"taxonomy":"category","embeddable":true,"href":"http:\/\/www.editiondaslabor.de\/blog\/wp-json\/wp\/v2\/categories?post=68429"},{"taxonomy":"post_tag","embeddable":true,"href":"http:\/\/www.editiondaslabor.de\/blog\/wp-json\/wp\/v2\/tags?post=68429"}],"curies":[{"name":"wp","href":"https:\/\/api.w.org\/{rel}","templated":true}]}}