{"id":68414,"date":"1991-08-08T00:30:39","date_gmt":"1991-08-07T22:30:39","guid":{"rendered":"http:\/\/www.editiondaslabor.de\/blog\/?p=68414"},"modified":"2020-07-18T17:33:01","modified_gmt":"2020-07-18T15:33:01","slug":"eines-unnatuerlichen-todes","status":"publish","type":"post","link":"http:\/\/www.editiondaslabor.de\/blog\/1991\/08\/08\/eines-unnatuerlichen-todes\/","title":{"rendered":"eines unnat\u00fcrlichen todes"},"content":{"rendered":"\n<p>mit r\u00fcckenwind breitgemacht<\/p>\n\n\n\n<p>und bergab flie\u00dft tr\u00e4ge<\/p>\n\n\n\n<p>der alltag in die ebene<\/p>\n\n\n\n<p>die m\u00fcndung vermischt<\/p>\n\n\n\n<p>ein und alles <\/p>\n\n\n\n<p class=\"has-large-font-size\"><\/p>\n\n\n\n<p>zur\u00fcck und bergan<\/p>\n\n\n\n<p>gipfelst\u00fcrmer japst<\/p>\n\n\n\n<p>nach d\u00fcnnerer luft<\/p>\n\n\n\n<p>gegen deine und<\/p>\n\n\n\n<p>die natur <\/p>\n\n\n\n<p>idealer idiot <\/p>\n\n\n\n<p>\u00fcbermensch<\/p>\n\n\n\n<p class=\"has-large-font-size\"><\/p>\n\n\n\n<p>selbstverlust ist<\/p>\n\n\n\n<p>das humanste sterben <\/p>\n\n\n\n<p class=\"has-text-align-center\">***<\/p>\n\n\n\n<div class=\"wp-block-image\"><figure class=\"alignleft size-large\"><img loading=\"lazy\" decoding=\"async\" width=\"160\" height=\"160\" src=\"http:\/\/www.editiondaslabor.de\/blog\/wp-content\/uploads\/2014\/01\/Feldkamp.jpg\" alt=\"\" class=\"wp-image-20822\" srcset=\"http:\/\/www.editiondaslabor.de\/blog\/wp-content\/uploads\/2014\/01\/Feldkamp.jpg 160w, http:\/\/www.editiondaslabor.de\/blog\/wp-content\/uploads\/2014\/01\/Feldkamp-150x150.jpg 150w\" sizes=\"auto, (max-width: 160px) 100vw, 160px\" \/><\/figure><\/div>\n\n\n\n<p><strong>Weiterf\u00fchrend \u2192<\/strong><\/p>\n\n\n\n<p>Gerne verweisen wir in diesem Zusammenhang auf den&nbsp;<a href=\"http:\/\/www.editiondaslabor.de\/blog\/?p=7831\">Vorruhestandswahn<\/a>,&nbsp;von Karl Feldkamp. Lesen Sie auch seine glossierende Anmerkung \u00fcber Twitteratur:<a href=\"http:\/\/www.editiondaslabor.de\/blog\/?p=21804\">Kurz knackig einf\u00fchlsam<\/a>.<\/p>\n","protected":false},"excerpt":{"rendered":"<p>mit r\u00fcckenwind breitgemacht und bergab flie\u00dft tr\u00e4ge der alltag in die ebene die m\u00fcndung vermischt ein und alles zur\u00fcck und bergan gipfelst\u00fcrmer japst nach d\u00fcnnerer luft gegen deine und die natur idealer idiot \u00fcbermensch selbstverlust ist das humanste sterben ***&hellip;<\/p>\n<p class=\"more-link-p\"><a class=\"more-link\" href=\"http:\/\/www.editiondaslabor.de\/blog\/1991\/08\/08\/eines-unnatuerlichen-todes\/\">Read more &rarr;<\/a><\/p>\n","protected":false},"author":23,"featured_media":20822,"comment_status":"closed","ping_status":"closed","sticky":false,"template":"","format":"standard","meta":{"footnotes":""},"categories":[1],"tags":[368],"class_list":["post-68414","post","type-post","status-publish","format-standard","has-post-thumbnail","hentry","category-literatur","tag-karl-feldkamp"],"_links":{"self":[{"href":"http:\/\/www.editiondaslabor.de\/blog\/wp-json\/wp\/v2\/posts\/68414","targetHints":{"allow":["GET"]}}],"collection":[{"href":"http:\/\/www.editiondaslabor.de\/blog\/wp-json\/wp\/v2\/posts"}],"about":[{"href":"http:\/\/www.editiondaslabor.de\/blog\/wp-json\/wp\/v2\/types\/post"}],"author":[{"embeddable":true,"href":"http:\/\/www.editiondaslabor.de\/blog\/wp-json\/wp\/v2\/users\/23"}],"replies":[{"embeddable":true,"href":"http:\/\/www.editiondaslabor.de\/blog\/wp-json\/wp\/v2\/comments?post=68414"}],"version-history":[{"count":0,"href":"http:\/\/www.editiondaslabor.de\/blog\/wp-json\/wp\/v2\/posts\/68414\/revisions"}],"wp:featuredmedia":[{"embeddable":true,"href":"http:\/\/www.editiondaslabor.de\/blog\/wp-json\/"}],"wp:attachment":[{"href":"http:\/\/www.editiondaslabor.de\/blog\/wp-json\/wp\/v2\/media?parent=68414"}],"wp:term":[{"taxonomy":"category","embeddable":true,"href":"http:\/\/www.editiondaslabor.de\/blog\/wp-json\/wp\/v2\/categories?post=68414"},{"taxonomy":"post_tag","embeddable":true,"href":"http:\/\/www.editiondaslabor.de\/blog\/wp-json\/wp\/v2\/tags?post=68414"}],"curies":[{"name":"wp","href":"https:\/\/api.w.org\/{rel}","templated":true}]}}