{"id":68314,"date":"2017-08-26T00:01:00","date_gmt":"2017-08-25T22:01:00","guid":{"rendered":"http:\/\/www.editiondaslabor.de\/blog\/?p=68314"},"modified":"2021-06-01T13:52:02","modified_gmt":"2021-06-01T11:52:02","slug":"nahtstellen-wege-zum-fragment-1977-2017","status":"publish","type":"post","link":"http:\/\/www.editiondaslabor.de\/blog\/2017\/08\/26\/nahtstellen-wege-zum-fragment-1977-2017\/","title":{"rendered":"Nahtstellen \u2013 Wege zum Fragment 1977-2017"},"content":{"rendered":"\r\n<p class=\"has-text-color has-text-align-right has-cyan-bluish-gray-color\" style=\"text-align: right;\"><span style=\"color: #999999;\"><em>Das Fragment \u2013 geheime Kontinuit\u00e4t des Offenen, Ankunft und Pr\u00e4senz allen Kunsttuns, dessen Angebot zum Unterwegsbleiben. Aller Anfang ist Zeremonie und \u2013 Fragment. <\/em><\/span><\/p>\r\n<p><span style=\"color: #999999;\">\r\n\r\n<\/span><\/p>\r\n<p class=\"has-text-color has-text-align-right has-cyan-bluish-gray-color\" style=\"text-align: right;\"><span style=\"color: #999999;\">Angelika Janz<\/span><\/p>\r\n\r\n\r\n\r\n<p style=\"text-align: justify;\">Das literarische Werk von Angelika Janz reicht von Prosa \u00fcber Lyrik bis hin zu zahlreichen Fragmenttexten. Diese entstehen, indem ein ausgeschnittener Textkern an seinen R\u00e4ndern erg\u00e4nzt wird. Durch Schreibmaschine, Stempel oder Letra-Set entsteht ein neuer Text, der sich mit der komplexen Ereignis-, Ding- und Sprachwelt facettenreich und hintergr\u00fcndig auseinandersetzt. Die Ausstellung zeigt in einer Werkschau Bildtextarbeiten, Collagen, Fragmenttexte und Papierschnitte von Angelika Janz aus den Jahren 1977-2017.<\/p>\r\n\r\n\r\n\r\n<p style=\"text-align: justify;\">Die Methode der Dichterin Angelika Janz postuliert das Einf\u00fcgen von Fremdelementen wie Bilder, Fotos, Textausschnitte jeglicher Art in einen Ursprungstext oder gar die Textgenerierung aus -zun\u00e4chst &#8211; diffusen Text- und Bildelementen allein.<\/p>\r\n\r\n\r\n\r\n<p style=\"text-align: justify;\"><br \/>Die Formal\u00e4sthetik des Text-Bild-Fragmentes ist eine dreifache:<\/p>\r\n\r\n\r\n\r\n<p style=\"text-align: justify;\">1. Das Fragment ist der Mosaikstein eines gewesenen Ganzen.<\/p>\r\n\r\n\r\n\r\n<p style=\"text-align: justify;\">2. Es ist ein Autorkonstrukt, welches augenscheinlich auf ein Ganzes weist.<\/p>\r\n\r\n\r\n\r\n<p style=\"text-align: justify;\">3. Es ist eine Erwartungshaltung bzgl. eines Zukommenden.<\/p>\r\n\r\n\r\n\r\n<p style=\"text-align: justify;\">Den Kunstreiz birgt die M\u00f6glichkeit der Zusammenschau von Vergangenheit in Form gewesener Unversehrtheit des Ursprungsmaterials bis in eine zuk\u00fcnftige utopische Daseinskonzeption hinein; beides verk\u00f6rpert in der Pr\u00e4senz des Kunstwerkes. Dieses konjunktivistischste Vorhaben wird durch einen regelrechten &#8222;Evokationspluralismus&#8220; realisiert: Die Bildelemente, die Angelika Janz in ihren Texten verwendet, werden durch ihre Verunkenntlichung derart verfremdet, da\u00df durch den Drang der Rezipienten zur Monosemierung ein bedeutungsm\u00e4\u00dfiger &#8222;Vielmehrwert&#8220; entsteht, da so viele Umwege begangen werden wie es verschiedene Einstellungen zu und Erfahrungen mit Texten gibt. Das Fragment ist somit Anfang aller F\u00f6rmlichkeit, die wiederum eine Erweiterung fordert (genauso wie der Inhalt, den sie verk\u00f6rpert). Das Verfahren scheint im Spekulativen zu schweben, jedoch bedeutet es lediglich die Pflicht zum Offenhalten von Kunstsprache; der vorl\u00e4ufige m\u00f6gliche Abschlu\u00df wird durch die Rezipienten besorgt.<\/p>\r\n<p style=\"text-align: justify;\">\u00a0<\/p>\r\n<p style=\"text-align: justify;\">\u00a0<\/p>\r\n\r\n\r\n\r\n<p class=\"has-text-align-center\" style=\"text-align: center;\">***<\/p>\r\n\r\n\r\n\r\n<div class=\"wp-block-image\" style=\"text-align: justify;\">\r\n<figure class=\"alignleft size-large\"><img loading=\"lazy\" decoding=\"async\" width=\"181\" height=\"300\" class=\"wp-image-68318\" src=\"http:\/\/www.editiondaslabor.de\/blog\/wp-content\/uploads\/2020\/07\/A.Janz_NahtstellenWege_web1-181x300-1.jpg\" alt=\"\" srcset=\"http:\/\/www.editiondaslabor.de\/blog\/wp-content\/uploads\/2020\/07\/A.Janz_NahtstellenWege_web1-181x300-1.jpg 181w, http:\/\/www.editiondaslabor.de\/blog\/wp-content\/uploads\/2020\/07\/A.Janz_NahtstellenWege_web1-181x300-1-160x265.jpg 160w\" sizes=\"auto, (max-width: 181px) 100vw, 181px\" \/><\/figure>\r\n<\/div>\r\n\r\n\r\n\r\n<p style=\"text-align: justify;\">Doppelausstellung des K\u00fcnstlerpaares Angelika Janz und Dieter Eidmann in Greifswald: Zeitgleich zeigt das Soziokulturelle Zentrum St. Spiritus die Ausstellung<br \/><strong>Dieter Eidmann (1940-2017): Asketische F\u00fclle<\/strong><br \/><strong>Bildr\u00e4ume \u2013 Gouachen \u2013 Kalligrafie \u2013 Archiskulptur \u2013 Plastik \u2013 Fotografie<\/strong><br \/>Dieter Eidmann ist am 27. Mai 2017 verstorben.<\/p>\r\n\r\n\r\n\r\n<p style=\"text-align: justify;\">Beide Ausstellungen sind bis zum 28.09.2017 zu sehen. Der Eintritt ist frei.<br \/>\u00d6ffnungszeiten im Koeppenhaus Di-Sa 14-18 Uhr<br \/>\u00d6ffnungszeiten im St. Spiritus Mo-Fr 12-17 Uhr<\/p>\r\n\r\n\r\n\r\n<h5 class=\"wp-block-heading\" style=\"text-align: justify;\">Weiterf\u00fchrend \u2192<\/h5>\r\n\r\n\r\n\r\n<p style=\"text-align: justify;\">Lesen Sie auch das <a href=\"http:\/\/www.editiondaslabor.de\/blog\/?p=36409\">Kollegengespr\u00e4ch<\/a>, das A.J. Weigoni mit Angelika Janz \u00fcber den Zyklus <em>fern, fern<\/em> gef\u00fchrt hat. Vertiefend ein <a href=\"http:\/\/www.editiondaslabor.de\/blog\/?p=22835\">Portr\u00e4t <\/a>\u00fcber ihre interdisziplin\u00e4re T\u00e4tigkeit, sowie einen <a href=\"http:\/\/www.editiondaslabor.de\/blog\/?p=29450\">Essay<\/a> der <em>Fragmenttexterin<\/em>. Ebenfalls im KUNO-Archiv: Jan Kuhlbrodt mit einer <a href=\"http:\/\/www.editiondaslabor.de\/blog\/2012\/11\/05\/asthetische-prothetik\/\">Ann\u00e4herung<\/a> an die visuellen Arbeiten von Angelika Janz. Und nicht zuletzt, Michael Gratz \u00fcber Angelika Janz\u2018<a href=\"http:\/\/www.editiondaslabor.de\/blog\/2012\/11\/05\/freiraum\/\"> tEXt bILd<\/a><\/p>\r\n","protected":false},"excerpt":{"rendered":"<p>Das Fragment \u2013 geheime Kontinuit\u00e4t des Offenen, Ankunft und Pr\u00e4senz allen Kunsttuns, dessen Angebot zum Unterwegsbleiben. Aller Anfang ist Zeremonie und \u2013 Fragment. Angelika Janz Das literarische Werk von Angelika Janz reicht von Prosa \u00fcber Lyrik bis hin zu zahlreichen&hellip;<\/p>\n<p class=\"more-link-p\"><a class=\"more-link\" href=\"http:\/\/www.editiondaslabor.de\/blog\/2017\/08\/26\/nahtstellen-wege-zum-fragment-1977-2017\/\">Read more &rarr;<\/a><\/p>\n","protected":false},"author":257,"featured_media":68318,"comment_status":"closed","ping_status":"closed","sticky":false,"template":"","format":"standard","meta":{"footnotes":""},"categories":[1],"tags":[918],"class_list":["post-68314","post","type-post","status-publish","format-standard","has-post-thumbnail","hentry","category-literatur","tag-angelika-janz"],"_links":{"self":[{"href":"http:\/\/www.editiondaslabor.de\/blog\/wp-json\/wp\/v2\/posts\/68314","targetHints":{"allow":["GET"]}}],"collection":[{"href":"http:\/\/www.editiondaslabor.de\/blog\/wp-json\/wp\/v2\/posts"}],"about":[{"href":"http:\/\/www.editiondaslabor.de\/blog\/wp-json\/wp\/v2\/types\/post"}],"author":[{"embeddable":true,"href":"http:\/\/www.editiondaslabor.de\/blog\/wp-json\/wp\/v2\/users\/257"}],"replies":[{"embeddable":true,"href":"http:\/\/www.editiondaslabor.de\/blog\/wp-json\/wp\/v2\/comments?post=68314"}],"version-history":[{"count":0,"href":"http:\/\/www.editiondaslabor.de\/blog\/wp-json\/wp\/v2\/posts\/68314\/revisions"}],"wp:featuredmedia":[{"embeddable":true,"href":"http:\/\/www.editiondaslabor.de\/blog\/wp-json\/"}],"wp:attachment":[{"href":"http:\/\/www.editiondaslabor.de\/blog\/wp-json\/wp\/v2\/media?parent=68314"}],"wp:term":[{"taxonomy":"category","embeddable":true,"href":"http:\/\/www.editiondaslabor.de\/blog\/wp-json\/wp\/v2\/categories?post=68314"},{"taxonomy":"post_tag","embeddable":true,"href":"http:\/\/www.editiondaslabor.de\/blog\/wp-json\/wp\/v2\/tags?post=68314"}],"curies":[{"name":"wp","href":"https:\/\/api.w.org\/{rel}","templated":true}]}}