{"id":68243,"date":"2006-06-02T00:01:00","date_gmt":"2006-06-01T22:01:00","guid":{"rendered":"http:\/\/www.editiondaslabor.de\/blog\/?p=68243"},"modified":"2021-10-06T05:22:30","modified_gmt":"2021-10-06T03:22:30","slug":"analyse-toter-stimmen","status":"publish","type":"post","link":"http:\/\/www.editiondaslabor.de\/blog\/2006\/06\/02\/analyse-toter-stimmen\/","title":{"rendered":"Analyse toter Stimmen"},"content":{"rendered":"\r\n<p style=\"text-align: justify;\">\u00a0<\/p>\r\n\r\n\r\n\r\n<p style=\"text-align: justify;\">Tote Stimmen, die Wilden,<\/p>\r\n\r\n\r\n\r\n<p style=\"text-align: justify;\">essen aus Nichts.<\/p>\r\n\r\n\r\n\r\n<p style=\"text-align: justify;\">Sie haben,<\/p>\r\n\r\n\r\n\r\n<p style=\"text-align: justify;\">\u2013 keines Gewichts \u2013<\/p>\r\n\r\n\r\n\r\n<p style=\"text-align: justify;\">ein <em>Ziel,<\/em><\/p>\r\n\r\n\r\n\r\n<p style=\"text-align: justify;\">das wundert sich aus<\/p>\r\n\r\n\r\n\r\n<p style=\"text-align: justify;\">dem Schlimmen.<\/p>\r\n\r\n\r\n\r\n<p style=\"text-align: justify;\">Sie bilden Vergessen und<\/p>\r\n\r\n\r\n\r\n<p style=\"text-align: justify;\">sagen zu Hunderten<\/p>\r\n\r\n\r\n\r\n<p style=\"text-align: justify;\">aus.<\/p>\r\n<p>&nbsp;<\/p>\r\n\r\n\r\n\r\n<p style=\"text-align: justify;\">\u00a0<\/p>\r\n\r\n\r\n\r\n<p class=\"has-text-align-center\" style=\"text-align: center;\">***<\/p>\r\n\r\n\r\n\r\n<p style=\"text-align: justify;\"><strong>orten vern\u00e4hte alphabetien <\/strong>Texte von Angelika Janz. Verlag Wiecker Bote, Greifswald 2002.<\/p>\r\n\r\n\r\n\r\n<div class=\"wp-block-image\" style=\"text-align: justify;\">\r\n<figure class=\"alignleft size-large\"><img loading=\"lazy\" decoding=\"async\" width=\"104\" height=\"157\" class=\"wp-image-67700\" src=\"http:\/\/www.editiondaslabor.de\/blog\/wp-content\/uploads\/2020\/07\/Cover_orten.jpg\" alt=\"\" \/><\/figure>\r\n<\/div>\r\n\r\n\r\n\r\n<h5 class=\"wp-block-heading\" style=\"text-align: justify;\">Weiterf\u00fchrend \u2192<\/h5>\r\n\r\n\r\n\r\n<p style=\"text-align: justify;\">Lesen Sie auch das <a href=\"http:\/\/www.editiondaslabor.de\/blog\/?p=36409\">Kollegengespr\u00e4ch<\/a>, das A.J. Weigoni mit Angelika Janz \u00fcber den Zyklus <em>fern, fern<\/em> gef\u00fchrt hat. Vertiefend ein <a href=\"http:\/\/www.editiondaslabor.de\/blog\/?p=22835\">Portr\u00e4t <\/a>\u00fcber ihre interdisziplin\u00e4re T\u00e4tigkeit, sowie einen <a href=\"http:\/\/www.editiondaslabor.de\/blog\/?p=29450\">Essay<\/a> der <em>Fragmenttexterin<\/em>. Ebenfalls im KUNO-Archiv: Jan Kuhlbrodt mit einer <a href=\"http:\/\/www.editiondaslabor.de\/blog\/2012\/11\/05\/asthetische-prothetik\/\">Ann\u00e4herung<\/a> an die visuellen Arbeiten von Angelika Janz. Und nicht zuletzt, Michael Gratz \u00fcber Angelika Janz\u2018<a href=\"http:\/\/www.editiondaslabor.de\/blog\/2012\/11\/05\/freiraum\/\"> tEXt bILd<\/a><\/p>\r\n","protected":false},"excerpt":{"rendered":"<p>\u00a0 Tote Stimmen, die Wilden, essen aus Nichts. Sie haben, \u2013 keines Gewichts \u2013 ein Ziel, das wundert sich aus dem Schlimmen. Sie bilden Vergessen und sagen zu Hunderten aus. &nbsp; \u00a0 *** orten vern\u00e4hte alphabetien Texte von Angelika Janz.&hellip;<\/p>\n<p class=\"more-link-p\"><a class=\"more-link\" href=\"http:\/\/www.editiondaslabor.de\/blog\/2006\/06\/02\/analyse-toter-stimmen\/\">Read more &rarr;<\/a><\/p>\n","protected":false},"author":53,"featured_media":67700,"comment_status":"closed","ping_status":"closed","sticky":false,"template":"","format":"standard","meta":{"footnotes":""},"categories":[1],"tags":[918],"class_list":["post-68243","post","type-post","status-publish","format-standard","has-post-thumbnail","hentry","category-literatur","tag-angelika-janz"],"_links":{"self":[{"href":"http:\/\/www.editiondaslabor.de\/blog\/wp-json\/wp\/v2\/posts\/68243","targetHints":{"allow":["GET"]}}],"collection":[{"href":"http:\/\/www.editiondaslabor.de\/blog\/wp-json\/wp\/v2\/posts"}],"about":[{"href":"http:\/\/www.editiondaslabor.de\/blog\/wp-json\/wp\/v2\/types\/post"}],"author":[{"embeddable":true,"href":"http:\/\/www.editiondaslabor.de\/blog\/wp-json\/wp\/v2\/users\/53"}],"replies":[{"embeddable":true,"href":"http:\/\/www.editiondaslabor.de\/blog\/wp-json\/wp\/v2\/comments?post=68243"}],"version-history":[{"count":0,"href":"http:\/\/www.editiondaslabor.de\/blog\/wp-json\/wp\/v2\/posts\/68243\/revisions"}],"wp:featuredmedia":[{"embeddable":true,"href":"http:\/\/www.editiondaslabor.de\/blog\/wp-json\/"}],"wp:attachment":[{"href":"http:\/\/www.editiondaslabor.de\/blog\/wp-json\/wp\/v2\/media?parent=68243"}],"wp:term":[{"taxonomy":"category","embeddable":true,"href":"http:\/\/www.editiondaslabor.de\/blog\/wp-json\/wp\/v2\/categories?post=68243"},{"taxonomy":"post_tag","embeddable":true,"href":"http:\/\/www.editiondaslabor.de\/blog\/wp-json\/wp\/v2\/tags?post=68243"}],"curies":[{"name":"wp","href":"https:\/\/api.w.org\/{rel}","templated":true}]}}