{"id":68185,"date":"2022-03-22T00:01:00","date_gmt":"2022-03-21T23:01:00","guid":{"rendered":"http:\/\/www.editiondaslabor.de\/blog\/?p=68185"},"modified":"2022-03-16T09:06:48","modified_gmt":"2022-03-16T08:06:48","slug":"das-rote-gummiband","status":"publish","type":"post","link":"http:\/\/www.editiondaslabor.de\/blog\/2022\/03\/22\/das-rote-gummiband\/","title":{"rendered":"Das rote Gummiband"},"content":{"rendered":"\r\n<p style=\"text-align: justify;\">\u00a0<\/p>\r\n<p style=\"text-align: justify;\">Der Raum besa\u00df auf ungewohnte Weise Fenster im rechten Winkel zueinander, die den Ausblick auf ein \u00e4hnlich angelegtes Fensterst\u00fcck freigaben. Ein gl\u00e4serner Aschenbecher stand auf dem Schreibtisch, dem einzigen M\u00f6belst\u00fcck im Raum. Dieser Aschenbecher, ausgeleert, aber ungereinigt, enthielt ein rotes Gummiband. Als sie fragte, ob sie rauchen d\u00fcrfte, entfernte die hinter dem Schreibtisch stehende Person das rote Gummiband, indem sie es in der Rocktasche verschwinden lie\u00df, wobei sie gleichzeitig den Aschenbecher der noch nicht ganz Eingetretenen entgegenschob.<\/p>\r\n\r\n\r\n\r\n<p style=\"text-align: justify;\">Sie entdeckte, dass das, was sie schrieb, in fremde H\u00e4nde geriet. Eigenartig war nur, dass man sie nicht daraufhin ansprach, sondern ihre Aufzeichnungen in sachfremde Unterhaltungen verwob. Solche Unterhaltungen waren ihrer Struktur nach auf die Stimmungen der Redenden so eingespielt, dass sie die Aufzeichnungen kaum wiedererkannt h\u00e4tte, wenn nicht die gleiche sichere Unverbindlichkeit der Wortfolgen sie stutzig gemacht h\u00e4tte.<\/p>\r\n<p>&nbsp;<\/p>\r\n<p>&nbsp;<\/p>\r\n\r\n\r\n\r\n<p class=\"has-text-align-center\" style=\"text-align: center;\">***<\/p>\r\n\r\n\r\n\r\n<p style=\"text-align: justify;\"><strong>Delta<\/strong> &#8230; als sei ihre Unsichtbarkeit nichts weiter, von Angelika Janz 2022<\/p>\r\n\r\n\r\n\r\n<div class=\"wp-block-image\" style=\"text-align: justify;\">\r\n<figure class=\"alignleft is-resized\"><img loading=\"lazy\" decoding=\"async\" src=\"http:\/\/www.editiondaslabor.de\/blog\/wp-content\/uploads\/2020\/07\/Delta-1024x1024.jpg\" alt=\"Dieses Bild hat ein leeres Alt-Attribut. Der Dateiname ist Delta-1024x1024.jpg\" width=\"256\" height=\"256\" \/><\/figure>\r\n<\/div>\r\n\r\n\r\n\r\n<p style=\"text-align: justify;\">Angelika Janz erz\u00e4hlt im <em>Delta<\/em> ganz aus der Innenperspektive und schafft eine leicht verfremdete Atmosph\u00e4re. Mit sezierendem Blick und literarisch sehr eigenwillig zeigt sie eine soziale Gemeinschaft und eine Gesellschaft, die sich selbst zersetzen. \u00dcber eine zusammenh\u00e4ngende Folge hinweg wird die Geschichte durch die vielen kleinen redundanten Bewu\u00dftseinsstr\u00f6me in Offene gef\u00fchrt.<\/p>\r\n\r\n\r\n\r\n<p style=\"text-align: justify;\"><strong>Weiterf\u00fchrend\u00a0\u2192\u00a0<\/strong><\/p>\r\n\r\n\r\n\r\n<p style=\"text-align: justify;\">Lesen Sie auch das <a href=\"http:\/\/www.editiondaslabor.de\/blog\/?p=36409\">Kollegengespr\u00e4ch<\/a>, das A.J. Weigoni mit Angelika Janz \u00fcber den Zyklus <em>fern, fern<\/em> gef\u00fchrt hat. Vertiefend ein <a href=\"http:\/\/www.editiondaslabor.de\/blog\/?p=22835\">Portr\u00e4t <\/a>\u00fcber ihre interdisziplin\u00e4re T\u00e4tigkeit, sowie einen <a href=\"http:\/\/www.editiondaslabor.de\/blog\/?p=29450\">Essay<\/a> der <em>Fragmenttexterin<\/em>. Ebenfalls im KUNO-Archiv: Jan Kuhlbrodt mit einer <a href=\"http:\/\/www.editiondaslabor.de\/blog\/2012\/11\/05\/asthetische-prothetik\/\">Ann\u00e4herung<\/a> an die visuellen Arbeiten von Angelika Janz. Und nicht zuletzt, Michael Gratz \u00fcber Angelika Janz\u2018<a href=\"http:\/\/www.editiondaslabor.de\/blog\/2012\/11\/05\/freiraum\/\"> tEXt bILd<\/a><\/p>\r\n","protected":false},"excerpt":{"rendered":"<p>\u00a0 Der Raum besa\u00df auf ungewohnte Weise Fenster im rechten Winkel zueinander, die den Ausblick auf ein \u00e4hnlich angelegtes Fensterst\u00fcck freigaben. Ein gl\u00e4serner Aschenbecher stand auf dem Schreibtisch, dem einzigen M\u00f6belst\u00fcck im Raum. Dieser Aschenbecher, ausgeleert, aber ungereinigt, enthielt ein&hellip;<\/p>\n<p class=\"more-link-p\"><a class=\"more-link\" href=\"http:\/\/www.editiondaslabor.de\/blog\/2022\/03\/22\/das-rote-gummiband\/\">Read more &rarr;<\/a><\/p>\n","protected":false},"author":53,"featured_media":97868,"comment_status":"closed","ping_status":"closed","sticky":false,"template":"","format":"standard","meta":{"footnotes":""},"categories":[1],"tags":[918],"class_list":["post-68185","post","type-post","status-publish","format-standard","has-post-thumbnail","hentry","category-literatur","tag-angelika-janz"],"_links":{"self":[{"href":"http:\/\/www.editiondaslabor.de\/blog\/wp-json\/wp\/v2\/posts\/68185","targetHints":{"allow":["GET"]}}],"collection":[{"href":"http:\/\/www.editiondaslabor.de\/blog\/wp-json\/wp\/v2\/posts"}],"about":[{"href":"http:\/\/www.editiondaslabor.de\/blog\/wp-json\/wp\/v2\/types\/post"}],"author":[{"embeddable":true,"href":"http:\/\/www.editiondaslabor.de\/blog\/wp-json\/wp\/v2\/users\/53"}],"replies":[{"embeddable":true,"href":"http:\/\/www.editiondaslabor.de\/blog\/wp-json\/wp\/v2\/comments?post=68185"}],"version-history":[{"count":2,"href":"http:\/\/www.editiondaslabor.de\/blog\/wp-json\/wp\/v2\/posts\/68185\/revisions"}],"predecessor-version":[{"id":102272,"href":"http:\/\/www.editiondaslabor.de\/blog\/wp-json\/wp\/v2\/posts\/68185\/revisions\/102272"}],"wp:featuredmedia":[{"embeddable":true,"href":"http:\/\/www.editiondaslabor.de\/blog\/wp-json\/wp\/v2\/media\/97868"}],"wp:attachment":[{"href":"http:\/\/www.editiondaslabor.de\/blog\/wp-json\/wp\/v2\/media?parent=68185"}],"wp:term":[{"taxonomy":"category","embeddable":true,"href":"http:\/\/www.editiondaslabor.de\/blog\/wp-json\/wp\/v2\/categories?post=68185"},{"taxonomy":"post_tag","embeddable":true,"href":"http:\/\/www.editiondaslabor.de\/blog\/wp-json\/wp\/v2\/tags?post=68185"}],"curies":[{"name":"wp","href":"https:\/\/api.w.org\/{rel}","templated":true}]}}