{"id":68170,"date":"2022-10-29T00:01:00","date_gmt":"2022-10-28T22:01:00","guid":{"rendered":"http:\/\/www.editiondaslabor.de\/blog\/?p=68170"},"modified":"2022-02-24T17:32:47","modified_gmt":"2022-02-24T16:32:47","slug":"sitzplaetze-und-stehplaetze","status":"publish","type":"post","link":"http:\/\/www.editiondaslabor.de\/blog\/2022\/10\/29\/sitzplaetze-und-stehplaetze\/","title":{"rendered":"Sitzpl\u00e4tze und Stehpl\u00e4tze"},"content":{"rendered":"\r\n<p>&nbsp;<\/p>\r\n<p style=\"text-align: justify;\">Ausreichend belegt ist die Bahn, wenn 67 Sitzpl\u00e4tze und 122 Stehpl\u00e4tze eingenommen worden sind. Welchen Platz man in der Bahn einnimmt, h\u00e4ngt von den \u00fcbrigen Fahrg\u00e4sten ab, die ihre Pl\u00e4tze bereits eingenommen haben. Vorteile liegen bei der Wahl eines einzelnen Fensterplatzes, da dieser nicht nur die Anstrengung im Hinblick auf das Aussteigen erleichtert. Hinreichenden Grund zu Misstrauen bietet die Wahl einer Doppelbank, auf der bereits jemand sitzt, vorausgesetzt, es gibt weitere freie Einzelpl\u00e4tze. Unabsichtliche Ber\u00fchrungen folgern Verteidigungs- oder aber zumindest Ausweichbewegungen: Man hat ja genug damit zu tun, die von Mitfahrenden ausstr\u00f6menden Ger\u00fcche mit dem Empfinden sich steigernden Ekels in einen Wahrnehmungsbereich zu verdr\u00e4ngen, der das Selbstverst\u00e4ndliche zugunsten seiner baldigen Aufhebung aufrechnet. Sie fragt sich, ob sie sich durch den Mangel an Erlebnissen einer zweifellos einf\u00e4ltigen Sichtweise aussetzt. Sie ignoriert die Details au\u00dferhalb, die sich ihr zu Hause umso b\u00f6sartiger aufdr\u00e4ngen, die sie aufschreiben muss, weil sie sie nicht auszusprechen wagt. Ihr liegt wenig an der Lebendigkeit des Anscheins -aber beim Schreiben zwingt sie Worte in das, was sie wohlweislich und l\u00e4ngst nicht mehr zu bezeichnen verm\u00f6gen.<\/p>\r\n<p>&nbsp;<\/p>\r\n\r\n\r\n\r\n<p style=\"text-align: justify;\">\u00a0<\/p>\r\n\r\n\r\n\r\n<p class=\"has-text-align-center\" style=\"text-align: center;\">***<\/p>\r\n\r\n\r\n\r\n<p style=\"text-align: justify;\"><strong>Delta<\/strong> &#8230; als sei ihre Unsichtbarkeit nichts weiter, von Angelika Janz 2022<\/p>\r\n\r\n\r\n\r\n<div class=\"wp-block-image\" style=\"text-align: justify;\">\r\n<figure class=\"alignleft is-resized\"><img loading=\"lazy\" decoding=\"async\" src=\"http:\/\/www.editiondaslabor.de\/blog\/wp-content\/uploads\/2020\/07\/Delta-1024x1024.jpg\" alt=\"Dieses Bild hat ein leeres Alt-Attribut. Der Dateiname ist Delta-1024x1024.jpg\" width=\"256\" height=\"256\" \/><\/figure>\r\n<\/div>\r\n\r\n\r\n\r\n<p style=\"text-align: justify;\">Angelika Janz erz\u00e4hlt im <em>Delta<\/em> ganz aus der Innenperspektive und schafft eine leicht verfremdete Atmosph\u00e4re. Mit sezierendem Blick und literarisch sehr eigenwillig zeigt sie eine soziale Gemeinschaft und eine Gesellschaft, die sich selbst zersetzen. \u00dcber eine zusammenh\u00e4ngende Folge hinweg wird die Geschichte durch die vielen kleinen redundanten Bewu\u00dftseinsstr\u00f6me in Offene gef\u00fchrt.<\/p>\r\n\r\n\r\n\r\n<p style=\"text-align: justify;\"><strong>Weiterf\u00fchrend\u00a0\u2192\u00a0<\/strong><\/p>\r\n\r\n\r\n\r\n<p style=\"text-align: justify;\">Lesen Sie auch das <a href=\"http:\/\/www.editiondaslabor.de\/blog\/?p=36409\">Kollegengespr\u00e4ch<\/a>, das A.J. Weigoni mit Angelika Janz \u00fcber den Zyklus <em>fern, fern<\/em> gef\u00fchrt hat. Vertiefend ein <a href=\"http:\/\/www.editiondaslabor.de\/blog\/?p=22835\">Portr\u00e4t <\/a>\u00fcber ihre interdisziplin\u00e4re T\u00e4tigkeit, sowie einen <a href=\"http:\/\/www.editiondaslabor.de\/blog\/?p=29450\">Essay<\/a> der <em>Fragmenttexterin<\/em>. Ebenfalls im KUNO-Archiv: Jan Kuhlbrodt mit einer <a href=\"http:\/\/www.editiondaslabor.de\/blog\/2012\/11\/05\/asthetische-prothetik\/\">Ann\u00e4herung<\/a> an die visuellen Arbeiten von Angelika Janz. Und nicht zuletzt, Michael Gratz \u00fcber Angelika Janz\u2018<a href=\"http:\/\/www.editiondaslabor.de\/blog\/2012\/11\/05\/freiraum\/\"> tEXt bILd<\/a><\/p>\r\n","protected":false},"excerpt":{"rendered":"<p>&nbsp; Ausreichend belegt ist die Bahn, wenn 67 Sitzpl\u00e4tze und 122 Stehpl\u00e4tze eingenommen worden sind. Welchen Platz man in der Bahn einnimmt, h\u00e4ngt von den \u00fcbrigen Fahrg\u00e4sten ab, die ihre Pl\u00e4tze bereits eingenommen haben. Vorteile liegen bei der Wahl eines&hellip;<\/p>\n<p class=\"more-link-p\"><a class=\"more-link\" href=\"http:\/\/www.editiondaslabor.de\/blog\/2022\/10\/29\/sitzplaetze-und-stehplaetze\/\">Read more &rarr;<\/a><\/p>\n","protected":false},"author":53,"featured_media":97868,"comment_status":"closed","ping_status":"closed","sticky":false,"template":"","format":"standard","meta":{"footnotes":""},"categories":[1],"tags":[918],"class_list":["post-68170","post","type-post","status-publish","format-standard","has-post-thumbnail","hentry","category-literatur","tag-angelika-janz"],"_links":{"self":[{"href":"http:\/\/www.editiondaslabor.de\/blog\/wp-json\/wp\/v2\/posts\/68170","targetHints":{"allow":["GET"]}}],"collection":[{"href":"http:\/\/www.editiondaslabor.de\/blog\/wp-json\/wp\/v2\/posts"}],"about":[{"href":"http:\/\/www.editiondaslabor.de\/blog\/wp-json\/wp\/v2\/types\/post"}],"author":[{"embeddable":true,"href":"http:\/\/www.editiondaslabor.de\/blog\/wp-json\/wp\/v2\/users\/53"}],"replies":[{"embeddable":true,"href":"http:\/\/www.editiondaslabor.de\/blog\/wp-json\/wp\/v2\/comments?post=68170"}],"version-history":[{"count":1,"href":"http:\/\/www.editiondaslabor.de\/blog\/wp-json\/wp\/v2\/posts\/68170\/revisions"}],"predecessor-version":[{"id":100308,"href":"http:\/\/www.editiondaslabor.de\/blog\/wp-json\/wp\/v2\/posts\/68170\/revisions\/100308"}],"wp:featuredmedia":[{"embeddable":true,"href":"http:\/\/www.editiondaslabor.de\/blog\/wp-json\/wp\/v2\/media\/97868"}],"wp:attachment":[{"href":"http:\/\/www.editiondaslabor.de\/blog\/wp-json\/wp\/v2\/media?parent=68170"}],"wp:term":[{"taxonomy":"category","embeddable":true,"href":"http:\/\/www.editiondaslabor.de\/blog\/wp-json\/wp\/v2\/categories?post=68170"},{"taxonomy":"post_tag","embeddable":true,"href":"http:\/\/www.editiondaslabor.de\/blog\/wp-json\/wp\/v2\/tags?post=68170"}],"curies":[{"name":"wp","href":"https:\/\/api.w.org\/{rel}","templated":true}]}}