{"id":68167,"date":"2022-09-21T00:01:39","date_gmt":"2022-09-20T22:01:39","guid":{"rendered":"http:\/\/www.editiondaslabor.de\/blog\/?p=68167"},"modified":"2022-02-24T16:33:47","modified_gmt":"2022-02-24T15:33:47","slug":"fortzusetzende-anwesenheit","status":"publish","type":"post","link":"http:\/\/www.editiondaslabor.de\/blog\/2022\/09\/21\/fortzusetzende-anwesenheit\/","title":{"rendered":"Fortzusetzende Anwesenheit"},"content":{"rendered":"\r\n<p>&nbsp;<\/p>\r\n<p style=\"text-align: justify;\">Sie hatte nicht glauben wollen, dass die Umst\u00e4nde, unter denen man lebt, und die Arbeit, die man dabei verrichtet, derartig voneinander getrennt sein k\u00f6nnten, dass die Auswirkungen aufeinander kaum beobachtet oder registrierbar werden. Jeder Versuch einer Ann\u00e4herung machte die Entfernung deutlicher. Dabei wusste sie doch, dass sie nie zuvor ein derartig zersetzendes Bedingungsverh\u00e4ltnis eingegangen war.<\/p>\r\n\r\n\r\n\r\n<p style=\"text-align: justify;\">Die Reihenfolge einfahrender Bahnen gliedert sich in einem neonbeleuchteten Kasten nach zwei Richtungen unter die Ziffern eins bis drei. So vermag jeder Fahrgast sich auf das Eintreffen seiner Bahn vorzubereiten.<\/p>\r\n\r\n\r\n\r\n<p style=\"text-align: justify;\">Meistens gen\u00fcgt es, wenn der erste Beobachter dieser Ziffern in Bewegung ger\u00e4t, was das Vortreten der \u00fcbrigen Fahrg\u00e4ste veranlasst, noch bevor der Zug einl\u00e4uft. Einsteigende zeichnen sich durch eine unbelehrbare Ungeduld aus: Man k\u00f6nnte glauben, sie w\u00fcnschten die fortzusetzende Anwesenheit derer, die aussteigen wollen.<\/p>\r\n<p>&nbsp;<\/p>\r\n\r\n\r\n\r\n<p style=\"text-align: justify;\">\u00a0<\/p>\r\n\r\n\r\n\r\n<p class=\"has-text-align-center\" style=\"text-align: center;\">***<\/p>\r\n\r\n\r\n\r\n<p style=\"text-align: justify;\"><strong>Delta<\/strong> &#8230; als sei ihre Unsichtbarkeit nichts weiter, von Angelika Janz 2022<\/p>\r\n\r\n\r\n\r\n<div class=\"wp-block-image\" style=\"text-align: justify;\">\r\n<figure class=\"alignleft is-resized\"><img loading=\"lazy\" decoding=\"async\" src=\"http:\/\/www.editiondaslabor.de\/blog\/wp-content\/uploads\/2020\/07\/Delta-1024x1024.jpg\" alt=\"Dieses Bild hat ein leeres Alt-Attribut. Der Dateiname ist Delta-1024x1024.jpg\" width=\"256\" height=\"256\" \/><\/figure>\r\n<\/div>\r\n\r\n\r\n\r\n<p style=\"text-align: justify;\">Angelika Janz erz\u00e4hlt im <em>Delta<\/em> ganz aus der Innenperspektive und schafft eine leicht verfremdete Atmosph\u00e4re. Mit sezierendem Blick und literarisch sehr eigenwillig zeigt sie eine soziale Gemeinschaft und eine Gesellschaft, die sich selbst zersetzen. \u00dcber eine zusammenh\u00e4ngende Folge hinweg wird die Geschichte durch die vielen kleinen redundanten Bewu\u00dftseinsstr\u00f6me in Offene gef\u00fchrt.<\/p>\r\n\r\n\r\n\r\n<p style=\"text-align: justify;\"><strong>Weiterf\u00fchrend\u00a0\u2192\u00a0<\/strong><\/p>\r\n\r\n\r\n\r\n<p style=\"text-align: justify;\">Lesen Sie auch das <a href=\"http:\/\/www.editiondaslabor.de\/blog\/?p=36409\">Kollegengespr\u00e4ch<\/a>, das A.J. Weigoni mit Angelika Janz \u00fcber den Zyklus <em>fern, fern<\/em> gef\u00fchrt hat. Vertiefend ein <a href=\"http:\/\/www.editiondaslabor.de\/blog\/?p=22835\">Portr\u00e4t <\/a>\u00fcber ihre interdisziplin\u00e4re T\u00e4tigkeit, sowie einen <a href=\"http:\/\/www.editiondaslabor.de\/blog\/?p=29450\">Essay<\/a> der <em>Fragmenttexterin<\/em>. Ebenfalls im KUNO-Archiv: Jan Kuhlbrodt mit einer <a href=\"http:\/\/www.editiondaslabor.de\/blog\/2012\/11\/05\/asthetische-prothetik\/\">Ann\u00e4herung<\/a> an die visuellen Arbeiten von Angelika Janz. Und nicht zuletzt, Michael Gratz \u00fcber Angelika Janz\u2018<a href=\"http:\/\/www.editiondaslabor.de\/blog\/2012\/11\/05\/freiraum\/\"> tEXt bILd<\/a><\/p>\r\n","protected":false},"excerpt":{"rendered":"<p>&nbsp; Sie hatte nicht glauben wollen, dass die Umst\u00e4nde, unter denen man lebt, und die Arbeit, die man dabei verrichtet, derartig voneinander getrennt sein k\u00f6nnten, dass die Auswirkungen aufeinander kaum beobachtet oder registrierbar werden. Jeder Versuch einer Ann\u00e4herung machte die&hellip;<\/p>\n<p class=\"more-link-p\"><a class=\"more-link\" href=\"http:\/\/www.editiondaslabor.de\/blog\/2022\/09\/21\/fortzusetzende-anwesenheit\/\">Read more &rarr;<\/a><\/p>\n","protected":false},"author":53,"featured_media":97868,"comment_status":"closed","ping_status":"closed","sticky":false,"template":"","format":"standard","meta":{"footnotes":""},"categories":[1],"tags":[918],"class_list":["post-68167","post","type-post","status-publish","format-standard","has-post-thumbnail","hentry","category-literatur","tag-angelika-janz"],"_links":{"self":[{"href":"http:\/\/www.editiondaslabor.de\/blog\/wp-json\/wp\/v2\/posts\/68167","targetHints":{"allow":["GET"]}}],"collection":[{"href":"http:\/\/www.editiondaslabor.de\/blog\/wp-json\/wp\/v2\/posts"}],"about":[{"href":"http:\/\/www.editiondaslabor.de\/blog\/wp-json\/wp\/v2\/types\/post"}],"author":[{"embeddable":true,"href":"http:\/\/www.editiondaslabor.de\/blog\/wp-json\/wp\/v2\/users\/53"}],"replies":[{"embeddable":true,"href":"http:\/\/www.editiondaslabor.de\/blog\/wp-json\/wp\/v2\/comments?post=68167"}],"version-history":[{"count":1,"href":"http:\/\/www.editiondaslabor.de\/blog\/wp-json\/wp\/v2\/posts\/68167\/revisions"}],"predecessor-version":[{"id":100266,"href":"http:\/\/www.editiondaslabor.de\/blog\/wp-json\/wp\/v2\/posts\/68167\/revisions\/100266"}],"wp:featuredmedia":[{"embeddable":true,"href":"http:\/\/www.editiondaslabor.de\/blog\/wp-json\/wp\/v2\/media\/97868"}],"wp:attachment":[{"href":"http:\/\/www.editiondaslabor.de\/blog\/wp-json\/wp\/v2\/media?parent=68167"}],"wp:term":[{"taxonomy":"category","embeddable":true,"href":"http:\/\/www.editiondaslabor.de\/blog\/wp-json\/wp\/v2\/categories?post=68167"},{"taxonomy":"post_tag","embeddable":true,"href":"http:\/\/www.editiondaslabor.de\/blog\/wp-json\/wp\/v2\/tags?post=68167"}],"curies":[{"name":"wp","href":"https:\/\/api.w.org\/{rel}","templated":true}]}}