{"id":68158,"date":"2022-06-14T00:01:00","date_gmt":"2022-06-13T22:01:00","guid":{"rendered":"http:\/\/www.editiondaslabor.de\/blog\/?p=68158"},"modified":"2022-06-09T17:56:30","modified_gmt":"2022-06-09T15:56:30","slug":"selbstentioerter","status":"publish","type":"post","link":"http:\/\/www.editiondaslabor.de\/blog\/2022\/06\/14\/selbstentioerter\/","title":{"rendered":"Selbstentierter"},"content":{"rendered":"\r\n<p>&nbsp;<\/p>\r\n<p style=\"text-align: justify;\">Es fordert die pflichtgem\u00e4\u00dfe Annullierung der vorausgegangenen Aktivit\u00e4ten. Es ist mit der Aufschrift Selbstentioerter versehen.<\/p>\r\n\r\n\r\n\r\n<p style=\"text-align: justify;\">Sie hatte es seit Jahren vermieden, sich l\u00e4nger als eine Minute im Spiegel zu betrachten, \u00fcber die Einzelheiten des Gesichts hinaus etwas Zusammenh\u00e4ngendes oder gar Unverwechselbares in Augenschein zu nehmen. Sie hatte es nicht mehr versucht, seit sie sich beobachtet f\u00fchlte.<\/p>\r\n\r\n\r\n\r\n<p style=\"text-align: justify;\">Daher hatte sie diese Intimit\u00e4t zwischen sich ausgeschaltet, sp\u00e4ter einfach vergessen, welche M\u00f6glichkeiten sie veranlassen k\u00f6nnten, sich wahrzunehmen. Sie hatte eigentlich stets so gehandelt, als sei sie unsichtbar, oder so, als sei ihre Unsichtbarkeit nichts weiter Beachtenswertes.<\/p>\r\n\r\n\r\n\r\n<p style=\"text-align: justify;\">Sie hatte wohl registriert, dass Andere jede Gelegenheit wahrnehmen, sich zu spiegeln, bei manchen steigerte sich sogar das Interesse am Spiegelbild, wenn sie sich beobachtet wussten.<\/p>\r\n\r\n\r\n\r\n<p style=\"text-align: justify;\">Durch Zufall fiel ihr einmal auf, dass sie den Spiegel in ihrem Raum viel zu niedrig montiert hatte -sie hatte sich stets geduckt, um sich in aller K\u00fcrze zu erfassen.<\/p>\r\n\r\n\r\n\r\n<p style=\"text-align: justify;\">Schlie\u00dflich nahm sie sich vor, sich zu spiegeln. Zuerst glaubte sie, jeden zu imitieren, der sich jemals gespiegelt hatte. Dann verwendete sie einen R\u00fcckspiegel, .drehte sich mit ihm im Blickkreis des Wandspiegels, durchma\u00df, was die erinnerte Fl\u00e4chigkeit ihr suggeriert hatte, fand sich zum ersten Mal umgreifbar, empfand auch dann noch Sympathie, nachdem sie sich l\u00e4ngst anderen T\u00e4tigkeiten gewidmet hatte.<\/p>\r\n\r\n\r\n\r\n<p style=\"text-align: justify;\">\u00a0<\/p>\r\n<p>&nbsp;<\/p>\r\n\r\n\r\n\r\n<p class=\"has-text-align-center\" style=\"text-align: center;\">***<\/p>\r\n\r\n\r\n\r\n<p style=\"text-align: justify;\"><strong>Delta<\/strong> &#8230; als sei ihre Unsichtbarkeit nichts weiter, von Angelika Janz 2022<\/p>\r\n\r\n\r\n\r\n<div class=\"wp-block-image\" style=\"text-align: justify;\">\r\n<figure class=\"alignleft is-resized\"><img loading=\"lazy\" decoding=\"async\" src=\"http:\/\/www.editiondaslabor.de\/blog\/wp-content\/uploads\/2020\/07\/Delta-1024x1024.jpg\" alt=\"Dieses Bild hat ein leeres Alt-Attribut. Der Dateiname ist Delta-1024x1024.jpg\" width=\"256\" height=\"256\" \/><\/figure>\r\n<\/div>\r\n\r\n\r\n\r\n<p style=\"text-align: justify;\">Angelika Janz erz\u00e4hlt im <em>Delta<\/em> ganz aus der Innenperspektive und schafft eine leicht verfremdete Atmosph\u00e4re. Mit sezierendem Blick und literarisch sehr eigenwillig zeigt sie eine soziale Gemeinschaft und eine Gesellschaft, die sich selbst zersetzen. \u00dcber eine zusammenh\u00e4ngende Folge hinweg wird die Geschichte durch die vielen kleinen redundanten Bewu\u00dftseinsstr\u00f6me in Offene gef\u00fchrt.<\/p>\r\n\r\n\r\n\r\n<p style=\"text-align: justify;\"><strong>Weiterf\u00fchrend\u00a0\u2192\u00a0<\/strong><\/p>\r\n\r\n\r\n\r\n<p style=\"text-align: justify;\">Lesen Sie auch das <a href=\"http:\/\/www.editiondaslabor.de\/blog\/?p=36409\">Kollegengespr\u00e4ch<\/a>, das A.J. Weigoni mit Angelika Janz \u00fcber den Zyklus <em>fern, fern<\/em> gef\u00fchrt hat. Vertiefend ein <a href=\"http:\/\/www.editiondaslabor.de\/blog\/?p=22835\">Portr\u00e4t <\/a>\u00fcber ihre interdisziplin\u00e4re T\u00e4tigkeit, sowie einen <a href=\"http:\/\/www.editiondaslabor.de\/blog\/?p=29450\">Essay<\/a> der <em>Fragmenttexterin<\/em>. Ebenfalls im KUNO-Archiv: Jan Kuhlbrodt mit einer <a href=\"http:\/\/www.editiondaslabor.de\/blog\/2012\/11\/05\/asthetische-prothetik\/\">Ann\u00e4herung<\/a> an die visuellen Arbeiten von Angelika Janz. Und nicht zuletzt, Michael Gratz \u00fcber Angelika Janz\u2018<a href=\"http:\/\/www.editiondaslabor.de\/blog\/2012\/11\/05\/freiraum\/\"> tEXt bILd<\/a><\/p>\r\n","protected":false},"excerpt":{"rendered":"<p>&nbsp; Es fordert die pflichtgem\u00e4\u00dfe Annullierung der vorausgegangenen Aktivit\u00e4ten. Es ist mit der Aufschrift Selbstentioerter versehen. Sie hatte es seit Jahren vermieden, sich l\u00e4nger als eine Minute im Spiegel zu betrachten, \u00fcber die Einzelheiten des Gesichts hinaus etwas Zusammenh\u00e4ngendes oder&hellip;<\/p>\n<p class=\"more-link-p\"><a class=\"more-link\" href=\"http:\/\/www.editiondaslabor.de\/blog\/2022\/06\/14\/selbstentioerter\/\">Read more &rarr;<\/a><\/p>\n","protected":false},"author":53,"featured_media":97868,"comment_status":"closed","ping_status":"closed","sticky":false,"template":"","format":"standard","meta":{"footnotes":""},"categories":[1],"tags":[918],"class_list":["post-68158","post","type-post","status-publish","format-standard","has-post-thumbnail","hentry","category-literatur","tag-angelika-janz"],"_links":{"self":[{"href":"http:\/\/www.editiondaslabor.de\/blog\/wp-json\/wp\/v2\/posts\/68158","targetHints":{"allow":["GET"]}}],"collection":[{"href":"http:\/\/www.editiondaslabor.de\/blog\/wp-json\/wp\/v2\/posts"}],"about":[{"href":"http:\/\/www.editiondaslabor.de\/blog\/wp-json\/wp\/v2\/types\/post"}],"author":[{"embeddable":true,"href":"http:\/\/www.editiondaslabor.de\/blog\/wp-json\/wp\/v2\/users\/53"}],"replies":[{"embeddable":true,"href":"http:\/\/www.editiondaslabor.de\/blog\/wp-json\/wp\/v2\/comments?post=68158"}],"version-history":[{"count":2,"href":"http:\/\/www.editiondaslabor.de\/blog\/wp-json\/wp\/v2\/posts\/68158\/revisions"}],"predecessor-version":[{"id":103556,"href":"http:\/\/www.editiondaslabor.de\/blog\/wp-json\/wp\/v2\/posts\/68158\/revisions\/103556"}],"wp:featuredmedia":[{"embeddable":true,"href":"http:\/\/www.editiondaslabor.de\/blog\/wp-json\/wp\/v2\/media\/97868"}],"wp:attachment":[{"href":"http:\/\/www.editiondaslabor.de\/blog\/wp-json\/wp\/v2\/media?parent=68158"}],"wp:term":[{"taxonomy":"category","embeddable":true,"href":"http:\/\/www.editiondaslabor.de\/blog\/wp-json\/wp\/v2\/categories?post=68158"},{"taxonomy":"post_tag","embeddable":true,"href":"http:\/\/www.editiondaslabor.de\/blog\/wp-json\/wp\/v2\/tags?post=68158"}],"curies":[{"name":"wp","href":"https:\/\/api.w.org\/{rel}","templated":true}]}}