{"id":68155,"date":"2022-05-21T00:01:00","date_gmt":"2022-05-20T22:01:00","guid":{"rendered":"http:\/\/www.editiondaslabor.de\/blog\/?p=68155"},"modified":"2022-02-24T11:39:13","modified_gmt":"2022-02-24T10:39:13","slug":"klarsichtscheibe","status":"publish","type":"post","link":"http:\/\/www.editiondaslabor.de\/blog\/2022\/05\/21\/klarsichtscheibe\/","title":{"rendered":"Klarsichtscheibe"},"content":{"rendered":"\r\n<p>&nbsp;<\/p>\r\n<p style=\"text-align: justify;\">Vor den Absperrungen befindet sich ein \u00fcberlebensgro\u00dfer Automat, der die Fahrkarte zum gew\u00fcnschten Zielort liefert. Hinter einer Klarsichtscheibe schl\u00fcsselt ein nach Zahlgrenzen nummerierter Streckenfahrplan den Stadtplan auf. Mit den Zahlgrenzen sind sich steigernde Preisstufen in Verbindung zu bringen, wobei die Benennung von Haltestellen unma\u00dfgeblich bleibt.<\/p>\r\n\r\n\r\n\r\n<p style=\"text-align: justify;\">Ein Druckknopfsystem rechnet die M\u00f6glichkeit des Versagens aller Wahlm\u00f6glichkeiten mit ein.<\/p>\r\n\r\n\r\n\r\n<p style=\"text-align: justify;\">Mit der Signalfarbe des \u00fcberlebensgro\u00dfen Automaten ist ein einf\u00fc\u00dfiger, kopfgro\u00dfer, in durchschnittlicher Nabelh\u00f6he vor der Absperrung angebrachter Apparat zu identifizieren.<\/p>\r\n\r\n\r\n\r\n<p style=\"text-align: justify;\">\u00a0<\/p>\r\n<p>&nbsp;<\/p>\r\n\r\n\r\n\r\n<p class=\"has-text-align-center\" style=\"text-align: center;\">***<\/p>\r\n\r\n\r\n\r\n<p style=\"text-align: justify;\"><strong>Delta<\/strong> &#8230; als sei ihre Unsichtbarkeit nichts weiter, von Angelika Janz 2022<\/p>\r\n\r\n\r\n\r\n<div class=\"wp-block-image\" style=\"text-align: justify;\">\r\n<figure class=\"alignleft is-resized\"><img loading=\"lazy\" decoding=\"async\" src=\"http:\/\/www.editiondaslabor.de\/blog\/wp-content\/uploads\/2020\/07\/Delta-1024x1024.jpg\" alt=\"Dieses Bild hat ein leeres Alt-Attribut. Der Dateiname ist Delta-1024x1024.jpg\" width=\"256\" height=\"256\" \/><\/figure>\r\n<\/div>\r\n\r\n\r\n\r\n<p style=\"text-align: justify;\">Angelika Janz erz\u00e4hlt im <em>Delta<\/em> ganz aus der Innenperspektive und schafft eine leicht verfremdete Atmosph\u00e4re. Mit sezierendem Blick und literarisch sehr eigenwillig zeigt sie eine soziale Gemeinschaft und eine Gesellschaft, die sich selbst zersetzen. \u00dcber eine zusammenh\u00e4ngende Folge hinweg wird die Geschichte durch die vielen kleinen redundanten Bewu\u00dftseinsstr\u00f6me in Offene gef\u00fchrt.<\/p>\r\n\r\n\r\n\r\n<p style=\"text-align: justify;\"><strong>Weiterf\u00fchrend\u00a0\u2192\u00a0<\/strong><\/p>\r\n\r\n\r\n\r\n<p style=\"text-align: justify;\">Lesen Sie auch das <a href=\"http:\/\/www.editiondaslabor.de\/blog\/?p=36409\">Kollegengespr\u00e4ch<\/a>, das A.J. Weigoni mit Angelika Janz \u00fcber den Zyklus <em>fern, fern<\/em> gef\u00fchrt hat. Vertiefend ein <a href=\"http:\/\/www.editiondaslabor.de\/blog\/?p=22835\">Portr\u00e4t <\/a>\u00fcber ihre interdisziplin\u00e4re T\u00e4tigkeit, sowie einen <a href=\"http:\/\/www.editiondaslabor.de\/blog\/?p=29450\">Essay<\/a> der <em>Fragmenttexterin<\/em>. Ebenfalls im KUNO-Archiv: Jan Kuhlbrodt mit einer <a href=\"http:\/\/www.editiondaslabor.de\/blog\/2012\/11\/05\/asthetische-prothetik\/\">Ann\u00e4herung<\/a> an die visuellen Arbeiten von Angelika Janz. Und nicht zuletzt, Michael Gratz \u00fcber Angelika Janz\u2018<a href=\"http:\/\/www.editiondaslabor.de\/blog\/2012\/11\/05\/freiraum\/\"> tEXt bILd<\/a><\/p>\r\n","protected":false},"excerpt":{"rendered":"<p>&nbsp; Vor den Absperrungen befindet sich ein \u00fcberlebensgro\u00dfer Automat, der die Fahrkarte zum gew\u00fcnschten Zielort liefert. Hinter einer Klarsichtscheibe schl\u00fcsselt ein nach Zahlgrenzen nummerierter Streckenfahrplan den Stadtplan auf. Mit den Zahlgrenzen sind sich steigernde Preisstufen in Verbindung zu bringen, wobei&hellip;<\/p>\n<p class=\"more-link-p\"><a class=\"more-link\" href=\"http:\/\/www.editiondaslabor.de\/blog\/2022\/05\/21\/klarsichtscheibe\/\">Read more &rarr;<\/a><\/p>\n","protected":false},"author":53,"featured_media":97868,"comment_status":"closed","ping_status":"closed","sticky":false,"template":"","format":"standard","meta":{"footnotes":""},"categories":[1],"tags":[918],"class_list":["post-68155","post","type-post","status-publish","format-standard","has-post-thumbnail","hentry","category-literatur","tag-angelika-janz"],"_links":{"self":[{"href":"http:\/\/www.editiondaslabor.de\/blog\/wp-json\/wp\/v2\/posts\/68155","targetHints":{"allow":["GET"]}}],"collection":[{"href":"http:\/\/www.editiondaslabor.de\/blog\/wp-json\/wp\/v2\/posts"}],"about":[{"href":"http:\/\/www.editiondaslabor.de\/blog\/wp-json\/wp\/v2\/types\/post"}],"author":[{"embeddable":true,"href":"http:\/\/www.editiondaslabor.de\/blog\/wp-json\/wp\/v2\/users\/53"}],"replies":[{"embeddable":true,"href":"http:\/\/www.editiondaslabor.de\/blog\/wp-json\/wp\/v2\/comments?post=68155"}],"version-history":[{"count":1,"href":"http:\/\/www.editiondaslabor.de\/blog\/wp-json\/wp\/v2\/posts\/68155\/revisions"}],"predecessor-version":[{"id":100151,"href":"http:\/\/www.editiondaslabor.de\/blog\/wp-json\/wp\/v2\/posts\/68155\/revisions\/100151"}],"wp:featuredmedia":[{"embeddable":true,"href":"http:\/\/www.editiondaslabor.de\/blog\/wp-json\/wp\/v2\/media\/97868"}],"wp:attachment":[{"href":"http:\/\/www.editiondaslabor.de\/blog\/wp-json\/wp\/v2\/media?parent=68155"}],"wp:term":[{"taxonomy":"category","embeddable":true,"href":"http:\/\/www.editiondaslabor.de\/blog\/wp-json\/wp\/v2\/categories?post=68155"},{"taxonomy":"post_tag","embeddable":true,"href":"http:\/\/www.editiondaslabor.de\/blog\/wp-json\/wp\/v2\/tags?post=68155"}],"curies":[{"name":"wp","href":"https:\/\/api.w.org\/{rel}","templated":true}]}}