{"id":68138,"date":"2021-12-07T00:01:48","date_gmt":"2021-12-06T23:01:48","guid":{"rendered":"http:\/\/www.editiondaslabor.de\/blog\/?p=68138"},"modified":"2022-02-17T13:39:04","modified_gmt":"2022-02-17T12:39:04","slug":"kein-geraeusch-deutet-auf-gefahr","status":"publish","type":"post","link":"http:\/\/www.editiondaslabor.de\/blog\/2021\/12\/07\/kein-geraeusch-deutet-auf-gefahr\/","title":{"rendered":"Kein Ger\u00e4usch deutet auf Gefahr"},"content":{"rendered":"\r\n<p style=\"text-align: justify;\">\u00a0<\/p>\r\n<p style=\"text-align: justify;\">Keine Bewegung der an den Kan\u00e4len montierten Maschinen unterst\u00fctzt die Notwendigkeit von Warnma\u00dfnahmen.<\/p>\r\n\r\n\r\n\r\n<p style=\"text-align: justify;\">Die M\u00f6wen kreisen wie gelenkt immer um dasselbe Becken. Der im W\u00e4rterhaus endlich hinter einer Zeitung verborgene Pf\u00f6rtner rechnet nicht damit, dass man ihn durch die Sichtscheibe hin anspricht.<\/p>\r\n\r\n\r\n\r\n<p style=\"text-align: justify;\">An die Stelle einer Menschlichen Vertrauensperson setzt sie in Gedanken einen Gedanken, dem sie erlaubt, sich so zu bewegen, dass er sie notfalls zu verletzen befugt ist. Sie f\u00fchlt sich im Anschein gekr\u00e4nkt, dass er sich zu Beginn des Spiels nicht einmal einschmeichelt, d; h. er will ihr von Anfang an nicht fremd gegen\u00fcberstehen, um sich zun\u00e4chst mit dem Sinnlich-Sp\u00fcrbaren zu begn\u00fcgen und darin auszuruhen, damit sie Zeit genug hat, seinem Bild nachzukommen.<\/p>\r\n\r\n\r\n\r\n<p style=\"text-align: justify;\">Sp\u00e4ter ist sie best\u00fcrzt, wie lange er sie AUS DEM GEDACHTNIS beobachtet und von dort seine Begrenztheit wie einen K\u00f6der auswirft. Sie hat ihm Schranken vor seine Grenzen gesetzt -und diese Schranken waren neue, gedungene Gedanken, die sich ausspielen lie\u00dfen.<\/p>\r\n\r\n\r\n\r\n<p style=\"text-align: justify;\">\u00a0<\/p>\r\n\r\n\r\n\r\n<p class=\"has-text-align-center\" style=\"text-align: center;\">***<\/p>\r\n\r\n\r\n\r\n<p style=\"text-align: justify;\"><strong>Delta<\/strong> &#8230; als sei ihre Unsichtbarkeit nichts weiter, von Angelika Janz 2021<\/p>\r\n\r\n\r\n\r\n<div class=\"wp-block-image\" style=\"text-align: justify;\">\r\n<figure class=\"alignleft is-resized\"><img loading=\"lazy\" decoding=\"async\" src=\"http:\/\/www.editiondaslabor.de\/blog\/wp-content\/uploads\/2020\/07\/Delta-1024x1024.jpg\" alt=\"Dieses Bild hat ein leeres Alt-Attribut. Der Dateiname ist Delta-1024x1024.jpg\" width=\"256\" height=\"256\" \/><\/figure>\r\n<\/div>\r\n\r\n\r\n\r\n<p style=\"text-align: justify;\">Angelika Janz erz\u00e4hlt im <em>Delta<\/em> ganz aus der Innenperspektive und schafft eine leicht verfremdete Atmosph\u00e4re. Mit sezierendem Blick und literarisch sehr eigenwillig zeigt sie eine soziale Gemeinschaft und eine Gesellschaft, die sich selbst zersetzen. \u00dcber eine zusammenh\u00e4ngende Folge hinweg wird die Geschichte durch die vielen kleinen redundanten Bewu\u00dftseinsstr\u00f6me in Offene gef\u00fchrt.<\/p>\r\n\r\n\r\n\r\n<p style=\"text-align: justify;\"><strong>Weiterf\u00fchrend\u00a0\u2192\u00a0<\/strong><\/p>\r\n\r\n\r\n\r\n<p style=\"text-align: justify;\">Lesen Sie auch das <a href=\"http:\/\/www.editiondaslabor.de\/blog\/?p=36409\">Kollegengespr\u00e4ch<\/a>, das A.J. Weigoni mit Angelika Janz \u00fcber den Zyklus <em>fern, fern<\/em> gef\u00fchrt hat. Vertiefend ein <a href=\"http:\/\/www.editiondaslabor.de\/blog\/?p=22835\">Portr\u00e4t <\/a>\u00fcber ihre interdisziplin\u00e4re T\u00e4tigkeit, sowie einen <a href=\"http:\/\/www.editiondaslabor.de\/blog\/?p=29450\">Essay<\/a> der <em>Fragmenttexterin<\/em>. Ebenfalls im KUNO-Archiv: Jan Kuhlbrodt mit einer <a href=\"http:\/\/www.editiondaslabor.de\/blog\/2012\/11\/05\/asthetische-prothetik\/\">Ann\u00e4herung<\/a> an die visuellen Arbeiten von Angelika Janz. Und nicht zuletzt, Michael Gratz \u00fcber Angelika Janz\u2018<a href=\"http:\/\/www.editiondaslabor.de\/blog\/2012\/11\/05\/freiraum\/\"> tEXt bILd<\/a><\/p>\r\n","protected":false},"excerpt":{"rendered":"<p>\u00a0 Keine Bewegung der an den Kan\u00e4len montierten Maschinen unterst\u00fctzt die Notwendigkeit von Warnma\u00dfnahmen. Die M\u00f6wen kreisen wie gelenkt immer um dasselbe Becken. Der im W\u00e4rterhaus endlich hinter einer Zeitung verborgene Pf\u00f6rtner rechnet nicht damit, dass man ihn durch die&hellip;<\/p>\n<p class=\"more-link-p\"><a class=\"more-link\" href=\"http:\/\/www.editiondaslabor.de\/blog\/2021\/12\/07\/kein-geraeusch-deutet-auf-gefahr\/\">Read more &rarr;<\/a><\/p>\n","protected":false},"author":53,"featured_media":97868,"comment_status":"closed","ping_status":"closed","sticky":false,"template":"","format":"standard","meta":{"footnotes":""},"categories":[1],"tags":[918],"class_list":["post-68138","post","type-post","status-publish","format-standard","has-post-thumbnail","hentry","category-literatur","tag-angelika-janz"],"_links":{"self":[{"href":"http:\/\/www.editiondaslabor.de\/blog\/wp-json\/wp\/v2\/posts\/68138","targetHints":{"allow":["GET"]}}],"collection":[{"href":"http:\/\/www.editiondaslabor.de\/blog\/wp-json\/wp\/v2\/posts"}],"about":[{"href":"http:\/\/www.editiondaslabor.de\/blog\/wp-json\/wp\/v2\/types\/post"}],"author":[{"embeddable":true,"href":"http:\/\/www.editiondaslabor.de\/blog\/wp-json\/wp\/v2\/users\/53"}],"replies":[{"embeddable":true,"href":"http:\/\/www.editiondaslabor.de\/blog\/wp-json\/wp\/v2\/comments?post=68138"}],"version-history":[{"count":1,"href":"http:\/\/www.editiondaslabor.de\/blog\/wp-json\/wp\/v2\/posts\/68138\/revisions"}],"predecessor-version":[{"id":97869,"href":"http:\/\/www.editiondaslabor.de\/blog\/wp-json\/wp\/v2\/posts\/68138\/revisions\/97869"}],"wp:featuredmedia":[{"embeddable":true,"href":"http:\/\/www.editiondaslabor.de\/blog\/wp-json\/wp\/v2\/media\/97868"}],"wp:attachment":[{"href":"http:\/\/www.editiondaslabor.de\/blog\/wp-json\/wp\/v2\/media?parent=68138"}],"wp:term":[{"taxonomy":"category","embeddable":true,"href":"http:\/\/www.editiondaslabor.de\/blog\/wp-json\/wp\/v2\/categories?post=68138"},{"taxonomy":"post_tag","embeddable":true,"href":"http:\/\/www.editiondaslabor.de\/blog\/wp-json\/wp\/v2\/tags?post=68138"}],"curies":[{"name":"wp","href":"https:\/\/api.w.org\/{rel}","templated":true}]}}