{"id":68133,"date":"2021-11-15T00:01:58","date_gmt":"2021-11-14T23:01:58","guid":{"rendered":"http:\/\/www.editiondaslabor.de\/blog\/?p=68133"},"modified":"2022-02-22T18:06:47","modified_gmt":"2022-02-22T17:06:47","slug":"freiheit-2","status":"publish","type":"post","link":"http:\/\/www.editiondaslabor.de\/blog\/2021\/11\/15\/freiheit-2\/","title":{"rendered":"Freiheit"},"content":{"rendered":"\r\n<p style=\"text-align: justify;\">\u00a0<\/p>\r\n<p style=\"text-align: justify;\">Die gesamte Unterkellerung des Bahnhofsgeb\u00e4udes \u00fcbernehmen die Zug\u00e4nge zu den U-Bahnen. Dort finden sich dann auch alle zwanzig Meter blaue Hinweisschilder mit wei\u00dfer Aufschrift. Diese bezeichnen nicht nur die Ein und Ausg\u00e4nge des Bahnhofs nach Himmelsrichtungen, sondern auch st\u00e4dtische Einrichtungen in der N\u00e4he des Bahnhofs. Dem ortskundigen Benutzer dieser G\u00e4nge sind die richtungsweisenden Benennungen einsichtig, er stutzt ein wenig, als das mit Pfeilen versehene Wort FREIHEIT ihn wiederholt an der damit verbundenen Vorstellung eines zentralen Platzes hindert.<\/p>\r\n\r\n\r\n\r\n<p style=\"text-align: justify;\">Die Sicherheitszone. die die Kl\u00e4ranlage umgibt, wird als solche durch signalgelbe Beschilderung an den Z\u00e4unen ausgewiesen. Der Unbefugte wagt sich nicht einmal an die Umz\u00e4unung heran, ohne sich um die wirklichen Gr\u00fcnde zu k\u00fcmmern.<\/p>\r\n\r\n\r\n\r\n<p style=\"text-align: justify;\">\u00a0<\/p>\r\n<p>&nbsp;<\/p>\r\n\r\n\r\n\r\n<p class=\"has-text-align-center\" style=\"text-align: center;\">***<\/p>\r\n\r\n\r\n\r\n<p style=\"text-align: justify;\"><strong>Delta<\/strong> &#8230; als sei ihre Unsichtbarkeit nichts weiter, von Angelika Janz 2021<\/p>\r\n\r\n\r\n\r\n<div class=\"wp-block-image\" style=\"text-align: justify;\">\r\n<figure class=\"alignleft is-resized\"><img loading=\"lazy\" decoding=\"async\" src=\"http:\/\/www.editiondaslabor.de\/blog\/wp-content\/uploads\/2020\/07\/Delta-1024x1024.jpg\" alt=\"Dieses Bild hat ein leeres Alt-Attribut. Der Dateiname ist Delta-1024x1024.jpg\" width=\"256\" height=\"256\" \/><\/figure>\r\n<\/div>\r\n\r\n\r\n\r\n<p style=\"text-align: justify;\">Angelika Janz erz\u00e4hlt im <em>Delta<\/em> ganz aus der Innenperspektive und schafft eine leicht verfremdete Atmosph\u00e4re. Mit sezierendem Blick und literarisch sehr eigenwillig zeigt sie eine soziale Gemeinschaft und eine Gesellschaft, die sich selbst zersetzen. \u00dcber eine zusammenh\u00e4ngende Folge hinweg wird die Geschichte durch die vielen kleinen redundanten Bewu\u00dftseinsstr\u00f6me in Offene gef\u00fchrt.<\/p>\r\n\r\n\r\n\r\n<p style=\"text-align: justify;\"><strong>Weiterf\u00fchrend\u00a0\u2192\u00a0<\/strong><\/p>\r\n\r\n\r\n\r\n<p style=\"text-align: justify;\">Lesen Sie auch das <a href=\"http:\/\/www.editiondaslabor.de\/blog\/?p=36409\">Kollegengespr\u00e4ch<\/a>, das A.J. Weigoni mit Angelika Janz \u00fcber den Zyklus <em>fern, fern<\/em> gef\u00fchrt hat. Vertiefend ein <a href=\"http:\/\/www.editiondaslabor.de\/blog\/?p=22835\">Portr\u00e4t <\/a>\u00fcber ihre interdisziplin\u00e4re T\u00e4tigkeit, sowie einen <a href=\"http:\/\/www.editiondaslabor.de\/blog\/?p=29450\">Essay<\/a> der <em>Fragmenttexterin<\/em>. Ebenfalls im KUNO-Archiv: Jan Kuhlbrodt mit einer <a href=\"http:\/\/www.editiondaslabor.de\/blog\/2012\/11\/05\/asthetische-prothetik\/\">Ann\u00e4herung<\/a> an die visuellen Arbeiten von Angelika Janz. Und nicht zuletzt, Michael Gratz \u00fcber Angelika Janz\u2018<a href=\"http:\/\/www.editiondaslabor.de\/blog\/2012\/11\/05\/freiraum\/\"> tEXt bILd<\/a><\/p>\r\n","protected":false},"excerpt":{"rendered":"<p>\u00a0 Die gesamte Unterkellerung des Bahnhofsgeb\u00e4udes \u00fcbernehmen die Zug\u00e4nge zu den U-Bahnen. Dort finden sich dann auch alle zwanzig Meter blaue Hinweisschilder mit wei\u00dfer Aufschrift. Diese bezeichnen nicht nur die Ein und Ausg\u00e4nge des Bahnhofs nach Himmelsrichtungen, sondern auch st\u00e4dtische&hellip;<\/p>\n<p class=\"more-link-p\"><a class=\"more-link\" href=\"http:\/\/www.editiondaslabor.de\/blog\/2021\/11\/15\/freiheit-2\/\">Read more &rarr;<\/a><\/p>\n","protected":false},"author":53,"featured_media":97868,"comment_status":"closed","ping_status":"closed","sticky":false,"template":"","format":"standard","meta":{"footnotes":""},"categories":[1],"tags":[918],"class_list":["post-68133","post","type-post","status-publish","format-standard","has-post-thumbnail","hentry","category-literatur","tag-angelika-janz"],"_links":{"self":[{"href":"http:\/\/www.editiondaslabor.de\/blog\/wp-json\/wp\/v2\/posts\/68133","targetHints":{"allow":["GET"]}}],"collection":[{"href":"http:\/\/www.editiondaslabor.de\/blog\/wp-json\/wp\/v2\/posts"}],"about":[{"href":"http:\/\/www.editiondaslabor.de\/blog\/wp-json\/wp\/v2\/types\/post"}],"author":[{"embeddable":true,"href":"http:\/\/www.editiondaslabor.de\/blog\/wp-json\/wp\/v2\/users\/53"}],"replies":[{"embeddable":true,"href":"http:\/\/www.editiondaslabor.de\/blog\/wp-json\/wp\/v2\/comments?post=68133"}],"version-history":[{"count":1,"href":"http:\/\/www.editiondaslabor.de\/blog\/wp-json\/wp\/v2\/posts\/68133\/revisions"}],"predecessor-version":[{"id":99498,"href":"http:\/\/www.editiondaslabor.de\/blog\/wp-json\/wp\/v2\/posts\/68133\/revisions\/99498"}],"wp:featuredmedia":[{"embeddable":true,"href":"http:\/\/www.editiondaslabor.de\/blog\/wp-json\/wp\/v2\/media\/97868"}],"wp:attachment":[{"href":"http:\/\/www.editiondaslabor.de\/blog\/wp-json\/wp\/v2\/media?parent=68133"}],"wp:term":[{"taxonomy":"category","embeddable":true,"href":"http:\/\/www.editiondaslabor.de\/blog\/wp-json\/wp\/v2\/categories?post=68133"},{"taxonomy":"post_tag","embeddable":true,"href":"http:\/\/www.editiondaslabor.de\/blog\/wp-json\/wp\/v2\/tags?post=68133"}],"curies":[{"name":"wp","href":"https:\/\/api.w.org\/{rel}","templated":true}]}}