{"id":68101,"date":"2021-04-19T00:01:00","date_gmt":"2021-04-18T22:01:00","guid":{"rendered":"http:\/\/www.editiondaslabor.de\/blog\/?p=68101"},"modified":"2021-04-29T13:42:33","modified_gmt":"2021-04-29T11:42:33","slug":"sand","status":"publish","type":"post","link":"http:\/\/www.editiondaslabor.de\/blog\/2021\/04\/19\/sand\/","title":{"rendered":"Sand"},"content":{"rendered":"\r\n<p>&nbsp;<\/p>\r\n<p style=\"text-align: justify;\">Sie m\u00f6chte die Wohnung mit Sand ausstreuen. Sie m\u00f6chte schon beim Gehen durch die Wohnung den aufsteigenden Ekel zu seinem vergessbaren H\u00f6hepunkt treiben.<\/p>\r\n\r\n\r\n\r\n<p style=\"text-align: justify;\">W\u00e4hrend sie die Wohnung mit feuchtem Sand ausstreut, denkt sie an das Zusammenfegen des verkoteten Sandes in Raubtierk\u00e4figen. Dieses Bild beruhigt sie, sie sp\u00fcrt, dass es ihr an Nichts fehlen wird, solange sie mit diesem Bild das Vorhaben ausf\u00fchrt.<\/p>\r\n\r\n\r\n\r\n<p style=\"text-align: justify;\">Als sie die Arbeit beendet hat, beginnt sie zu frieren. Jedes Ansinnen, sich nun zu bewegen, l\u00e4hmt sie. Sie zwingt sich, sich in den Sand zu legen, damit der Sand durch ihre K\u00f6rperw\u00e4rme trocknet.<\/p>\r\n\r\n\r\n\r\n<p style=\"text-align: justify;\">Sie wundert sich sp\u00e4ter nicht mehr, dass sie sich durch den Sand, der nun Allem anhaftet, gar nicht behindert f\u00fchlt. Beim Verlassen der Wohnung legt sie Wert darauf, dass sie bei der R\u00fcckkunft die R\u00e4ume in einem Zustand vorfindet, die der m\u00f6glichen Stimmung bei ihrer Ankunft angemessen ist. Dabei stellt sie sich w\u00e4hrend ihrer Abwesenheit aus der Wohnung schon vor, wie sich alles in der Wohnung vorbereitend auf ihre Ankunft zubewegt.<\/p>\r\n\r\n\r\n\r\n<p style=\"text-align: justify;\">\u00a0<\/p>\r\n\r\n\r\n\r\n<p class=\"has-text-align-center\" style=\"text-align: center;\">***<\/p>\r\n\r\n\r\n\r\n<p style=\"text-align: justify;\"><strong>Delta<\/strong> &#8230; als sei ihre Unsichtbarkeit nichts weiter, von Angelika Janz 2021<\/p>\r\n\r\n\r\n\r\n<div class=\"wp-block-image\" style=\"text-align: justify;\">\r\n<figure class=\"alignleft is-resized\"><img loading=\"lazy\" decoding=\"async\" src=\"http:\/\/www.editiondaslabor.de\/blog\/wp-content\/uploads\/2020\/07\/Delta-1024x1024.jpg\" alt=\"Dieses Bild hat ein leeres Alt-Attribut. Der Dateiname ist Delta-1024x1024.jpg\" width=\"256\" height=\"256\" \/><\/figure>\r\n<\/div>\r\n\r\n\r\n\r\n<p style=\"text-align: justify;\">Angelika Janz erz\u00e4hlt im <em>Delta<\/em> ganz aus der Innenperspektive und schafft eine leicht verfremdete Atmosph\u00e4re. Mit sezierendem Blick und literarisch sehr eigenwillig zeigt sie eine soziale Gemeinschaft und eine Gesellschaft, die sich selbst zersetzen. \u00dcber eine zusammenh\u00e4ngende Folge hinweg wird die Geschichte durch die vielen kleinen redundanten Bewu\u00dftseinsstr\u00f6me in Offene gef\u00fchrt.<\/p>\r\n\r\n\r\n\r\n<p style=\"text-align: justify;\"><strong>Weiterf\u00fchrend\u00a0\u2192\u00a0<\/strong><\/p>\r\n\r\n\r\n\r\n<p style=\"text-align: justify;\">Lesen Sie auch das <a href=\"http:\/\/www.editiondaslabor.de\/blog\/?p=36409\">Kollegengespr\u00e4ch<\/a>, das A.J. Weigoni mit Angelika Janz \u00fcber den Zyklus <em>fern, fern<\/em> gef\u00fchrt hat. Vertiefend ein <a href=\"http:\/\/www.editiondaslabor.de\/blog\/?p=22835\">Portr\u00e4t <\/a>\u00fcber ihre interdisziplin\u00e4re T\u00e4tigkeit, sowie einen <a href=\"http:\/\/www.editiondaslabor.de\/blog\/?p=29450\">Essay<\/a> der <em>Fragmenttexterin<\/em>. Ebenfalls im KUNO-Archiv: Jan Kuhlbrodt mit einer <a href=\"http:\/\/www.editiondaslabor.de\/blog\/2012\/11\/05\/asthetische-prothetik\/\">Ann\u00e4herung<\/a> an die visuellen Arbeiten von Angelika Janz. Und nicht zuletzt, Michael Gratz \u00fcber Angelika Janz\u2018<a href=\"http:\/\/www.editiondaslabor.de\/blog\/2012\/11\/05\/freiraum\/\"> tEXt bILd<\/a><\/p>\r\n","protected":false},"excerpt":{"rendered":"<p>&nbsp; Sie m\u00f6chte die Wohnung mit Sand ausstreuen. Sie m\u00f6chte schon beim Gehen durch die Wohnung den aufsteigenden Ekel zu seinem vergessbaren H\u00f6hepunkt treiben. W\u00e4hrend sie die Wohnung mit feuchtem Sand ausstreut, denkt sie an das Zusammenfegen des verkoteten Sandes&hellip;<\/p>\n<p class=\"more-link-p\"><a class=\"more-link\" href=\"http:\/\/www.editiondaslabor.de\/blog\/2021\/04\/19\/sand\/\">Read more &rarr;<\/a><\/p>\n","protected":false},"author":53,"featured_media":67895,"comment_status":"closed","ping_status":"closed","sticky":false,"template":"","format":"standard","meta":{"footnotes":""},"categories":[1],"tags":[918],"class_list":["post-68101","post","type-post","status-publish","format-standard","has-post-thumbnail","hentry","category-literatur","tag-angelika-janz"],"_links":{"self":[{"href":"http:\/\/www.editiondaslabor.de\/blog\/wp-json\/wp\/v2\/posts\/68101","targetHints":{"allow":["GET"]}}],"collection":[{"href":"http:\/\/www.editiondaslabor.de\/blog\/wp-json\/wp\/v2\/posts"}],"about":[{"href":"http:\/\/www.editiondaslabor.de\/blog\/wp-json\/wp\/v2\/types\/post"}],"author":[{"embeddable":true,"href":"http:\/\/www.editiondaslabor.de\/blog\/wp-json\/wp\/v2\/users\/53"}],"replies":[{"embeddable":true,"href":"http:\/\/www.editiondaslabor.de\/blog\/wp-json\/wp\/v2\/comments?post=68101"}],"version-history":[{"count":0,"href":"http:\/\/www.editiondaslabor.de\/blog\/wp-json\/wp\/v2\/posts\/68101\/revisions"}],"wp:featuredmedia":[{"embeddable":true,"href":"http:\/\/www.editiondaslabor.de\/blog\/wp-json\/"}],"wp:attachment":[{"href":"http:\/\/www.editiondaslabor.de\/blog\/wp-json\/wp\/v2\/media?parent=68101"}],"wp:term":[{"taxonomy":"category","embeddable":true,"href":"http:\/\/www.editiondaslabor.de\/blog\/wp-json\/wp\/v2\/categories?post=68101"},{"taxonomy":"post_tag","embeddable":true,"href":"http:\/\/www.editiondaslabor.de\/blog\/wp-json\/wp\/v2\/tags?post=68101"}],"curies":[{"name":"wp","href":"https:\/\/api.w.org\/{rel}","templated":true}]}}