{"id":68046,"date":"2001-07-23T00:01:00","date_gmt":"2001-07-22T22:01:00","guid":{"rendered":"http:\/\/www.editiondaslabor.de\/blog\/?p=68046"},"modified":"2020-07-11T16:06:21","modified_gmt":"2020-07-11T14:06:21","slug":"68046","status":"publish","type":"post","link":"http:\/\/www.editiondaslabor.de\/blog\/2001\/07\/23\/68046\/","title":{"rendered":":"},"content":{"rendered":"\n<p>abgeschabtes Fl\u00fcstern <\/p>\n\n\n\n<p>das sich aus sich selber sch\u00e4lt: <\/p>\n\n\n\n<p>flennendes Innen <\/p>\n\n\n\n<p>hie und da noch <\/p>\n\n\n\n<p>von Denken durchl\u00f6chert: <\/p>\n\n\n\n<p>horch der Sommer <\/p>\n\n\n\n<p>lacht mit den Toten <\/p>\n\n\n\n<p><\/p>\n\n\n\n<p class=\"has-text-align-center\">***<\/p>\n\n\n\n<h5 class=\"wp-block-heading\">Weiterf\u00fchrend \u2192<\/h5>\n\n\n\n<div class=\"wp-block-image\"><figure class=\"alignleft\"><a href=\"http:\/\/www.editiondaslabor.de\/blog\/wp-admin\/media-upload.php?post_id=17351&amp;type=image&amp;TB_iframe=1\"><img decoding=\"async\" src=\"http:\/\/www.editiondaslabor.de\/blog\/wp-content\/uploads\/2017\/08\/Wortspielhalle-300x300.jpeg\" alt=\"\"\/><\/a><\/figure><\/div>\n\n\n\n<p>Ein Portr\u00e4t von Sophie Reyer findet sich&nbsp;<a href=\"http:\/\/www.editiondaslabor.de\/blog\/?p=18115\">hier<\/a>. In ihrem preisgekr\u00f6nten Essay <a href=\"http:\/\/www.editiondaslabor.de\/blog\/?p=17985\"><em>Referenzuniversum<\/em><\/a> geht sie der Frage nach, wie das Schreiben durch das schreibende Analysieren gebrochen wird. Vertiefend zur Lekt\u00fcre empfohlen, das Kollegengespr\u00e4ch&nbsp;<a href=\"http:\/\/www.editiondaslabor.de\/blog\/?p=19055\">:2= Verweisungszeichen zur Twitteratur<\/a>&nbsp;von Sophie Reyer und A.J. Weigoni zum Projekt <em>Wortspielhalle<\/em>. H\u00f6ren kann man einen Auszug aus der <em>Wortspielhalle<\/em> in der Reihe <a href=\"http:\/\/vordenker.de\/weigoni\/wortspielhalle.htm\">MetaPhon<\/a>.<\/p>\n","protected":false},"excerpt":{"rendered":"<p>abgeschabtes Fl\u00fcstern das sich aus sich selber sch\u00e4lt: flennendes Innen hie und da noch von Denken durchl\u00f6chert: horch der Sommer lacht mit den Toten *** Weiterf\u00fchrend \u2192 Ein Portr\u00e4t von Sophie Reyer findet sich&nbsp;hier. In ihrem preisgekr\u00f6nten Essay Referenzuniversum geht&hellip;<\/p>\n<p class=\"more-link-p\"><a class=\"more-link\" href=\"http:\/\/www.editiondaslabor.de\/blog\/2001\/07\/23\/68046\/\">Read more &rarr;<\/a><\/p>\n","protected":false},"author":100,"featured_media":18239,"comment_status":"closed","ping_status":"closed","sticky":false,"template":"","format":"standard","meta":{"footnotes":""},"categories":[1],"tags":[394],"class_list":["post-68046","post","type-post","status-publish","format-standard","has-post-thumbnail","hentry","category-literatur","tag-sophie-reyer"],"_links":{"self":[{"href":"http:\/\/www.editiondaslabor.de\/blog\/wp-json\/wp\/v2\/posts\/68046","targetHints":{"allow":["GET"]}}],"collection":[{"href":"http:\/\/www.editiondaslabor.de\/blog\/wp-json\/wp\/v2\/posts"}],"about":[{"href":"http:\/\/www.editiondaslabor.de\/blog\/wp-json\/wp\/v2\/types\/post"}],"author":[{"embeddable":true,"href":"http:\/\/www.editiondaslabor.de\/blog\/wp-json\/wp\/v2\/users\/100"}],"replies":[{"embeddable":true,"href":"http:\/\/www.editiondaslabor.de\/blog\/wp-json\/wp\/v2\/comments?post=68046"}],"version-history":[{"count":0,"href":"http:\/\/www.editiondaslabor.de\/blog\/wp-json\/wp\/v2\/posts\/68046\/revisions"}],"wp:featuredmedia":[{"embeddable":true,"href":"http:\/\/www.editiondaslabor.de\/blog\/wp-json\/"}],"wp:attachment":[{"href":"http:\/\/www.editiondaslabor.de\/blog\/wp-json\/wp\/v2\/media?parent=68046"}],"wp:term":[{"taxonomy":"category","embeddable":true,"href":"http:\/\/www.editiondaslabor.de\/blog\/wp-json\/wp\/v2\/categories?post=68046"},{"taxonomy":"post_tag","embeddable":true,"href":"http:\/\/www.editiondaslabor.de\/blog\/wp-json\/wp\/v2\/tags?post=68046"}],"curies":[{"name":"wp","href":"https:\/\/api.w.org\/{rel}","templated":true}]}}