{"id":68000,"date":"2002-10-23T00:12:00","date_gmt":"2002-10-22T22:12:00","guid":{"rendered":"http:\/\/www.editiondaslabor.de\/blog\/?p=68000"},"modified":"2020-07-11T06:15:21","modified_gmt":"2020-07-11T04:15:21","slug":"68000","status":"publish","type":"post","link":"http:\/\/www.editiondaslabor.de\/blog\/2002\/10\/23\/68000\/","title":{"rendered":":"},"content":{"rendered":"\n<p>Lachst du als Wasser <\/p>\n\n\n\n<p>meine Landschaft geht in Kr\u00fcmmung vor dir <\/p>\n\n\n\n<p>auf Dunkelzucht Krallenspur <\/p>\n\n\n\n<p>und Mord ist mein Beruf ja Marktl\u00fccke <\/p>\n\n\n\n<p>wenn Gott als Strauch aus der Erde w\u00e4chst mit jeder <\/p>\n\n\n\n<p>abfallenden Beere Tode stirbt <\/p>\n\n\n\n<p>zieht die Nacht an der Angel den Mond hoch <\/p>\n\n\n\n<p>Knick die Knie ein sei das von Spielen zerrissenes Kind das<\/p>\n\n\n\n<p>das Gras zerzaust au\u00dfen <\/p>\n\n\n\n<p>das Weinen schie\u00dft mir zur\u00fcck in die Augenlider<\/p>\n\n\n\n<p>Winde rennen ums Haus ausgeleert <\/p>\n\n\n\n<p>diese Adern <\/p>\n\n\n\n<p>noch ist Macht im Schnee doch ich wein <\/p>\n\n\n\n<p>wenns kein Geheimnis mehr gibt: <\/p>\n\n\n\n<p><\/p>\n\n\n\n<p class=\"has-text-align-center\">***<\/p>\n\n\n\n<h5 class=\"wp-block-heading\">Weiterf\u00fchrend \u2192<\/h5>\n\n\n\n<div class=\"wp-block-image\"><figure class=\"alignleft size-large is-resized\"><img loading=\"lazy\" decoding=\"async\" src=\"http:\/\/www.editiondaslabor.de\/blog\/wp-content\/uploads\/2020\/07\/image.jpeg\" alt=\"\" class=\"wp-image-66855\" width=\"298\" height=\"298\" srcset=\"http:\/\/www.editiondaslabor.de\/blog\/wp-content\/uploads\/2020\/07\/image.jpeg 596w, http:\/\/www.editiondaslabor.de\/blog\/wp-content\/uploads\/2020\/07\/image-300x300.jpeg 300w, http:\/\/www.editiondaslabor.de\/blog\/wp-content\/uploads\/2020\/07\/image-150x150.jpeg 150w, http:\/\/www.editiondaslabor.de\/blog\/wp-content\/uploads\/2020\/07\/image-560x560.jpeg 560w, http:\/\/www.editiondaslabor.de\/blog\/wp-content\/uploads\/2020\/07\/image-260x260.jpeg 260w, http:\/\/www.editiondaslabor.de\/blog\/wp-content\/uploads\/2020\/07\/image-160x160.jpeg 160w\" sizes=\"auto, (max-width: 298px) 100vw, 298px\" \/><\/figure><\/div>\n\n\n\n<p>Ein Portr\u00e4t von Sophie Reyer findet sich&nbsp;<a href=\"http:\/\/www.editiondaslabor.de\/blog\/?p=18115\">hier<\/a>. In ihrem preisgekr\u00f6nten Essay&nbsp;<a href=\"http:\/\/www.editiondaslabor.de\/blog\/?p=17985\"><em>Referenzuniversum<\/em><\/a>&nbsp;geht sie der Frage nach, wie das Schreiben durch das schreibende Analysieren gebrochen wird. Vertiefend zur Lekt\u00fcre empfohlen, das Kollegengespr\u00e4ch&nbsp;<a href=\"http:\/\/www.editiondaslabor.de\/blog\/?p=19055\">:2= Verweisungszeichen zur Twitteratur<\/a>&nbsp;von Sophie Reyer und A.J. Weigoni zum Projekt&nbsp;<em>Wortspielhalle<\/em>. H\u00f6ren kann man einen Auszug aus der&nbsp;<em>Wortspielhalle<\/em>&nbsp;in der Reihe&nbsp;<a href=\"http:\/\/vordenker.de\/weigoni\/wortspielhalle.htm\">MetaPhon<\/a>.<br \/> <br \/> <br \/><\/p>\n","protected":false},"excerpt":{"rendered":"<p>Lachst du als Wasser meine Landschaft geht in Kr\u00fcmmung vor dir auf Dunkelzucht Krallenspur und Mord ist mein Beruf ja Marktl\u00fccke wenn Gott als Strauch aus der Erde w\u00e4chst mit jeder abfallenden Beere Tode stirbt zieht die Nacht an der&hellip;<\/p>\n<p class=\"more-link-p\"><a class=\"more-link\" href=\"http:\/\/www.editiondaslabor.de\/blog\/2002\/10\/23\/68000\/\">Read more &rarr;<\/a><\/p>\n","protected":false},"author":100,"featured_media":18239,"comment_status":"closed","ping_status":"closed","sticky":false,"template":"","format":"standard","meta":{"footnotes":""},"categories":[1],"tags":[394],"class_list":["post-68000","post","type-post","status-publish","format-standard","has-post-thumbnail","hentry","category-literatur","tag-sophie-reyer"],"_links":{"self":[{"href":"http:\/\/www.editiondaslabor.de\/blog\/wp-json\/wp\/v2\/posts\/68000","targetHints":{"allow":["GET"]}}],"collection":[{"href":"http:\/\/www.editiondaslabor.de\/blog\/wp-json\/wp\/v2\/posts"}],"about":[{"href":"http:\/\/www.editiondaslabor.de\/blog\/wp-json\/wp\/v2\/types\/post"}],"author":[{"embeddable":true,"href":"http:\/\/www.editiondaslabor.de\/blog\/wp-json\/wp\/v2\/users\/100"}],"replies":[{"embeddable":true,"href":"http:\/\/www.editiondaslabor.de\/blog\/wp-json\/wp\/v2\/comments?post=68000"}],"version-history":[{"count":0,"href":"http:\/\/www.editiondaslabor.de\/blog\/wp-json\/wp\/v2\/posts\/68000\/revisions"}],"wp:featuredmedia":[{"embeddable":true,"href":"http:\/\/www.editiondaslabor.de\/blog\/wp-json\/"}],"wp:attachment":[{"href":"http:\/\/www.editiondaslabor.de\/blog\/wp-json\/wp\/v2\/media?parent=68000"}],"wp:term":[{"taxonomy":"category","embeddable":true,"href":"http:\/\/www.editiondaslabor.de\/blog\/wp-json\/wp\/v2\/categories?post=68000"},{"taxonomy":"post_tag","embeddable":true,"href":"http:\/\/www.editiondaslabor.de\/blog\/wp-json\/wp\/v2\/tags?post=68000"}],"curies":[{"name":"wp","href":"https:\/\/api.w.org\/{rel}","templated":true}]}}