{"id":67988,"date":"2002-06-23T00:00:00","date_gmt":"2002-06-22T22:00:00","guid":{"rendered":"http:\/\/www.editiondaslabor.de\/blog\/?p=67988"},"modified":"2020-07-11T06:02:30","modified_gmt":"2020-07-11T04:02:30","slug":"67988","status":"publish","type":"post","link":"http:\/\/www.editiondaslabor.de\/blog\/2002\/06\/23\/67988\/","title":{"rendered":":"},"content":{"rendered":"\n<p>Sie ist ihre eigene Halluzination, sie hat <\/p>\n\n\n\n<p>keine R\u00e4nder. Sie schluckt Haare, Mandarinenf\u00e4den, sie <\/p>\n\n\n\n<p>erstickt an ihren Str\u00e4hnen. Sein Schauen will <\/p>\n\n\n\n<p>zu ihr, macht einen Sprung auf sie zu, sie, <\/p>\n\n\n\n<p>Schaukelpferdchen und immernerv\u00f6s, zuckt zur\u00fcck, <\/p>\n\n\n\n<p>nichts gehorcht, sie ist der Wahnsinn, sie ist die Traurigkeit, <\/p>\n\n\n\n<p>sie f\u00fchlt nicht, alles da, alle Empfindungen da, dicht, <\/p>\n\n\n\n<p>ohne Zeit, wie ein Haus mit R\u00e4umen, <\/p>\n\n\n\n<p>gibt es keine Zeit. <\/p>\n\n\n\n<p><\/p>\n\n\n\n<p class=\"has-text-align-center\">***<\/p>\n\n\n\n<h5 class=\"wp-block-heading\">Weiterf\u00fchrend \u2192<\/h5>\n\n\n\n<div class=\"wp-block-image\"><figure class=\"alignleft size-large is-resized\"><img loading=\"lazy\" decoding=\"async\" src=\"http:\/\/www.editiondaslabor.de\/blog\/wp-content\/uploads\/2020\/07\/image.jpeg\" alt=\"\" class=\"wp-image-66855\" width=\"298\" height=\"298\" srcset=\"http:\/\/www.editiondaslabor.de\/blog\/wp-content\/uploads\/2020\/07\/image.jpeg 596w, http:\/\/www.editiondaslabor.de\/blog\/wp-content\/uploads\/2020\/07\/image-300x300.jpeg 300w, http:\/\/www.editiondaslabor.de\/blog\/wp-content\/uploads\/2020\/07\/image-150x150.jpeg 150w, http:\/\/www.editiondaslabor.de\/blog\/wp-content\/uploads\/2020\/07\/image-560x560.jpeg 560w, http:\/\/www.editiondaslabor.de\/blog\/wp-content\/uploads\/2020\/07\/image-260x260.jpeg 260w, http:\/\/www.editiondaslabor.de\/blog\/wp-content\/uploads\/2020\/07\/image-160x160.jpeg 160w\" sizes=\"auto, (max-width: 298px) 100vw, 298px\" \/><\/figure><\/div>\n\n\n\n<p>Ein Portr\u00e4t von Sophie Reyer findet sich&nbsp;<a href=\"http:\/\/www.editiondaslabor.de\/blog\/?p=18115\">hier<\/a>. In ihrem preisgekr\u00f6nten Essay&nbsp;<a href=\"http:\/\/www.editiondaslabor.de\/blog\/?p=17985\"><em>Referenzuniversum<\/em><\/a>&nbsp;geht sie der Frage nach, wie das Schreiben durch das schreibende Analysieren gebrochen wird. Vertiefend zur Lekt\u00fcre empfohlen, das Kollegengespr\u00e4ch&nbsp;<a href=\"http:\/\/www.editiondaslabor.de\/blog\/?p=19055\">:2= Verweisungszeichen zur Twitteratur<\/a>&nbsp;von Sophie Reyer und A.J. Weigoni zum Projekt&nbsp;<em>Wortspielhalle<\/em>. H\u00f6ren kann man einen Auszug aus der&nbsp;<em>Wortspielhalle<\/em>&nbsp;in der Reihe&nbsp;<a href=\"http:\/\/vordenker.de\/weigoni\/wortspielhalle.htm\">MetaPhon<\/a>.<br \/> <br \/> <br \/><\/p>\n","protected":false},"excerpt":{"rendered":"<p>Sie ist ihre eigene Halluzination, sie hat keine R\u00e4nder. Sie schluckt Haare, Mandarinenf\u00e4den, sie erstickt an ihren Str\u00e4hnen. Sein Schauen will zu ihr, macht einen Sprung auf sie zu, sie, Schaukelpferdchen und immernerv\u00f6s, zuckt zur\u00fcck, nichts gehorcht, sie ist der&hellip;<\/p>\n<p class=\"more-link-p\"><a class=\"more-link\" href=\"http:\/\/www.editiondaslabor.de\/blog\/2002\/06\/23\/67988\/\">Read more &rarr;<\/a><\/p>\n","protected":false},"author":100,"featured_media":18239,"comment_status":"closed","ping_status":"closed","sticky":false,"template":"","format":"standard","meta":{"footnotes":""},"categories":[1],"tags":[394],"class_list":["post-67988","post","type-post","status-publish","format-standard","has-post-thumbnail","hentry","category-literatur","tag-sophie-reyer"],"_links":{"self":[{"href":"http:\/\/www.editiondaslabor.de\/blog\/wp-json\/wp\/v2\/posts\/67988","targetHints":{"allow":["GET"]}}],"collection":[{"href":"http:\/\/www.editiondaslabor.de\/blog\/wp-json\/wp\/v2\/posts"}],"about":[{"href":"http:\/\/www.editiondaslabor.de\/blog\/wp-json\/wp\/v2\/types\/post"}],"author":[{"embeddable":true,"href":"http:\/\/www.editiondaslabor.de\/blog\/wp-json\/wp\/v2\/users\/100"}],"replies":[{"embeddable":true,"href":"http:\/\/www.editiondaslabor.de\/blog\/wp-json\/wp\/v2\/comments?post=67988"}],"version-history":[{"count":0,"href":"http:\/\/www.editiondaslabor.de\/blog\/wp-json\/wp\/v2\/posts\/67988\/revisions"}],"wp:featuredmedia":[{"embeddable":true,"href":"http:\/\/www.editiondaslabor.de\/blog\/wp-json\/"}],"wp:attachment":[{"href":"http:\/\/www.editiondaslabor.de\/blog\/wp-json\/wp\/v2\/media?parent=67988"}],"wp:term":[{"taxonomy":"category","embeddable":true,"href":"http:\/\/www.editiondaslabor.de\/blog\/wp-json\/wp\/v2\/categories?post=67988"},{"taxonomy":"post_tag","embeddable":true,"href":"http:\/\/www.editiondaslabor.de\/blog\/wp-json\/wp\/v2\/tags?post=67988"}],"curies":[{"name":"wp","href":"https:\/\/api.w.org\/{rel}","templated":true}]}}