{"id":67938,"date":"2000-11-23T00:29:00","date_gmt":"2000-11-22T23:29:00","guid":{"rendered":"http:\/\/www.editiondaslabor.de\/blog\/?p=67938"},"modified":"2020-07-10T07:35:45","modified_gmt":"2020-07-10T05:35:45","slug":"67938","status":"publish","type":"post","link":"http:\/\/www.editiondaslabor.de\/blog\/2000\/11\/23\/67938\/","title":{"rendered":":"},"content":{"rendered":"\n<p>Sie will einen K\u00f6pfler in ihn <\/p>\n\n\n\n<p>hinein machen wie man das in Wasser macht <\/p>\n\n\n\n<p>so a la meine Zunge ist ein Fl\u00fcgel, sie schl\u00e4gt nach <\/p>\n\n\n\n<p>dir <\/p>\n\n\n\n<p>Ausgebrannt\/ Wegschwemmen und <\/p>\n\n\n\n<p>zusammenschlagen <\/p>\n\n\n\n<p>der Brunnen der Worte <\/p>\n\n\n\n<p>die Papierflieger Worte <\/p>\n\n\n\n<p>die Worte Augengef\u00e4\u00dfe Augenfedern mit <\/p>\n\n\n\n<p>Miniaturfl\u00fcgeln verankern fest was sich nicht <\/p>\n\n\n\n<p>fassen l\u00e4sst denken die Welt zu Ende <\/p>\n\n\n\n<p>die Liebe ist ein Schmerzlicht so z\u00fcndet Er <\/p>\n\n\n\n<p>sie an<\/p>\n\n\n\n<p><\/p>\n\n\n\n<p class=\"has-text-align-center\">***<\/p>\n\n\n\n<h5 class=\"wp-block-heading\">Weiterf\u00fchrend \u2192<\/h5>\n\n\n\n<div class=\"wp-block-image\"><figure class=\"alignleft\"><a href=\"http:\/\/www.editiondaslabor.de\/blog\/wp-admin\/media-upload.php?post_id=17351&amp;type=image&amp;TB_iframe=1\"><img decoding=\"async\" src=\"http:\/\/www.editiondaslabor.de\/blog\/wp-content\/uploads\/2017\/08\/Wortspielhalle-300x300.jpeg\" alt=\"\"\/><\/a><\/figure><\/div>\n\n\n\n<p>Ein Portr\u00e4t von Sophie Reyer findet sich&nbsp;<a href=\"http:\/\/www.editiondaslabor.de\/blog\/?p=18115\">hier<\/a>. In ihrem preisgekr\u00f6nten Essay <a href=\"http:\/\/www.editiondaslabor.de\/blog\/?p=17985\"><em>Referenzuniversum<\/em><\/a> geht sie der Frage nach, wie das Schreiben durch das schreibende Analysieren gebrochen wird. Vertiefend zur Lekt\u00fcre empfohlen, das Kollegengespr\u00e4ch&nbsp;<a href=\"http:\/\/www.editiondaslabor.de\/blog\/?p=19055\">:2= Verweisungszeichen zur Twitteratur<\/a>&nbsp;von Sophie Reyer und A.J. Weigoni zum Projekt <em>Wortspielhalle<\/em>. H\u00f6ren kann man einen Auszug aus der <em>Wortspielhalle<\/em> in der Reihe <a href=\"http:\/\/vordenker.de\/weigoni\/wortspielhalle.htm\">MetaPhon<\/a>.<\/p>\n","protected":false},"excerpt":{"rendered":"<p>Sie will einen K\u00f6pfler in ihn hinein machen wie man das in Wasser macht so a la meine Zunge ist ein Fl\u00fcgel, sie schl\u00e4gt nach dir Ausgebrannt\/ Wegschwemmen und zusammenschlagen der Brunnen der Worte die Papierflieger Worte die Worte Augengef\u00e4\u00dfe&hellip;<\/p>\n<p class=\"more-link-p\"><a class=\"more-link\" href=\"http:\/\/www.editiondaslabor.de\/blog\/2000\/11\/23\/67938\/\">Read more &rarr;<\/a><\/p>\n","protected":false},"author":100,"featured_media":18239,"comment_status":"closed","ping_status":"closed","sticky":false,"template":"","format":"standard","meta":{"footnotes":""},"categories":[1],"tags":[394],"class_list":["post-67938","post","type-post","status-publish","format-standard","has-post-thumbnail","hentry","category-literatur","tag-sophie-reyer"],"_links":{"self":[{"href":"http:\/\/www.editiondaslabor.de\/blog\/wp-json\/wp\/v2\/posts\/67938","targetHints":{"allow":["GET"]}}],"collection":[{"href":"http:\/\/www.editiondaslabor.de\/blog\/wp-json\/wp\/v2\/posts"}],"about":[{"href":"http:\/\/www.editiondaslabor.de\/blog\/wp-json\/wp\/v2\/types\/post"}],"author":[{"embeddable":true,"href":"http:\/\/www.editiondaslabor.de\/blog\/wp-json\/wp\/v2\/users\/100"}],"replies":[{"embeddable":true,"href":"http:\/\/www.editiondaslabor.de\/blog\/wp-json\/wp\/v2\/comments?post=67938"}],"version-history":[{"count":0,"href":"http:\/\/www.editiondaslabor.de\/blog\/wp-json\/wp\/v2\/posts\/67938\/revisions"}],"wp:featuredmedia":[{"embeddable":true,"href":"http:\/\/www.editiondaslabor.de\/blog\/wp-json\/"}],"wp:attachment":[{"href":"http:\/\/www.editiondaslabor.de\/blog\/wp-json\/wp\/v2\/media?parent=67938"}],"wp:term":[{"taxonomy":"category","embeddable":true,"href":"http:\/\/www.editiondaslabor.de\/blog\/wp-json\/wp\/v2\/categories?post=67938"},{"taxonomy":"post_tag","embeddable":true,"href":"http:\/\/www.editiondaslabor.de\/blog\/wp-json\/wp\/v2\/tags?post=67938"}],"curies":[{"name":"wp","href":"https:\/\/api.w.org\/{rel}","templated":true}]}}