{"id":67893,"date":"2020-10-20T00:01:00","date_gmt":"2020-10-19T22:01:00","guid":{"rendered":"http:\/\/www.editiondaslabor.de\/blog\/?p=67893"},"modified":"2020-09-28T20:09:10","modified_gmt":"2020-09-28T18:09:10","slug":"beachtenswertes","status":"publish","type":"post","link":"http:\/\/www.editiondaslabor.de\/blog\/2020\/10\/20\/beachtenswertes\/","title":{"rendered":"Beachtenswertes"},"content":{"rendered":"\r\n<p style=\"text-align: justify;\">Getrennt voneinander stellte sie sich zur gleichen Zeit zwei Fragen: Was ging au\u00dferhalb des Hauses, im stumpfen Blickwinkel zweier Stra\u00dfen, vor sich? (Sie vernahm drau\u00dfen laute Stimmen in einer fremden Sprache.)<\/p>\r\n\r\n\r\n\r\n<p style=\"text-align: justify;\">Was sollte geschehen, nachdem sie Vorbereitungen getroffen hatte f\u00fcr eine Arbeit, die sie nicht geplant hatte und der sie in keiner Weise geneigt sein konnte?<\/p>\r\n\r\n\r\n\r\n<p style=\"text-align: justify;\">Sie stand unentschieden, mit den Stimmen, mit dem Stra\u00dfenbild: Hier prallte eine absch\u00fcssige Stra\u00dfe frontal aufs Haus zu, spreizte sich aber dann rechts und links der Fenster geradewegs, das Haus in die Mitte nehmend.<\/p>\r\n\r\n\r\n\r\n<p style=\"text-align: justify;\">Sie stand unentschieden in der Unauff\u00e4lligkeit ihres Zimmers, ratlos verhalten zu den Dingen, die sich auffordernd und ohne Ausnahme aufeinander und somit auf sie bezogen, deren zwingende Gesetzlichkeit sich ihr fortlaufend entzog.<\/p>\r\n\r\n\r\n\r\n<p style=\"text-align: justify;\">Nicht im Entferntesten versp\u00fcrte sie den Willen, auf beide Fragen eine bewegliche Antwort zu finden, beide Fragen aufeinander einzuspielen.<\/p>\r\n\r\n\r\n\r\n<p style=\"text-align: justify;\">Sie w\u00fcnschte sich einmal, Geschichten schreiben zu k\u00f6nnen \u00fcber Personen, die in Wirklichkeit gar nicht existieren konnten -, und doch m\u00fcsste beim Lesen dieser Geschichten die Einsicht ins Lebendige inniger sein, als es je in Wirklichkeit m\u00f6glich w\u00e4re.<\/p>\r\n\r\n\r\n\r\n<p class=\"has-large-font-size\" style=\"text-align: justify;\">\u00a0<\/p>\r\n\r\n\r\n\r\n<p class=\"has-text-align-center\" style=\"text-align: center;\">***<\/p>\r\n\r\n\r\n\r\n<p style=\"text-align: justify;\"><strong>Delta<\/strong> &#8230; als sei ihre Unsichtbarkeit nichts weiter, von Angelika Janz 2020<\/p>\r\n\r\n\r\n\r\n<div class=\"wp-block-image\" style=\"text-align: justify;\">\r\n<figure class=\"alignleft size-large is-resized\"><img loading=\"lazy\" decoding=\"async\" class=\"wp-image-67895\" src=\"http:\/\/www.editiondaslabor.de\/blog\/wp-content\/uploads\/2020\/07\/Delta-1024x1024.jpg\" alt=\"\" width=\"256\" height=\"256\" \/><\/figure>\r\n<\/div>\r\n\r\n\r\n\r\n<p style=\"text-align: justify;\">Angelika Janz erz\u00e4hlt im <em>Delta<\/em> ganz aus der Innenperspektive und schafft eine leicht verfremdete Atmosph\u00e4re. Mit sezierendem Blick und literarisch sehr eigenwillig zeigt sie eine soziale Gemeinschaft und eine Gesellschaft, die sich selbst zersetzen. \u00dcber eine zusammenh\u00e4ngende Folge hinweg wird die Geschichte durch die vielen kleinen redundanten Bewu\u00dftseinsstr\u00f6me in Offene gef\u00fchrt.<\/p>\r\n\r\n\r\n\r\n<p style=\"text-align: justify;\"><strong>Weiterf\u00fchrend\u00a0\u2192\u00a0<\/strong><\/p>\r\n\r\n\r\n\r\n<p style=\"text-align: justify;\">Lesen Sie auch das <a href=\"http:\/\/www.editiondaslabor.de\/blog\/?p=36409\">Kollegengespr\u00e4ch<\/a>, das A.J. Weigoni mit Angelika Janz \u00fcber den Zyklus <em>fern, fern<\/em> gef\u00fchrt hat. Vertiefend ein <a href=\"http:\/\/www.editiondaslabor.de\/blog\/?p=22835\">Portr\u00e4t <\/a>\u00fcber ihre interdisziplin\u00e4re T\u00e4tigkeit, sowie einen <a href=\"http:\/\/www.editiondaslabor.de\/blog\/?p=29450\">Essay<\/a> der <em>Fragmenttexterin<\/em>. Ebenfalls im KUNO-Archiv: Jan Kuhlbrodt mit einer <a href=\"http:\/\/www.editiondaslabor.de\/blog\/2012\/11\/05\/asthetische-prothetik\/\">Ann\u00e4herung<\/a> an die visuellen Arbeiten von Angelika Janz. Und nicht zuletzt, Michael Gratz \u00fcber Angelika Janz\u2018<a href=\"http:\/\/www.editiondaslabor.de\/blog\/2012\/11\/05\/freiraum\/\"> tEXt bILd<\/a><\/p>\r\n","protected":false},"excerpt":{"rendered":"<p>Getrennt voneinander stellte sie sich zur gleichen Zeit zwei Fragen: Was ging au\u00dferhalb des Hauses, im stumpfen Blickwinkel zweier Stra\u00dfen, vor sich? (Sie vernahm drau\u00dfen laute Stimmen in einer fremden Sprache.) Was sollte geschehen, nachdem sie Vorbereitungen getroffen hatte f\u00fcr&hellip;<\/p>\n<p class=\"more-link-p\"><a class=\"more-link\" href=\"http:\/\/www.editiondaslabor.de\/blog\/2020\/10\/20\/beachtenswertes\/\">Read more &rarr;<\/a><\/p>\n","protected":false},"author":53,"featured_media":67895,"comment_status":"closed","ping_status":"closed","sticky":false,"template":"","format":"standard","meta":{"footnotes":""},"categories":[1],"tags":[918],"class_list":["post-67893","post","type-post","status-publish","format-standard","has-post-thumbnail","hentry","category-literatur","tag-angelika-janz"],"_links":{"self":[{"href":"http:\/\/www.editiondaslabor.de\/blog\/wp-json\/wp\/v2\/posts\/67893","targetHints":{"allow":["GET"]}}],"collection":[{"href":"http:\/\/www.editiondaslabor.de\/blog\/wp-json\/wp\/v2\/posts"}],"about":[{"href":"http:\/\/www.editiondaslabor.de\/blog\/wp-json\/wp\/v2\/types\/post"}],"author":[{"embeddable":true,"href":"http:\/\/www.editiondaslabor.de\/blog\/wp-json\/wp\/v2\/users\/53"}],"replies":[{"embeddable":true,"href":"http:\/\/www.editiondaslabor.de\/blog\/wp-json\/wp\/v2\/comments?post=67893"}],"version-history":[{"count":0,"href":"http:\/\/www.editiondaslabor.de\/blog\/wp-json\/wp\/v2\/posts\/67893\/revisions"}],"wp:featuredmedia":[{"embeddable":true,"href":"http:\/\/www.editiondaslabor.de\/blog\/wp-json\/"}],"wp:attachment":[{"href":"http:\/\/www.editiondaslabor.de\/blog\/wp-json\/wp\/v2\/media?parent=67893"}],"wp:term":[{"taxonomy":"category","embeddable":true,"href":"http:\/\/www.editiondaslabor.de\/blog\/wp-json\/wp\/v2\/categories?post=67893"},{"taxonomy":"post_tag","embeddable":true,"href":"http:\/\/www.editiondaslabor.de\/blog\/wp-json\/wp\/v2\/tags?post=67893"}],"curies":[{"name":"wp","href":"https:\/\/api.w.org\/{rel}","templated":true}]}}