{"id":67857,"date":"1999-02-23T00:20:56","date_gmt":"1999-02-22T23:20:56","guid":{"rendered":"http:\/\/www.editiondaslabor.de\/blog\/?p=67857"},"modified":"2020-07-09T19:23:06","modified_gmt":"2020-07-09T17:23:06","slug":"67857","status":"publish","type":"post","link":"http:\/\/www.editiondaslabor.de\/blog\/1999\/02\/23\/67857\/","title":{"rendered":":"},"content":{"rendered":"\n<p>verknotet sich in der Ferne die Stra\u00dfe <\/p>\n\n\n\n<p>die H\u00e4user schreiten nie aus <\/p>\n\n\n\n<p>man m\u00fcsste ein Haus sein<\/p>\n\n\n\n<p>es \u00f6ffnen wie Bl\u00fcten <\/p>\n\n\n\n<p>an uns schmilzt die Sonne je weniger wirs wollen <\/p>\n\n\n\n<p>rechne mich bitte der Landschaft zu:<\/p>\n\n\n\n<p>Windruten<\/p>\n\n\n\n<p><\/p>\n\n\n\n<p class=\"has-text-align-center\">***<\/p>\n\n\n\n<h5 class=\"wp-block-heading\">Weiterf\u00fchrend \u2192<\/h5>\n\n\n\n<div class=\"wp-block-image\"><figure class=\"alignleft\"><a href=\"http:\/\/www.editiondaslabor.de\/blog\/wp-admin\/media-upload.php?post_id=17351&amp;type=image&amp;TB_iframe=1\"><img decoding=\"async\" src=\"http:\/\/www.editiondaslabor.de\/blog\/wp-content\/uploads\/2017\/08\/Wortspielhalle-300x300.jpeg\" alt=\"\"\/><\/a><\/figure><\/div>\n\n\n\n<p>Ein Portr\u00e4t von Sophie Reyer findet sich&nbsp;<a href=\"http:\/\/www.editiondaslabor.de\/blog\/?p=18115\">hier<\/a>. In ihrem preisgekr\u00f6nten Essay <a href=\"http:\/\/www.editiondaslabor.de\/blog\/?p=17985\"><em>Referenzuniversum<\/em><\/a> geht sie der Frage nach, wie das Schreiben durch das schreibende Analysieren gebrochen wird. Vertiefend zur Lekt\u00fcre empfohlen, das Kollegengespr\u00e4ch&nbsp;<a href=\"http:\/\/www.editiondaslabor.de\/blog\/?p=19055\">:2= Verweisungszeichen zur Twitteratur<\/a>&nbsp;von Sophie Reyer und A.J. Weigoni zum Projekt <em>Wortspielhalle<\/em>. H\u00f6ren kann man einen Auszug aus der <em>Wortspielhalle<\/em> in der Reihe <a href=\"http:\/\/vordenker.de\/weigoni\/wortspielhalle.htm\">MetaPhon<\/a>.<\/p>\n","protected":false},"excerpt":{"rendered":"<p>verknotet sich in der Ferne die Stra\u00dfe die H\u00e4user schreiten nie aus man m\u00fcsste ein Haus sein es \u00f6ffnen wie Bl\u00fcten an uns schmilzt die Sonne je weniger wirs wollen rechne mich bitte der Landschaft zu: Windruten *** Weiterf\u00fchrend \u2192&hellip;<\/p>\n<p class=\"more-link-p\"><a class=\"more-link\" href=\"http:\/\/www.editiondaslabor.de\/blog\/1999\/02\/23\/67857\/\">Read more &rarr;<\/a><\/p>\n","protected":false},"author":100,"featured_media":18239,"comment_status":"closed","ping_status":"closed","sticky":false,"template":"","format":"standard","meta":{"footnotes":""},"categories":[1],"tags":[394],"class_list":["post-67857","post","type-post","status-publish","format-standard","has-post-thumbnail","hentry","category-literatur","tag-sophie-reyer"],"_links":{"self":[{"href":"http:\/\/www.editiondaslabor.de\/blog\/wp-json\/wp\/v2\/posts\/67857","targetHints":{"allow":["GET"]}}],"collection":[{"href":"http:\/\/www.editiondaslabor.de\/blog\/wp-json\/wp\/v2\/posts"}],"about":[{"href":"http:\/\/www.editiondaslabor.de\/blog\/wp-json\/wp\/v2\/types\/post"}],"author":[{"embeddable":true,"href":"http:\/\/www.editiondaslabor.de\/blog\/wp-json\/wp\/v2\/users\/100"}],"replies":[{"embeddable":true,"href":"http:\/\/www.editiondaslabor.de\/blog\/wp-json\/wp\/v2\/comments?post=67857"}],"version-history":[{"count":0,"href":"http:\/\/www.editiondaslabor.de\/blog\/wp-json\/wp\/v2\/posts\/67857\/revisions"}],"wp:featuredmedia":[{"embeddable":true,"href":"http:\/\/www.editiondaslabor.de\/blog\/wp-json\/"}],"wp:attachment":[{"href":"http:\/\/www.editiondaslabor.de\/blog\/wp-json\/wp\/v2\/media?parent=67857"}],"wp:term":[{"taxonomy":"category","embeddable":true,"href":"http:\/\/www.editiondaslabor.de\/blog\/wp-json\/wp\/v2\/categories?post=67857"},{"taxonomy":"post_tag","embeddable":true,"href":"http:\/\/www.editiondaslabor.de\/blog\/wp-json\/wp\/v2\/tags?post=67857"}],"curies":[{"name":"wp","href":"https:\/\/api.w.org\/{rel}","templated":true}]}}