{"id":67714,"date":"2007-08-10T00:41:00","date_gmt":"2007-08-09T22:41:00","guid":{"rendered":"http:\/\/www.editiondaslabor.de\/blog\/?p=67714"},"modified":"2020-07-08T07:43:47","modified_gmt":"2020-07-08T05:43:47","slug":"eine-entschiedene-vorlaeufigkeit","status":"publish","type":"post","link":"http:\/\/www.editiondaslabor.de\/blog\/2007\/08\/10\/eine-entschiedene-vorlaeufigkeit\/","title":{"rendered":"Eine entschiedene Vorl\u00e4ufigkeit"},"content":{"rendered":"\n<p>Nichts vermutlich geschah sofort.<br \/>\nWorte als Pelziges<br \/>\nauf der Zunge<br \/>\nversickerten im sandigen K\u00f6rpergef\u00fchl<br \/>\nohne Ankunft.<br \/>\nZerstoben sp\u00e4ter am gl\u00fchenden Kern<br \/>\naus Metaphernsubstrat.<\/p>\n\n\n\n<p>O Haut nach<br \/>\nzwanghaftem Entleeren des Schlafes in Schlaf!<br \/>\nHaut, du umspanntest die weiche Form<br \/>\nsich t\u00e4glich rettender Stoffe<br \/>\nvor allem Zerfall.<\/p>\n\n\n\n<p>Blitz, macht der Schmerz,<br \/>\nBlitz wie er einsticht und w\u00fchlt<br \/>\nauf der Haut birst seine Kugelfaust vor dem Einschlag.<\/p>\n\n\n\n<p>Womit haben sie dich,<br \/>\nGef\u00e4\u00df kranker Substanzen,<br \/>\nObjekt anonymer<br \/>\nBegierden und Pflichten<br \/>\ndenn aufgewogen?<\/p>\n\n\n\n<p>Der Kopf als Beweger,<br \/>\ner wehrt sich,<br \/>\ner pumpt und pulsiert, will meine<br \/>\nHerzschl\u00e4ge treiben, vertreiben.<\/p>\n\n\n\n<p>Okay, als habe man dich handlich<br \/>\nzusammengeschlagen,<br \/>\nes war genau das,<br \/>\ndieses Fremdgewordensein,<br \/>\nKopfbeschlagung, bliebst zu tief<br \/>\n\u00fcber immer fremde<br \/>\nSchreibtische gebeugt.<\/p>\n\n\n\n<p>Die R\u00e4ume des Zufalls und des Flanierens schwinden.<br \/>\nGefahr w\u00e4chst mit neuen Geometrien<br \/>\nschwer zu bedienender Angsttastaturen.<br \/>\nIns Blaue hinein zu bedienen,<br \/>\nin das laue Gepl\u00e4nkel der neuen Dichter.<\/p>\n\n\n\n<p>F\u00fcr dich<br \/>\nm\u00fcssen sie blasse Sprachbilder<br \/>\nwiederholen, f\u00fcr dich m\u00fcssen sie<br \/>\nSprache verst\u00e4rken,<br \/>\nf\u00fcr dich etwa<br \/>\nsollen sie Zeichen mit neuen Gesten erfinden?<\/p>\n\n\n\n<p>Schau, sie erwarten, da\u00df du<br \/>\nin ihr gr\u00e4uliches Lachen einstimmst mit Worten.<\/p>\n\n\n\n<p>L\u00e4rmend sind die Funktionen des Kopfes<br \/>\nins Lauschen gespannt, t\u00e4uschend echt als Ger\u00e4usche<br \/>\neinstigen Alltags getarnt.<\/p>\n\n\n\n<p>Sie schneiden schon wieder dir Fenster<br \/>\nin schmerzangespannte Haut, in<br \/>\nRinden und Knochen des gr\u00f6\u00dfer werdenden Leibes,<br \/>\nder geht,<br \/>\nder Unversehrtheit begehrte,<br \/>\nein \u00dcberflu\u00dfgegen\u00fcber<br \/>\nim eigenen hellwachen Blut,<br \/>\nunter den kalten,<br \/>\ndich f\u00e4llenden Augen<br \/>\nder Operateure.<\/p>\n\n\n\n<p>Nun geh du, geh du nach innen.<\/p>\n\n\n\n<p>Lausch den wilden Stimmen Spielender, Kindern und Tieren.<br \/>\nSie werden dein Stummsein<br \/>\nin Sicherheit bringen.<br \/>\nJetzt bist du aufgestiegen.<br \/>\nIn w\u00e4rmere Schichten<br \/>\nfl\u00fcchtiger Schriftbegegnung.<\/p>\n\n\n\n<p>Deine Vision offner Vergangenheit ist<br \/>\nklare, gekl\u00e4rte Gegenwart:<br \/>\nein alter Schmerz,<br \/>\nder dich erwartungsklein spannt<br \/>\nsag:<br \/>\nMemory as a loan. <\/p>\n\n\n\n<p><\/p>\n\n\n\n<p class=\"has-text-align-center\">***<\/p>\n\n\n\n<div class=\"wp-block-image\"><figure class=\"alignleft size-large\"><img loading=\"lazy\" decoding=\"async\" width=\"299\" height=\"253\" src=\"http:\/\/www.editiondaslabor.de\/blog\/wp-content\/uploads\/2014\/02\/Angelika-Janz.jpg\" alt=\"\" class=\"wp-image-19507\"\/><figcaption>Angelika Janz<\/figcaption><\/figure><\/div>\n\n\n\n<h5 class=\"wp-block-heading\">Weiterf\u00fchrend \u2192<\/h5>\n\n\n\n<p>Lesen Sie auch das <a href=\"http:\/\/www.editiondaslabor.de\/blog\/?p=36409\">Kollegengespr\u00e4ch<\/a>, das A.J. Weigoni mit Angelika Janz \u00fcber den Zyklus <em>fern, fern<\/em> gef\u00fchrt hat. Vertiefend ein <a href=\"http:\/\/www.editiondaslabor.de\/blog\/?p=22835\">Portr\u00e4t <\/a>\u00fcber ihre interdisziplin\u00e4re T\u00e4tigkeit, sowie einen <a href=\"http:\/\/www.editiondaslabor.de\/blog\/?p=29450\">Essay<\/a> der <em>Fragmenttexterin<\/em>. Ebenfalls im KUNO-Archiv: Jan Kuhlbrodt mit einer <a href=\"http:\/\/www.editiondaslabor.de\/blog\/2012\/11\/05\/asthetische-prothetik\/\">Ann\u00e4herung<\/a> an die visuellen Arbeiten von Angelika Janz. Und nicht zuletzt, Michael Gratz \u00fcber Angelika Janz\u2018<a href=\"http:\/\/www.editiondaslabor.de\/blog\/2012\/11\/05\/freiraum\/\"> tEXt bILd<\/a><\/p>\n","protected":false},"excerpt":{"rendered":"<p>Nichts vermutlich geschah sofort. Worte als Pelziges auf der Zunge versickerten im sandigen K\u00f6rpergef\u00fchl ohne Ankunft. Zerstoben sp\u00e4ter am gl\u00fchenden Kern aus Metaphernsubstrat. O Haut nach zwanghaftem Entleeren des Schlafes in Schlaf! Haut, du umspanntest die weiche Form sich t\u00e4glich&hellip;<\/p>\n<p class=\"more-link-p\"><a class=\"more-link\" href=\"http:\/\/www.editiondaslabor.de\/blog\/2007\/08\/10\/eine-entschiedene-vorlaeufigkeit\/\">Read more &rarr;<\/a><\/p>\n","protected":false},"author":53,"featured_media":19507,"comment_status":"closed","ping_status":"closed","sticky":false,"template":"","format":"standard","meta":{"footnotes":""},"categories":[1],"tags":[918],"class_list":["post-67714","post","type-post","status-publish","format-standard","has-post-thumbnail","hentry","category-literatur","tag-angelika-janz"],"_links":{"self":[{"href":"http:\/\/www.editiondaslabor.de\/blog\/wp-json\/wp\/v2\/posts\/67714","targetHints":{"allow":["GET"]}}],"collection":[{"href":"http:\/\/www.editiondaslabor.de\/blog\/wp-json\/wp\/v2\/posts"}],"about":[{"href":"http:\/\/www.editiondaslabor.de\/blog\/wp-json\/wp\/v2\/types\/post"}],"author":[{"embeddable":true,"href":"http:\/\/www.editiondaslabor.de\/blog\/wp-json\/wp\/v2\/users\/53"}],"replies":[{"embeddable":true,"href":"http:\/\/www.editiondaslabor.de\/blog\/wp-json\/wp\/v2\/comments?post=67714"}],"version-history":[{"count":0,"href":"http:\/\/www.editiondaslabor.de\/blog\/wp-json\/wp\/v2\/posts\/67714\/revisions"}],"wp:featuredmedia":[{"embeddable":true,"href":"http:\/\/www.editiondaslabor.de\/blog\/wp-json\/"}],"wp:attachment":[{"href":"http:\/\/www.editiondaslabor.de\/blog\/wp-json\/wp\/v2\/media?parent=67714"}],"wp:term":[{"taxonomy":"category","embeddable":true,"href":"http:\/\/www.editiondaslabor.de\/blog\/wp-json\/wp\/v2\/categories?post=67714"},{"taxonomy":"post_tag","embeddable":true,"href":"http:\/\/www.editiondaslabor.de\/blog\/wp-json\/wp\/v2\/tags?post=67714"}],"curies":[{"name":"wp","href":"https:\/\/api.w.org\/{rel}","templated":true}]}}