{"id":67676,"date":"2004-04-08T00:01:00","date_gmt":"2004-04-07T22:01:00","guid":{"rendered":"http:\/\/www.editiondaslabor.de\/blog\/?p=67676"},"modified":"2021-06-28T07:13:40","modified_gmt":"2021-06-28T05:13:40","slug":"naechtliches-mietshaus","status":"publish","type":"post","link":"http:\/\/www.editiondaslabor.de\/blog\/2004\/04\/08\/naechtliches-mietshaus\/","title":{"rendered":"N\u00e4chtliches Mietshaus"},"content":{"rendered":"\r\n<p>I. <br \/><br \/>Unten sitzt ein Mensch<br \/>der auf den Punkt genau<br \/>ins Ferne sieht.<br \/><br \/>Sie oben, Frau sitzt still,<br \/>den Sternen n\u00e4her, sagt:<br \/>\u201eHier flieht mein <em>Ist<\/em> vorbei\u201c.<br \/><br \/>Einst war sie eingetunkt<br \/>ins immer Gerne.<br \/><br \/>II.<br \/><br \/>Er lag, sie sa\u00df,<br \/>und wie sie einmal stand,<br \/>lag er im Sitzen auf<br \/>in ihrem Stehn allein.<br \/>Auch stand er,<br \/>wie sie sa\u00df,<br \/>gelegen war an ihm ihr<br \/>nur sein Gehen.<br \/><br \/>III.<br \/><br \/>Wir stehn.<br \/>Ich sitze, Du,<br \/>im Liegen.<br \/>Wir steigen aus St\u00f6cken, Werken,<br \/>na\u00df gelegen,<br \/>ins Flitzen auf.<br \/>Wir steigen<br \/>an deiner Lust<br \/>ins Fliegen auf.<br \/><br \/>IV.<br \/><br \/>In jener Nacht<br \/>zogen Intrigen<br \/>w\u00f6lkchenhaft vorbei.<br \/>Ich schwieg. Wir schweigen.<br \/>Wir treiben<br \/>aus Bl\u00f6cken St\u00e4rken,<br \/>ma\u00dfgezogen gegen den Verlust,<br \/>du zeigst<br \/>zum Schein mir Blitze.<\/p>\r\n\r\n\r\n\r\n<p>&nbsp;<\/p>\r\n\r\n\r\n\r\n<p class=\"has-text-align-center\">***<\/p>\r\n\r\n\r\n\r\n<div class=\"wp-block-image\">\r\n<figure class=\"alignleft size-large\"><img loading=\"lazy\" decoding=\"async\" width=\"299\" height=\"253\" class=\"wp-image-19507\" src=\"http:\/\/www.editiondaslabor.de\/blog\/wp-content\/uploads\/2014\/02\/Angelika-Janz.jpg\" alt=\"\" \/>\r\n<figcaption>Angelika Janz<\/figcaption>\r\n<\/figure>\r\n<\/div>\r\n\r\n\r\n\r\n<h5 class=\"wp-block-heading\">Weiterf\u00fchrend \u2192<\/h5>\r\n\r\n\r\n\r\n<p>Lesen Sie auch das <a href=\"http:\/\/www.editiondaslabor.de\/blog\/?p=36409\">Kollegengespr\u00e4ch<\/a>, das A.J. Weigoni mit Angelika Janz \u00fcber den Zyklus <em>fern, fern<\/em> gef\u00fchrt hat. Vertiefend ein <a href=\"http:\/\/www.editiondaslabor.de\/blog\/?p=22835\">Portr\u00e4t <\/a>\u00fcber ihre interdisziplin\u00e4re T\u00e4tigkeit, sowie einen <a href=\"http:\/\/www.editiondaslabor.de\/blog\/?p=29450\">Essay<\/a> der <em>Fragmenttexterin<\/em>. Ebenfalls im KUNO-Archiv: Jan Kuhlbrodt mit einer <a href=\"http:\/\/www.editiondaslabor.de\/blog\/2012\/11\/05\/asthetische-prothetik\/\">Ann\u00e4herung<\/a> an die visuellen Arbeiten von Angelika Janz. Und nicht zuletzt, Michael Gratz \u00fcber Angelika Janz\u2018<a href=\"http:\/\/www.editiondaslabor.de\/blog\/2012\/11\/05\/freiraum\/\"> tEXt bILd<\/a><\/p>\r\n","protected":false},"excerpt":{"rendered":"<p>I. Unten sitzt ein Menschder auf den Punkt genauins Ferne sieht. Sie oben, Frau sitzt still,den Sternen n\u00e4her, sagt:\u201eHier flieht mein Ist vorbei\u201c. Einst war sie eingetunktins immer Gerne. II. Er lag, sie sa\u00df,und wie sie einmal stand,lag er im&hellip;<\/p>\n<p class=\"more-link-p\"><a class=\"more-link\" href=\"http:\/\/www.editiondaslabor.de\/blog\/2004\/04\/08\/naechtliches-mietshaus\/\">Read more &rarr;<\/a><\/p>\n","protected":false},"author":53,"featured_media":19507,"comment_status":"closed","ping_status":"closed","sticky":false,"template":"","format":"standard","meta":{"footnotes":""},"categories":[1],"tags":[918],"class_list":["post-67676","post","type-post","status-publish","format-standard","has-post-thumbnail","hentry","category-literatur","tag-angelika-janz"],"_links":{"self":[{"href":"http:\/\/www.editiondaslabor.de\/blog\/wp-json\/wp\/v2\/posts\/67676","targetHints":{"allow":["GET"]}}],"collection":[{"href":"http:\/\/www.editiondaslabor.de\/blog\/wp-json\/wp\/v2\/posts"}],"about":[{"href":"http:\/\/www.editiondaslabor.de\/blog\/wp-json\/wp\/v2\/types\/post"}],"author":[{"embeddable":true,"href":"http:\/\/www.editiondaslabor.de\/blog\/wp-json\/wp\/v2\/users\/53"}],"replies":[{"embeddable":true,"href":"http:\/\/www.editiondaslabor.de\/blog\/wp-json\/wp\/v2\/comments?post=67676"}],"version-history":[{"count":0,"href":"http:\/\/www.editiondaslabor.de\/blog\/wp-json\/wp\/v2\/posts\/67676\/revisions"}],"wp:featuredmedia":[{"embeddable":true,"href":"http:\/\/www.editiondaslabor.de\/blog\/wp-json\/"}],"wp:attachment":[{"href":"http:\/\/www.editiondaslabor.de\/blog\/wp-json\/wp\/v2\/media?parent=67676"}],"wp:term":[{"taxonomy":"category","embeddable":true,"href":"http:\/\/www.editiondaslabor.de\/blog\/wp-json\/wp\/v2\/categories?post=67676"},{"taxonomy":"post_tag","embeddable":true,"href":"http:\/\/www.editiondaslabor.de\/blog\/wp-json\/wp\/v2\/tags?post=67676"}],"curies":[{"name":"wp","href":"https:\/\/api.w.org\/{rel}","templated":true}]}}