{"id":66993,"date":"2006-09-23T00:17:00","date_gmt":"2006-09-22T22:17:00","guid":{"rendered":"http:\/\/www.editiondaslabor.de\/blog\/?p=66993"},"modified":"2020-07-05T21:19:26","modified_gmt":"2020-07-05T19:19:26","slug":"66993","status":"publish","type":"post","link":"http:\/\/www.editiondaslabor.de\/blog\/2006\/09\/23\/66993\/","title":{"rendered":":"},"content":{"rendered":"\n<p>und alles an dir schl\u00e4ft bloss der Mund <\/p>\n\n\n\n<p>redet noch redet und redet und geht <\/p>\n\n\n\n<p>in keine Gr\u00e4tsche <\/p>\n\n\n\n<p>die Liebe konvergiert gegen Unendlich und ist<\/p>\n\n\n\n<p>doch unauffindbar in diesen <\/p>\n\n\n\n<p>Breitengraden <\/p>\n\n\n\n<p>tja <\/p>\n\n\n\n<p><\/p>\n\n\n\n<p class=\"has-text-align-center\">***<\/p>\n\n\n\n<h5 class=\"wp-block-heading\">Weiterf\u00fchrend \u2192<\/h5>\n\n\n\n<div class=\"wp-block-image\"><figure class=\"alignleft size-large is-resized\"><img loading=\"lazy\" decoding=\"async\" src=\"http:\/\/www.editiondaslabor.de\/blog\/wp-content\/uploads\/2020\/07\/image.jpeg\" alt=\"\" class=\"wp-image-66855\" width=\"298\" height=\"298\" srcset=\"http:\/\/www.editiondaslabor.de\/blog\/wp-content\/uploads\/2020\/07\/image.jpeg 596w, http:\/\/www.editiondaslabor.de\/blog\/wp-content\/uploads\/2020\/07\/image-300x300.jpeg 300w, http:\/\/www.editiondaslabor.de\/blog\/wp-content\/uploads\/2020\/07\/image-150x150.jpeg 150w, http:\/\/www.editiondaslabor.de\/blog\/wp-content\/uploads\/2020\/07\/image-560x560.jpeg 560w, http:\/\/www.editiondaslabor.de\/blog\/wp-content\/uploads\/2020\/07\/image-260x260.jpeg 260w, http:\/\/www.editiondaslabor.de\/blog\/wp-content\/uploads\/2020\/07\/image-160x160.jpeg 160w\" sizes=\"auto, (max-width: 298px) 100vw, 298px\" \/><\/figure><\/div>\n\n\n\n<p>Ein Portr\u00e4t von Sophie Reyer findet sich&nbsp;<a href=\"http:\/\/www.editiondaslabor.de\/blog\/?p=18115\">hier<\/a>. In ihrem preisgekr\u00f6nten Essay&nbsp;<a href=\"http:\/\/www.editiondaslabor.de\/blog\/?p=17985\"><em>Referenzuniversum<\/em><\/a>&nbsp;geht sie der Frage nach, wie das Schreiben durch das schreibende Analysieren gebrochen wird. Vertiefend zur Lekt\u00fcre empfohlen, das Kollegengespr\u00e4ch&nbsp;<a href=\"http:\/\/www.editiondaslabor.de\/blog\/?p=19055\">:2= Verweisungszeichen zur Twitteratur<\/a>&nbsp;von Sophie Reyer und A.J. Weigoni zum Projekt&nbsp;<em>Wortspielhalle<\/em>. H\u00f6ren kann man einen Auszug aus der&nbsp;<em>Wortspielhalle<\/em>&nbsp;in der Reihe&nbsp;<a href=\"http:\/\/vordenker.de\/weigoni\/wortspielhalle.htm\">MetaPhon<\/a>.<\/p>\n","protected":false},"excerpt":{"rendered":"<p>und alles an dir schl\u00e4ft bloss der Mund redet noch redet und redet und geht in keine Gr\u00e4tsche die Liebe konvergiert gegen Unendlich und ist doch unauffindbar in diesen Breitengraden tja *** Weiterf\u00fchrend \u2192 Ein Portr\u00e4t von Sophie Reyer findet&hellip;<\/p>\n<p class=\"more-link-p\"><a class=\"more-link\" href=\"http:\/\/www.editiondaslabor.de\/blog\/2006\/09\/23\/66993\/\">Read more &rarr;<\/a><\/p>\n","protected":false},"author":100,"featured_media":18239,"comment_status":"closed","ping_status":"closed","sticky":false,"template":"","format":"standard","meta":{"footnotes":""},"categories":[1],"tags":[394],"class_list":["post-66993","post","type-post","status-publish","format-standard","has-post-thumbnail","hentry","category-literatur","tag-sophie-reyer"],"_links":{"self":[{"href":"http:\/\/www.editiondaslabor.de\/blog\/wp-json\/wp\/v2\/posts\/66993","targetHints":{"allow":["GET"]}}],"collection":[{"href":"http:\/\/www.editiondaslabor.de\/blog\/wp-json\/wp\/v2\/posts"}],"about":[{"href":"http:\/\/www.editiondaslabor.de\/blog\/wp-json\/wp\/v2\/types\/post"}],"author":[{"embeddable":true,"href":"http:\/\/www.editiondaslabor.de\/blog\/wp-json\/wp\/v2\/users\/100"}],"replies":[{"embeddable":true,"href":"http:\/\/www.editiondaslabor.de\/blog\/wp-json\/wp\/v2\/comments?post=66993"}],"version-history":[{"count":0,"href":"http:\/\/www.editiondaslabor.de\/blog\/wp-json\/wp\/v2\/posts\/66993\/revisions"}],"wp:featuredmedia":[{"embeddable":true,"href":"http:\/\/www.editiondaslabor.de\/blog\/wp-json\/"}],"wp:attachment":[{"href":"http:\/\/www.editiondaslabor.de\/blog\/wp-json\/wp\/v2\/media?parent=66993"}],"wp:term":[{"taxonomy":"category","embeddable":true,"href":"http:\/\/www.editiondaslabor.de\/blog\/wp-json\/wp\/v2\/categories?post=66993"},{"taxonomy":"post_tag","embeddable":true,"href":"http:\/\/www.editiondaslabor.de\/blog\/wp-json\/wp\/v2\/tags?post=66993"}],"curies":[{"name":"wp","href":"https:\/\/api.w.org\/{rel}","templated":true}]}}