{"id":66865,"date":"1990-05-23T00:01:09","date_gmt":"1990-05-22T22:01:09","guid":{"rendered":"http:\/\/www.editiondaslabor.de\/blog\/?p=66865"},"modified":"2020-07-05T18:10:40","modified_gmt":"2020-07-05T16:10:40","slug":"66865","status":"publish","type":"post","link":"http:\/\/www.editiondaslabor.de\/blog\/1990\/05\/23\/66865\/","title":{"rendered":":"},"content":{"rendered":"\n<p><\/p>\n\n\n\n<p>Wenn ein Morgen <\/p>\n\n\n\n<p>ins Fenster blinzelt <\/p>\n\n\n\n<p>g\u00e4bs Unschuld <\/p>\n\n\n\n<p>riecht nichts st\u00e4rker<\/p>\n\n\n\n<p>als Licht und <\/p>\n\n\n\n<p>Gl\u00fcck macht <\/p>\n\n\n\n<p>Zerspringen <\/p>\n\n\n\n<p>also \u00fcb es besser <\/p>\n\n\n\n<p>nicht <\/p>\n\n\n\n<p><\/p>\n\n\n\n<p class=\"has-text-align-center\">***<\/p>\n\n\n\n<h5 class=\"wp-block-heading\">Weiterf\u00fchrend \u2192<\/h5>\n\n\n\n<div class=\"wp-block-image\"><figure class=\"alignleft size-large is-resized\"><img loading=\"lazy\" decoding=\"async\" src=\"http:\/\/www.editiondaslabor.de\/blog\/wp-content\/uploads\/2020\/07\/image.jpeg\" alt=\"\" class=\"wp-image-66855\" width=\"298\" height=\"298\" srcset=\"http:\/\/www.editiondaslabor.de\/blog\/wp-content\/uploads\/2020\/07\/image.jpeg 596w, http:\/\/www.editiondaslabor.de\/blog\/wp-content\/uploads\/2020\/07\/image-300x300.jpeg 300w, http:\/\/www.editiondaslabor.de\/blog\/wp-content\/uploads\/2020\/07\/image-150x150.jpeg 150w, http:\/\/www.editiondaslabor.de\/blog\/wp-content\/uploads\/2020\/07\/image-560x560.jpeg 560w, http:\/\/www.editiondaslabor.de\/blog\/wp-content\/uploads\/2020\/07\/image-260x260.jpeg 260w, http:\/\/www.editiondaslabor.de\/blog\/wp-content\/uploads\/2020\/07\/image-160x160.jpeg 160w\" sizes=\"auto, (max-width: 298px) 100vw, 298px\" \/><\/figure><\/div>\n\n\n\n<p>Ein Portr\u00e4t von Sophie Reyer findet sich&nbsp;<a href=\"http:\/\/www.editiondaslabor.de\/blog\/?p=18115\">hier<\/a>. In ihrem preisgekr\u00f6nten Essay&nbsp;<a href=\"http:\/\/www.editiondaslabor.de\/blog\/?p=17985\"><em>Referenzuniversum<\/em><\/a>&nbsp;geht sie der Frage nach, wie das Schreiben durch das schreibende Analysieren gebrochen wird. Vertiefend zur Lekt\u00fcre empfohlen, das Kollegengespr\u00e4ch&nbsp;<a href=\"http:\/\/www.editiondaslabor.de\/blog\/?p=19055\">:2= Verweisungszeichen zur Twitteratur<\/a>&nbsp;von Sophie Reyer und A.J. Weigoni zum Projekt&nbsp;<em>Wortspielhalle<\/em>. H\u00f6ren kann man einen Auszug aus der&nbsp;<em>Wortspielhalle<\/em>&nbsp;in der Reihe&nbsp;<a href=\"http:\/\/vordenker.de\/weigoni\/wortspielhalle.htm\">MetaPhon<\/a>.<\/p>\n","protected":false},"excerpt":{"rendered":"<p>Wenn ein Morgen ins Fenster blinzelt g\u00e4bs Unschuld riecht nichts st\u00e4rker als Licht und Gl\u00fcck macht Zerspringen also \u00fcb es besser nicht *** Weiterf\u00fchrend \u2192 Ein Portr\u00e4t von Sophie Reyer findet sich&nbsp;hier. In ihrem preisgekr\u00f6nten Essay&nbsp;Referenzuniversum&nbsp;geht sie der Frage nach,&hellip;<\/p>\n<p class=\"more-link-p\"><a class=\"more-link\" href=\"http:\/\/www.editiondaslabor.de\/blog\/1990\/05\/23\/66865\/\">Read more &rarr;<\/a><\/p>\n","protected":false},"author":100,"featured_media":18239,"comment_status":"closed","ping_status":"closed","sticky":false,"template":"","format":"standard","meta":{"footnotes":""},"categories":[1],"tags":[394],"class_list":["post-66865","post","type-post","status-publish","format-standard","has-post-thumbnail","hentry","category-literatur","tag-sophie-reyer"],"_links":{"self":[{"href":"http:\/\/www.editiondaslabor.de\/blog\/wp-json\/wp\/v2\/posts\/66865","targetHints":{"allow":["GET"]}}],"collection":[{"href":"http:\/\/www.editiondaslabor.de\/blog\/wp-json\/wp\/v2\/posts"}],"about":[{"href":"http:\/\/www.editiondaslabor.de\/blog\/wp-json\/wp\/v2\/types\/post"}],"author":[{"embeddable":true,"href":"http:\/\/www.editiondaslabor.de\/blog\/wp-json\/wp\/v2\/users\/100"}],"replies":[{"embeddable":true,"href":"http:\/\/www.editiondaslabor.de\/blog\/wp-json\/wp\/v2\/comments?post=66865"}],"version-history":[{"count":0,"href":"http:\/\/www.editiondaslabor.de\/blog\/wp-json\/wp\/v2\/posts\/66865\/revisions"}],"wp:featuredmedia":[{"embeddable":true,"href":"http:\/\/www.editiondaslabor.de\/blog\/wp-json\/"}],"wp:attachment":[{"href":"http:\/\/www.editiondaslabor.de\/blog\/wp-json\/wp\/v2\/media?parent=66865"}],"wp:term":[{"taxonomy":"category","embeddable":true,"href":"http:\/\/www.editiondaslabor.de\/blog\/wp-json\/wp\/v2\/categories?post=66865"},{"taxonomy":"post_tag","embeddable":true,"href":"http:\/\/www.editiondaslabor.de\/blog\/wp-json\/wp\/v2\/tags?post=66865"}],"curies":[{"name":"wp","href":"https:\/\/api.w.org\/{rel}","templated":true}]}}