{"id":66599,"date":"2006-07-03T00:01:18","date_gmt":"2006-07-02T22:01:18","guid":{"rendered":"http:\/\/www.editiondaslabor.de\/blog\/?p=66599"},"modified":"2021-10-25T16:39:33","modified_gmt":"2021-10-25T14:39:33","slug":"die-gier-nach-buechern","status":"publish","type":"post","link":"http:\/\/www.editiondaslabor.de\/blog\/2006\/07\/03\/die-gier-nach-buechern\/","title":{"rendered":"Die Gier nach B\u00fcchern"},"content":{"rendered":"\r\n<p style=\"text-align: justify;\">\u00a0<\/p>\r\n<p class=\"has-text-color has-text-align-right has-cyan-bluish-gray-color\" style=\"text-align: justify;\"><span style=\"color: #333333;\">Zweifellos ist in mir die Gier nach B\u00fcchern. Nicht eigentlich sie zu besitzen oder zu lesen, als vielmehr sie zu sehen, mich in der Auslage eines Buchh\u00e4ndlers von ihrem Bestand zu \u00fcberzeugen.<\/span><\/p>\r\n\r\n\r\n\r\n<p style=\"text-align: justify;\">\u00a0<\/p>\r\n<p>&nbsp;<\/p>\r\n\r\n\r\n\r\n<p class=\"has-text-align-center\" style=\"text-align: center;\">***<\/p>\r\n\r\n\r\n\r\n\r\n\r\n<figure class=\"wp-block-image\" style=\"text-align: justify;\">\r\n<div id=\"attachment_20121\" style=\"width: 251px\" class=\"wp-caption alignleft\"><img loading=\"lazy\" decoding=\"async\" aria-describedby=\"caption-attachment-20121\" class=\"wp-image-20121\" src=\"http:\/\/www.editiondaslabor.de\/blog\/wp-content\/uploads\/2013\/12\/Franz-Kafka-Fotografie-aus-dem-Atelier-Jacobi-1906.-241x30011.jpg\" alt=\"\" width=\"241\" height=\"300\" \/><p id=\"caption-attachment-20121\" class=\"wp-caption-text\">Franz Kafka, Fotografie aus dem Atelier Jacobi 1906<\/p><\/div>\r\n<\/figure>\r\n\r\n\r\n\r\n<p style=\"text-align: justify;\">Franz Kafka neigte zu aphoristischen Gedankensplittern und dem eigenwilligen Aneignen kollektiver, mythischer Diskurse, um einen Prozess der Selbstreflexion in Gang zu setzen, der vom bloss Pers\u00f6nlichen und Privaten abstrahierte und es verbarg. Seine kurzen Texte kann man als Vorform der <em>Twitteratur<\/em> bezeichnen.<\/p>\r\n\r\n\r\n\r\n<p style=\"text-align: justify;\"><strong>Weiterf\u00fchrend\u00a0\u2192 <\/strong>ein Essay \u00fcber die neue Literaturgattung <a href=\"http:\/\/www.editiondaslabor.de\/blog\/?p=22423\"><em>Twitteratur<\/em><\/a>, sowie ein <a href=\"http:\/\/www.editiondaslabor.de\/blog\/2019\/09\/06\/recap-hungertuchpreis\/\">Recap<\/a> des Hungertuchpreises.<\/p>\r\n","protected":false},"excerpt":{"rendered":"<p>\u00a0 Zweifellos ist in mir die Gier nach B\u00fcchern. Nicht eigentlich sie zu besitzen oder zu lesen, als vielmehr sie zu sehen, mich in der Auslage eines Buchh\u00e4ndlers von ihrem Bestand zu \u00fcberzeugen. \u00a0 &nbsp; *** Franz Kafka neigte zu&hellip;<\/p>\n<p class=\"more-link-p\"><a class=\"more-link\" href=\"http:\/\/www.editiondaslabor.de\/blog\/2006\/07\/03\/die-gier-nach-buechern\/\">Read more &rarr;<\/a><\/p>\n","protected":false},"author":107,"featured_media":16573,"comment_status":"closed","ping_status":"closed","sticky":false,"template":"","format":"standard","meta":{"footnotes":""},"categories":[1],"tags":[494],"class_list":["post-66599","post","type-post","status-publish","format-standard","has-post-thumbnail","hentry","category-literatur","tag-franz-kafka"],"_links":{"self":[{"href":"http:\/\/www.editiondaslabor.de\/blog\/wp-json\/wp\/v2\/posts\/66599","targetHints":{"allow":["GET"]}}],"collection":[{"href":"http:\/\/www.editiondaslabor.de\/blog\/wp-json\/wp\/v2\/posts"}],"about":[{"href":"http:\/\/www.editiondaslabor.de\/blog\/wp-json\/wp\/v2\/types\/post"}],"author":[{"embeddable":true,"href":"http:\/\/www.editiondaslabor.de\/blog\/wp-json\/wp\/v2\/users\/107"}],"replies":[{"embeddable":true,"href":"http:\/\/www.editiondaslabor.de\/blog\/wp-json\/wp\/v2\/comments?post=66599"}],"version-history":[{"count":0,"href":"http:\/\/www.editiondaslabor.de\/blog\/wp-json\/wp\/v2\/posts\/66599\/revisions"}],"wp:featuredmedia":[{"embeddable":true,"href":"http:\/\/www.editiondaslabor.de\/blog\/wp-json\/"}],"wp:attachment":[{"href":"http:\/\/www.editiondaslabor.de\/blog\/wp-json\/wp\/v2\/media?parent=66599"}],"wp:term":[{"taxonomy":"category","embeddable":true,"href":"http:\/\/www.editiondaslabor.de\/blog\/wp-json\/wp\/v2\/categories?post=66599"},{"taxonomy":"post_tag","embeddable":true,"href":"http:\/\/www.editiondaslabor.de\/blog\/wp-json\/wp\/v2\/tags?post=66599"}],"curies":[{"name":"wp","href":"https:\/\/api.w.org\/{rel}","templated":true}]}}