{"id":66369,"date":"2010-06-08T00:01:00","date_gmt":"2010-06-07T22:01:00","guid":{"rendered":"http:\/\/www.editiondaslabor.de\/blog\/?p=66369"},"modified":"2022-02-28T18:38:52","modified_gmt":"2022-02-28T17:38:52","slug":"rodneys-grand-slam","status":"publish","type":"post","link":"http:\/\/www.editiondaslabor.de\/blog\/2010\/06\/08\/rodneys-grand-slam\/","title":{"rendered":"Rodneys Grand Slam"},"content":{"rendered":"\r\n<p class=\"has-text-color has-text-align-right has-cyan-bluish-gray-color\" style=\"text-align: right;\"><span style=\"color: #999999;\"><em>Zwischen der unterdr\u00fcckten Lust, Amok zu laufen, und der Angst vor dem pl\u00f6tzlichen eigenen Ende, hat Adelmann seine stilistischen Mittel sicher in der Hand. Tristesse cool serviert.<\/em><\/span><\/p>\r\n<p><span style=\"color: #999999;\">\r\n\r\n<\/span><\/p>\r\n<p class=\"has-text-color has-text-align-right has-cyan-bluish-gray-color\" style=\"text-align: right;\"><span style=\"color: #999999;\">Daniel Dubbe<\/span><\/p>\r\n\r\n\r\n\r\n<p class=\"has-text-color has-very-dark-gray-color\" style=\"text-align: justify;\">Das Wort vom &#8222;Szene-Veteran&#8220; klingt beinahe nach Gro\u00dfv\u00e4terchens Erz\u00e4hlungen von &#8222;Stalingrad&#8220; (<a href=\"https:\/\/www.youtube.com\/watch?v=0ZpxW2gKCOs\"><em>Deutschland Katastrophenstaat<\/em><\/a>). Auch in vielen Texten von Roland Adelmann geht es um Vergangenheit, Selbstfindung, Identit\u00e4t und Reflexionen aus dem besch\u00e4digten Leben. Von Ausgesto\u00dfenen erz\u00e4hlen seine Berichte, von Gescheiterten, die sich jenseits der \u00f6ffentlichen Wertsch\u00e4tzung durchschlagen. Er begegnet seiner Umwelt mit dem manischen Vorgehen die neoliberale Gegenwart mit offensiven Klartext festzuhalten. Es ist der Versuch am Material der Gegenwart zu arbeiten, zwischen Dokument und \u00e4sthetischer Transformation des Dokumentarischen eingerichtet. Adelmann zeigt eine verg\u00e4ngliche st\u00e4dtische Welt im Zwielicht von verblichener Wohlstandshoffnungen.<\/p>\r\n\r\n\r\n\r\n<p class=\"has-text-color has-text-align-right has-cyan-bluish-gray-color\" style=\"text-align: right;\"><span style=\"color: #999999;\"><em>I Was a Punk Before You Were a Punk<\/em><\/span><\/p>\r\n<p><span style=\"color: #999999;\">\r\n\r\n<\/span><\/p>\r\n<p class=\"has-text-color has-text-align-right has-cyan-bluish-gray-color\" style=\"text-align: right;\"><span style=\"color: #999999;\">The Tubes<\/span><\/p>\r\n\r\n\r\n\r\n<p style=\"text-align: justify;\">Adelmann geh\u00f6rt, zusammen mit <a href=\"http:\/\/www.editiondaslabor.de\/blog\/2011\/06\/22\/der-neil-young-des-social-beat\/\">Robsie Richter<\/a> und der &#8222;Einmannsekte&#8220; (HEL) <a href=\"http:\/\/www.editiondaslabor.de\/blog\/2015\/08\/24\/polyphone-ich-erzaehlungen\/\">Tom de Toys<\/a> zum sogenannten <a href=\"http:\/\/www.editiondaslabor.de\/blog\/2001\/06\/23\/killroy-review\/\">Social Beat<\/a>. Er ver\u00f6ffentlichte auch in der von Isabel Rox Anthologie <em>Downtown Deutschland<\/em>, (erschien 1992 im <a href=\"http:\/\/www.editiondaslabor.de\/blog\/1993\/05\/25\/schwanzlutscher\/\">Verlag von Isabel Rox<\/a>) und <em>Asphalt Beat<\/em>, die eine erste Bestandsaufnahme des entstehenden <a href=\"http:\/\/www.editiondaslabor.de\/blog\/2001\/06\/23\/killroy-review\/\">Social Beat<\/a> darstellten. Im Laufe der 1990er entwickelte sich Adelmann laut Braunschweigs Stadtmagazin <em>Cocktail<\/em> zu einem der \u201eTop-Entertainer\u201c der <em><a href=\"http:\/\/www.editiondaslabor.de\/blog\/1998\/06\/13\/slam-poetry\/\">Slam-Poetry<\/a><\/em>-Bewegung, wo er sich u. a. Wortduelle mit <a href=\"http:\/\/www.editiondaslabor.de\/blog\/2011\/06\/29\/wachkoma\/\">Jan Off<\/a> lieferte. Seine witzigen, originellen und skurrilen Punkrockgeschichten waren meist einer der H\u00f6hepunkte der unz\u00e4hligen Lesungen, die \u00fcberregional abgehalten wurden.<\/p>\r\n\r\n\r\n\r\n<p class=\"has-text-color has-text-align-right has-cyan-bluish-gray-color\" style=\"text-align: right;\"><span style=\"color: #999999;\"><em>You can\u2019t fire me because I quit<\/em><\/span><\/p>\r\n<p><span style=\"color: #999999;\">\r\n\r\n<\/span><\/p>\r\n<p class=\"has-text-color has-text-align-right has-cyan-bluish-gray-color\" style=\"text-align: right;\"><span style=\"color: #999999;\">Nirvana<\/span><\/p>\r\n\r\n\r\n\r\n<p style=\"text-align: justify;\">Nach dem Abklingen der Social-Beat-Welle gegen Ende der 1990er Jahre und, nach eigenen Angaben: &#8222;abgesto\u00dfen von der Kommerzialit\u00e4t und Beliebigkeit der <em><a href=\"http:\/\/www.editiondaslabor.de\/blog\/1998\/06\/13\/slam-poetry\/\">Slam-Poetry<\/a><\/em>-Bewegung&#8220;, k\u00fcmmerte sich Adelmann ab 2002 vermehrt um seinen Vertrieb <a href=\"http:\/\/www.undergroundpress.de\/autoren.html\">Rodneys Underground Press<\/a>. Sein selbstgestecktes Ziel war es, Literatur zu ver\u00f6ffentlichen, die &#8222;keine Lust hat, die Vermarktungsstrategien der Gro\u00dfverlage und den Gro\u00dfbuchhandels-Kaufgeschmack zu befriedigen&#8220;. Dieser Kleinverleger stellt sich eine Literatur vor, die &#8222;kritisch ist, die Stellung bezieht, unbequem ist, anarchisch, frei&#8220;. Es geht ihm dabei nicht bedingungslos um eine bestimmte politische Ausrichtung, sondern vor allem um die literarische Umsetzung. Im Mittelpunkt steht dabei &#8222;der einzelne Mensch, der versucht, sein eigenes Leben zu verwirklichen &#8211; allen Widrigkeiten zum Trotz&#8220;.<\/p>\r\n\r\n\r\n\r\n<p class=\"has-text-color has-text-align-right has-cyan-bluish-gray-color\" style=\"text-align: right;\"><span style=\"color: #999999;\"><em>Roland Adelmann d\u00fcrfte f\u00fcr den &#8222;Social Beat&#8220; das sein, was Bukowski f\u00fcr den Underground war.<\/em><\/span><\/p>\r\n<p><span style=\"color: #999999;\">\r\n\r\n<\/span><\/p>\r\n<p class=\"has-text-color has-text-align-right has-cyan-bluish-gray-color\" style=\"text-align: right;\"><span style=\"color: #999999;\">MARABO*<\/span><\/p>\r\n\r\n\r\n\r\n<p style=\"text-align: justify;\">Sein in diesem Jahr erschienenes Buch <em>Rodneys Slam<\/em> versemmelt einen Gro\u00dfteil seiner besten Stories und Poeme. Diese Zeitgeistbetrachtungen spielen zumeist in deutschen Mittelst\u00e4dten. Hier h\u00f6ren die Menschen auf, sich an ihrer Stadt existenziell zu partizipieren &#8211; was im Entscheidenden gar nicht einzelne Bekenntnisse und Handlungen meint, sondern die tats\u00e4chliche Lebensform, das Ethos betrifft, in der das St\u00e4dtische wurzelt. Die Entfremdung der Menschen beschreibt Adelmanndabei f\u00fcr das Individuum als schmerzhaft. Die Aktualit\u00e4t und Relevanz der Themen spiegelt sich im neuen K\u00f6rperverst\u00e4ndnis der Gesellschaft wider, den K\u00f6rper durch die individuelle Modifikation wir T\u00e4towierungen oder Piercings zu &#8222;gestalten&#8220;. Er beschreibt die D\u00e4mmerzonen abseits der gl\u00e4nzenden Fassaden. Auch Durchhalten kann eine Qualit\u00e4t sein, Roland Adelmann hat unseren Respekt verdient!<\/p>\r\n<p>&nbsp;<\/p>\r\n<p>&nbsp;<\/p>\r\n\r\n\r\n\r\n<p class=\"has-text-align-center\" style=\"text-align: center;\">***<\/p>\r\n\r\n\r\n\r\n<p style=\"text-align: justify;\"><strong>Rodneys Slam<\/strong>, von Roland Adelmann, Dortmund 2010<\/p>\r\n\r\n\r\n\r\n<div class=\"wp-block-image\" style=\"text-align: justify;\">\r\n<figure class=\"alignleft size-large\"><img loading=\"lazy\" decoding=\"async\" width=\"230\" height=\"337\" class=\"wp-image-66376 alignleft\" src=\"http:\/\/www.editiondaslabor.de\/blog\/wp-content\/uploads\/2020\/06\/Adelmann_Slam.jpg\" alt=\"\" srcset=\"http:\/\/www.editiondaslabor.de\/blog\/wp-content\/uploads\/2020\/06\/Adelmann_Slam.jpg 230w, http:\/\/www.editiondaslabor.de\/blog\/wp-content\/uploads\/2020\/06\/Adelmann_Slam-205x300.jpg 205w, http:\/\/www.editiondaslabor.de\/blog\/wp-content\/uploads\/2020\/06\/Adelmann_Slam-160x234.jpg 160w\" sizes=\"auto, (max-width: 230px) 100vw, 230px\" \/>\r\n<p><strong>Weiterf\u00fchrend \u2192 <\/strong><\/p>\r\n<p>Zu den Gr\u00fcndungsmythen der alten BRD geh\u00f6rt die <a href=\"http:\/\/www.editiondaslabor.de\/blog\/2001\/04\/01\/nonkonformistische-literatur\/\">Nonkonformistische Literatur<\/a>, lesen Sie dazu auch ein Portr\u00e4t von <a href=\"http:\/\/www.editiondaslabor.de\/blog\/2000\/04\/04\/vauo\/\">V.O. Stomps<\/a>, dem Klassiker des Andersseins. Kaum jemand hat die L\u00fcckenhaftigkeit des <em>Underground<\/em> so konzequent <a href=\"http:\/\/www.editiondaslabor.de\/blog\/2008\/09\/24\/underground\/\">erz\u00e4hlt<\/a> wie N\u00ed Gudix und ihre <a href=\"http:\/\/www.editiondaslabor.de\/blog\/2008\/08\/23\/kritik-an-der-literarischen-alternative\/\">Kritik an der literarischen Alternative<\/a> ist berechtigt. Ein Portr\u00e4t von N\u00ed Gudix findet sich <a href=\"http:\/\/www.editiondaslabor.de\/blog\/2015\/08\/16\/da-lernst-du-die-menschen-kennen\/\">hier<\/a> (und als Leseprobe ihren <a href=\"http:\/\/www.editiondaslabor.de\/blog\/2006\/12\/30\/hausaffentango\/\">Hausaffentango<\/a>). Lesen Sie auch die <a href=\"http:\/\/www.editiondaslabor.de\/blog\/2005\/09\/24\/erinnerungen\/\">Erinnerungen an den Bottroper Literaturrocker<\/a> von Werner Streletz und den <a href=\"http:\/\/www.editiondaslabor.de\/blog\/2008\/09\/28\/rip-bruno\/\">Nachruf<\/a> von Bruno Runzheimer. Zum 100. Geburtstag von Charles Bukowski, eine <a href=\"http:\/\/www.editiondaslabor.de\/blog\/2020\/08\/16\/ledertasche-geborgt\/\">Doppelbesprechung<\/a> von Hartmuth Malornys Ruhrgebietsroman <em>Die schwarze Ledertasche<\/em>. 1989 erscheint Helge Schneiders allererste Schallplatte <a href=\"http:\/\/www.editiondaslabor.de\/blog\/?p=26990\"><em>Seine gr\u00f6\u00dften Erfolge<\/em><\/a>, produziert von Helge Schneider und <a href=\"http:\/\/www.editiondaslabor.de\/blog\/2012\/07\/20\/klangkloetzchen\/\">Tom T\u00e4ger<\/a> im Tonstudio\/Ruhr. Lesen Sie auch das <a href=\"http:\/\/www.editiondaslabor.de\/blog\/?p=26709\">Portr\u00e4t <\/a>der einzigartigen Proletendiva aus dem Ruhrgebeat auf KUNO. In einem Kollegengespr\u00e4ch mit Barbara Ester dekonstruiert A.J. Weigoni die <em><a href=\"http:\/\/www.editiondaslabor.de\/blog\/1997\/10\/09\/ruhrgebietsromantik\/\">Ruhrgebietsromantik<\/a><\/em>. Mit<a href=\"http:\/\/www.editiondaslabor.de\/blog\/?p=6071\"> Kersten Flenter<\/a> und <a href=\"http:\/\/www.editiondaslabor.de\/blog\/2001\/06\/23\/killroy-review\/\">Michael Sch\u00f6nauer<\/a> geh\u00f6rte <a href=\"http:\/\/www.editiondaslabor.de\/blog\/2015\/08\/24\/polyphone-ich-erzaehlungen\/\">Tom de Toys<\/a> zum\u00a0Dreigestirn des deutschen <a href=\"http:\/\/www.editiondaslabor.de\/blog\/1997\/01\/05\/bewegung\/\">Poetry Slam<\/a>. Einen Nachruf von Theo Breuer auf den Urvater des Social-Beat finden Sie <a href=\"http:\/\/www.editiondaslabor.de\/blog\/2012\/03\/07\/hubsch-revisited\/\">hier<\/a> \u2013 Sowie selbstverst\u00e4ndlich his <a href=\"http:\/\/www.editiondaslabor.de\/blog\/1995\/06\/25\/wie-was-social-beat-ist-und-warum-und-warum-nicht\/\">Masters voice<\/a>. Und Dr. Stahls kaltgenaue <a href=\"http:\/\/www.editiondaslabor.de\/blog\/2002\/06\/26\/social-beat-vs-digitales-dasein\/\">Analyse<\/a>. \u2013 Constanze Schmidt beschreibt den Weg von <a href=\"http:\/\/www.editiondaslabor.de\/blog\/?p=26080\">Proust zu Pulp<\/a>. Ebenso eindr\u00fccklich empfohlen sei Heiner Links <a href=\"http:\/\/www.editiondaslabor.de\/blog\/?p=42272\">Vorwort<\/a> zum Band Trash-Piloten. Inzwischen hat sich Trash andere Kunstformen erobert, dazu die <a href=\"http:\/\/www.editiondaslabor.de\/blog\/2014\/11\/01\/trash-eine-einfuehrung\/\">Aufmerksamkeit<\/a> einer geneigten Kulturkritik. In der Reihe <em>Gossenhefte<\/em> zeigt sich, was passiert, wenn sich literarischer Bodensatz und die Reflexionsm\u00f6glichkeiten von popul\u00e4rkulturellen Tugenden nahe genug kommen, der Essay <a href=\"http:\/\/www.editiondaslabor.de\/blog\/?p=35655\"><em>Perlen des Trash<\/em><\/a> stellt diese Reihe ausf\u00fchrlich vor. Die KUNO-Redaktion bat A.J. Weigoni um einen Text mit Bezug auf die Mainzer Minpressenmesse (MMPM) und er kramte eine <a href=\"http:\/\/www.editiondaslabor.de\/blog\/1993\/05\/31\/treff-der-titanen\/\">Realsatire<\/a> aus dem Jahr 1993 heraus, die er f\u00fcr den Mainzer Verleger Jens Neumann geschrieben hat. J\u00fcrgen Kipp \u00fcber die <a href=\"http:\/\/www.editiondaslabor.de\/blog\/2013\/06\/01\/geschichte-und-aufgaben-des-mainzer-minipressen-archives-mmpa\/\">Aufgaben des Mainzer Minipressen-Archives<\/a>. Ein w\u00fcrdiger Abschlu\u00df gelingt Boris Kerenski mit <a href=\"http:\/\/www.editiondaslabor.de\/blog\/2021\/03\/30\/wer-war-ist-noch-social-beat\/\">Stimmen aus dem popliterarischen Untergrund<\/a><strong>.<\/strong><\/p>\r\n<p>&nbsp;<\/p>\r\n<\/figure>\r\n<\/div>\r\n\r\n\r\n\r\n\r\n\r\n<p style=\"text-align: justify;\">*PS Den Titel des <a href=\"http:\/\/www.editiondaslabor.de\/blog\/2003\/06\/29\/ledertasche-geborgt\/\">Ruhrgebietsbukowski<\/a> muss sich Adelmann allerdings mit Hartmuth Malorny teilen. Und dann gibt es auch noch <a href=\"http:\/\/www.editiondaslabor.de\/blog\/2014\/11\/23\/die-queen-of-ruhrgebeat-trash\/\">The gorgeous Queen of Ruhrgebeat-Trash<\/a>, aber das ist eine andere Geschichte, die sich hinter dem Link verbirgt.<\/p>\r\n","protected":false},"excerpt":{"rendered":"<p>Zwischen der unterdr\u00fcckten Lust, Amok zu laufen, und der Angst vor dem pl\u00f6tzlichen eigenen Ende, hat Adelmann seine stilistischen Mittel sicher in der Hand. Tristesse cool serviert. Daniel Dubbe Das Wort vom &#8222;Szene-Veteran&#8220; klingt beinahe nach Gro\u00dfv\u00e4terchens Erz\u00e4hlungen von &#8222;Stalingrad&#8220;&hellip;<\/p>\n<p class=\"more-link-p\"><a class=\"more-link\" href=\"http:\/\/www.editiondaslabor.de\/blog\/2010\/06\/08\/rodneys-grand-slam\/\">Read more &rarr;<\/a><\/p>\n","protected":false},"author":257,"featured_media":99306,"comment_status":"closed","ping_status":"closed","sticky":false,"template":"","format":"standard","meta":{"footnotes":""},"categories":[1],"tags":[2633],"class_list":["post-66369","post","type-post","status-publish","format-standard","has-post-thumbnail","hentry","category-literatur","tag-roland-adelmann"],"_links":{"self":[{"href":"http:\/\/www.editiondaslabor.de\/blog\/wp-json\/wp\/v2\/posts\/66369","targetHints":{"allow":["GET"]}}],"collection":[{"href":"http:\/\/www.editiondaslabor.de\/blog\/wp-json\/wp\/v2\/posts"}],"about":[{"href":"http:\/\/www.editiondaslabor.de\/blog\/wp-json\/wp\/v2\/types\/post"}],"author":[{"embeddable":true,"href":"http:\/\/www.editiondaslabor.de\/blog\/wp-json\/wp\/v2\/users\/257"}],"replies":[{"embeddable":true,"href":"http:\/\/www.editiondaslabor.de\/blog\/wp-json\/wp\/v2\/comments?post=66369"}],"version-history":[{"count":1,"href":"http:\/\/www.editiondaslabor.de\/blog\/wp-json\/wp\/v2\/posts\/66369\/revisions"}],"predecessor-version":[{"id":101307,"href":"http:\/\/www.editiondaslabor.de\/blog\/wp-json\/wp\/v2\/posts\/66369\/revisions\/101307"}],"wp:featuredmedia":[{"embeddable":true,"href":"http:\/\/www.editiondaslabor.de\/blog\/wp-json\/wp\/v2\/media\/99306"}],"wp:attachment":[{"href":"http:\/\/www.editiondaslabor.de\/blog\/wp-json\/wp\/v2\/media?parent=66369"}],"wp:term":[{"taxonomy":"category","embeddable":true,"href":"http:\/\/www.editiondaslabor.de\/blog\/wp-json\/wp\/v2\/categories?post=66369"},{"taxonomy":"post_tag","embeddable":true,"href":"http:\/\/www.editiondaslabor.de\/blog\/wp-json\/wp\/v2\/tags?post=66369"}],"curies":[{"name":"wp","href":"https:\/\/api.w.org\/{rel}","templated":true}]}}