{"id":66101,"date":"1993-05-25T00:01:00","date_gmt":"1993-05-24T22:01:00","guid":{"rendered":"http:\/\/www.editiondaslabor.de\/blog\/?p=66101"},"modified":"2022-02-28T19:18:18","modified_gmt":"2022-02-28T18:18:18","slug":"schwanzlutscher","status":"publish","type":"post","link":"http:\/\/www.editiondaslabor.de\/blog\/1993\/05\/25\/schwanzlutscher\/","title":{"rendered":"&#8222;Schwanzlutscher&#8220;"},"content":{"rendered":"\r\n<p class=\"has-text-color has-text-align-right has-cyan-bluish-gray-color\" style=\"text-align: right;\"><span style=\"color: #999999;\">Mit drei\u00dfig Jahren Verz\u00f6gerung wirkten die <em>Beatniks<\/em> auf den deutschsprachigen Social Beat, eine literarische Underground-Bewegung der 1990er Jahre, die auch von Autoren wie Charles Bukowski, J\u00f6rg Fauser oder Thomas Kling beeinflusst war, der selbst an Poetry-Slams teilgenommen hat. Viele Social-Beat-Aktivisten waren in der Poetry-Slam-Szene aktiv.<\/span><\/p>\r\n\r\n\r\n\r\n<div class=\"wp-block-image\" style=\"text-align: justify;\">\r\n<figure class=\"alignright size-large is-resized\"><img loading=\"lazy\" decoding=\"async\" class=\"wp-image-66106\" src=\"http:\/\/www.editiondaslabor.de\/blog\/wp-content\/uploads\/2020\/06\/cocksucker_502.jpg\" alt=\"\" width=\"188\" height=\"269\" srcset=\"http:\/\/www.editiondaslabor.de\/blog\/wp-content\/uploads\/2020\/06\/cocksucker_502.jpg 250w, http:\/\/www.editiondaslabor.de\/blog\/wp-content\/uploads\/2020\/06\/cocksucker_502-209x300.jpg 209w, http:\/\/www.editiondaslabor.de\/blog\/wp-content\/uploads\/2020\/06\/cocksucker_502-160x229.jpg 160w\" sizes=\"auto, (max-width: 188px) 100vw, 188px\" \/><\/figure>\r\n<\/div>\r\n\r\n\r\n\r\n<p style=\"text-align: justify;\">Mit der <em>Zeitung f\u00fcr Undergroundliteratur &#8211; Cocksucker<\/em> hat es Anfang der 1990er aus Sicht des Verlegers angefangen. Zwar wurde die Zeitschrift nie offiziell eingestellt, aber sie wird wohl nie mehr so oft erscheinen wie damals. Es sei den, es wagt sich jemand an einen Re-Print.<\/p>\r\n\r\n\r\n\r\n<p style=\"text-align: justify;\">Herausgegeben wurde der <em>Cocksucker vom<\/em> Ariel-Verlag. Dieser wurde 1993 w\u00e4hrend der <em><a href=\"http:\/\/www.editiondaslabor.de\/blog\/2013\/06\/01\/geschichte-und-aufgaben-des-mainzer-minipressen-archives-mmpa\/\">Mainzer Minipressenmesse<\/a><\/em> von Oliver Bopp gegr\u00fcndet, der schon ein Jahr zuvor als Herausgeber der Undergroundliteratur-Zeitung <em>Cocksucker<\/em> (20 Ausgaben, 1992\u20132003) t\u00e4tig war. In dieser Zeit gab es ein gro\u00dfes Potenzial an jungen wilden Dichtern (meist M\u00e4nner), deren kollektive literarische Sturm-und-Drang-Zeit sp\u00e4ter einen Namen erhielt: <a href=\"http:\/\/www.editiondaslabor.de\/blog\/2001\/06\/23\/killroy-review\/\">Social Beat<\/a>. Der Ariel-Verlag teilte sich mit dem dem Label KILLROY den Ruf das verlegerischen Sprachrohr dieser Bewegung zu sein, dabei erschienen Anthologien (Downtown Deutschland, Asphalt Beat) und Einzelpublikationen. Im Laufe dessen erfolgte die Vereinigung mit dem Essener Isabel-Rox-Verlag, dieser hatte mit der \u201eUnderground-Anthologie\u201c <em>Downtown Deutschland<\/em> das losgetreten, was man als <a href=\"http:\/\/www.editiondaslabor.de\/blog\/1998\/06\/24\/was-ist-social-beat\/\">Social Beat<\/a> und <a href=\"http:\/\/www.editiondaslabor.de\/blog\/1998\/06\/13\/slam-poetry\/\">Slam Poetry<\/a> aus den USA importierte. Einen guten \u00dcberblick \u00fcber diese Szene bietet die Anthologie <a href=\"http:\/\/www.editiondaslabor.de\/blog\/1999\/06\/24\/kaltland\/\">Kaltland<\/a> (von Boris Kerenski und Sergiu Stefanescu), die den Abgesang dieser Sumpfbl\u00fcte eindr\u00fccklich dokumentiert.<\/p>\r\n<p>&nbsp;<\/p>\r\n<p>&nbsp;<\/p>\r\n\r\n\r\n\r\n<p class=\"has-text-align-center\" style=\"text-align: center;\">***<\/p>\r\n\r\n\r\n\r\n<div class=\"wp-block-image\" style=\"text-align: justify;\">\r\n<figure class=\"alignleft size-large is-resized\">\r\n<div id=\"attachment_65815\" style=\"width: 288px\" class=\"wp-caption alignleft\"><img loading=\"lazy\" decoding=\"async\" aria-describedby=\"caption-attachment-65815\" class=\"wp-image-65815 size-medium\" src=\"http:\/\/www.editiondaslabor.de\/blog\/wp-content\/uploads\/2020\/06\/Hadayatullah-278x300.jpg\" alt=\"\" width=\"278\" height=\"300\" srcset=\"http:\/\/www.editiondaslabor.de\/blog\/wp-content\/uploads\/2020\/06\/Hadayatullah-278x300.jpg 278w, http:\/\/www.editiondaslabor.de\/blog\/wp-content\/uploads\/2020\/06\/Hadayatullah-949x1024.jpg 949w, http:\/\/www.editiondaslabor.de\/blog\/wp-content\/uploads\/2020\/06\/Hadayatullah-768x829.jpg 768w, http:\/\/www.editiondaslabor.de\/blog\/wp-content\/uploads\/2020\/06\/Hadayatullah-560x604.jpg 560w, http:\/\/www.editiondaslabor.de\/blog\/wp-content\/uploads\/2020\/06\/Hadayatullah-260x281.jpg 260w, http:\/\/www.editiondaslabor.de\/blog\/wp-content\/uploads\/2020\/06\/Hadayatullah-160x173.jpg 160w, http:\/\/www.editiondaslabor.de\/blog\/wp-content\/uploads\/2020\/06\/Hadayatullah.jpg 1112w\" sizes=\"auto, (max-width: 278px) 100vw, 278px\" \/><p id=\"caption-attachment-65815\" class=\"wp-caption-text\">Der Urvater des Social-Beat. Hadayatullah H\u00fcbsch. Photo: Masroor-ahmad<\/p><\/div>\r\n<p><strong>Weiterf\u00fchrend \u2192 <\/strong><\/p>\r\n<p>Zu den Gr\u00fcndungsmythen der alten BRD geh\u00f6rt die <a href=\"http:\/\/www.editiondaslabor.de\/blog\/2001\/04\/01\/nonkonformistische-literatur\/\">Nonkonformistische Literatur<\/a>, lesen Sie dazu auch ein Portr\u00e4t von <a href=\"http:\/\/www.editiondaslabor.de\/blog\/2000\/04\/04\/vauo\/\">V.O. Stomps<\/a>, dem Klassiker des Andersseins. Kaum jemand hat die L\u00fcckenhaftigkeit des <em>Underground<\/em> so konzequent <a href=\"http:\/\/www.editiondaslabor.de\/blog\/2008\/09\/24\/underground\/\">erz\u00e4hlt<\/a> wie N\u00ed Gudix und ihre <a href=\"http:\/\/www.editiondaslabor.de\/blog\/2008\/08\/23\/kritik-an-der-literarischen-alternative\/\">Kritik an der literarischen Alternative<\/a> ist berechtigt. Ein Portr\u00e4t von N\u00ed Gudix findet sich <a href=\"http:\/\/www.editiondaslabor.de\/blog\/2015\/08\/16\/da-lernst-du-die-menschen-kennen\/\">hier<\/a> (und als Leseprobe ihren <a href=\"http:\/\/www.editiondaslabor.de\/blog\/2006\/12\/30\/hausaffentango\/\">Hausaffentango<\/a>). Lesen Sie auch die <a href=\"http:\/\/www.editiondaslabor.de\/blog\/2005\/09\/24\/erinnerungen\/\">Erinnerungen an den Bottroper Literaturrocker<\/a> von Werner Streletz und den <a href=\"http:\/\/www.editiondaslabor.de\/blog\/2008\/09\/28\/rip-bruno\/\">Nachruf<\/a> von Bruno Runzheimer. Zum 100. Geburtstag von Charles Bukowski, eine <a href=\"http:\/\/www.editiondaslabor.de\/blog\/2020\/08\/16\/ledertasche-geborgt\/\">Doppelbesprechung<\/a> von Hartmuth Malornys Ruhrgebietsroman <em>Die schwarze Ledertasche<\/em>. 1989 erscheint Helge Schneiders allererste Schallplatte <a href=\"http:\/\/www.editiondaslabor.de\/blog\/?p=26990\"><em>Seine gr\u00f6\u00dften Erfolge<\/em><\/a>, produziert von Helge Schneider und <a href=\"http:\/\/www.editiondaslabor.de\/blog\/2012\/07\/20\/klangkloetzchen\/\">Tom T\u00e4ger<\/a> im Tonstudio\/Ruhr. Lesen Sie auch das <a href=\"http:\/\/www.editiondaslabor.de\/blog\/?p=26709\">Portr\u00e4t <\/a>der einzigartigen Proletendiva aus dem Ruhrgebeat auf KUNO. In einem Kollegengespr\u00e4ch mit Barbara Ester dekonstruiert A.J. Weigoni die <em><a href=\"http:\/\/www.editiondaslabor.de\/blog\/1997\/10\/09\/ruhrgebietsromantik\/\">Ruhrgebietsromantik<\/a><\/em>. Mit<a href=\"http:\/\/www.editiondaslabor.de\/blog\/?p=6071\"> Kersten Flenter<\/a> und <a href=\"http:\/\/www.editiondaslabor.de\/blog\/2001\/06\/23\/killroy-review\/\">Michael Sch\u00f6nauer<\/a> geh\u00f6rte <a href=\"http:\/\/www.editiondaslabor.de\/blog\/2015\/08\/24\/polyphone-ich-erzaehlungen\/\">Tom de Toys<\/a> zum\u00a0Dreigestirn des deutschen <a href=\"http:\/\/www.editiondaslabor.de\/blog\/1997\/01\/05\/bewegung\/\">Poetry Slam<\/a>. Einen Nachruf von Theo Breuer auf den Urvater des Social-Beat finden Sie <a href=\"http:\/\/www.editiondaslabor.de\/blog\/2012\/03\/07\/hubsch-revisited\/\">hier<\/a> \u2013 Sowie selbstverst\u00e4ndlich his <a href=\"http:\/\/www.editiondaslabor.de\/blog\/1995\/06\/25\/wie-was-social-beat-ist-und-warum-und-warum-nicht\/\">Masters voice<\/a>. Und Dr. Stahls kaltgenaue <a href=\"http:\/\/www.editiondaslabor.de\/blog\/2002\/06\/26\/social-beat-vs-digitales-dasein\/\">Analyse<\/a>. \u2013 Constanze Schmidt beschreibt den Weg von <a href=\"http:\/\/www.editiondaslabor.de\/blog\/?p=26080\">Proust zu Pulp<\/a>. Ebenso eindr\u00fccklich empfohlen sei Heiner Links <a href=\"http:\/\/www.editiondaslabor.de\/blog\/?p=42272\">Vorwort<\/a> zum Band Trash-Piloten. Inzwischen hat sich Trash andere Kunstformen erobert, dazu die <a href=\"http:\/\/www.editiondaslabor.de\/blog\/2014\/11\/01\/trash-eine-einfuehrung\/\">Aufmerksamkeit<\/a> einer geneigten Kulturkritik. In der Reihe <em>Gossenhefte<\/em> zeigt sich, was passiert, wenn sich literarischer Bodensatz und die Reflexionsm\u00f6glichkeiten von popul\u00e4rkulturellen Tugenden nahe genug kommen, der Essay <a href=\"http:\/\/www.editiondaslabor.de\/blog\/?p=35655\"><em>Perlen des Trash<\/em><\/a> stellt diese Reihe ausf\u00fchrlich vor. Die KUNO-Redaktion bat A.J. Weigoni um einen Text mit Bezug auf die Mainzer Minpressenmesse (MMPM) und er kramte eine <a href=\"http:\/\/www.editiondaslabor.de\/blog\/1993\/05\/31\/treff-der-titanen\/\">Realsatire<\/a> aus dem Jahr 1993 heraus, die er f\u00fcr den Mainzer Verleger Jens Neumann geschrieben hat. J\u00fcrgen Kipp \u00fcber die <a href=\"http:\/\/www.editiondaslabor.de\/blog\/2013\/06\/01\/geschichte-und-aufgaben-des-mainzer-minipressen-archives-mmpa\/\">Aufgaben des Mainzer Minipressen-Archives<\/a>. Ein w\u00fcrdiger Abschlu\u00df gelingt Boris Kerenski mit <a href=\"http:\/\/www.editiondaslabor.de\/blog\/2021\/03\/30\/wer-war-ist-noch-social-beat\/\">Stimmen aus dem popliterarischen Untergrund<\/a><strong>.<\/strong><\/p>\r\n<\/figure>\r\n<\/div>\r\n\r\n\r\n","protected":false},"excerpt":{"rendered":"<p>Mit drei\u00dfig Jahren Verz\u00f6gerung wirkten die Beatniks auf den deutschsprachigen Social Beat, eine literarische Underground-Bewegung der 1990er Jahre, die auch von Autoren wie Charles Bukowski, J\u00f6rg Fauser oder Thomas Kling beeinflusst war, der selbst an Poetry-Slams teilgenommen hat. Viele Social-Beat-Aktivisten&hellip;<\/p>\n<p class=\"more-link-p\"><a class=\"more-link\" href=\"http:\/\/www.editiondaslabor.de\/blog\/1993\/05\/25\/schwanzlutscher\/\">Read more &rarr;<\/a><\/p>\n","protected":false},"author":2,"featured_media":98312,"comment_status":"closed","ping_status":"closed","sticky":false,"template":"","format":"standard","meta":{"footnotes":""},"categories":[1],"tags":[249,2629,2628,1838],"class_list":["post-66101","post","type-post","status-publish","format-standard","has-post-thumbnail","hentry","category-literatur","tag-hadayatullah-hubsch","tag-isabel-rox","tag-oliver-bopp","tag-robsie-richter"],"_links":{"self":[{"href":"http:\/\/www.editiondaslabor.de\/blog\/wp-json\/wp\/v2\/posts\/66101","targetHints":{"allow":["GET"]}}],"collection":[{"href":"http:\/\/www.editiondaslabor.de\/blog\/wp-json\/wp\/v2\/posts"}],"about":[{"href":"http:\/\/www.editiondaslabor.de\/blog\/wp-json\/wp\/v2\/types\/post"}],"author":[{"embeddable":true,"href":"http:\/\/www.editiondaslabor.de\/blog\/wp-json\/wp\/v2\/users\/2"}],"replies":[{"embeddable":true,"href":"http:\/\/www.editiondaslabor.de\/blog\/wp-json\/wp\/v2\/comments?post=66101"}],"version-history":[{"count":1,"href":"http:\/\/www.editiondaslabor.de\/blog\/wp-json\/wp\/v2\/posts\/66101\/revisions"}],"predecessor-version":[{"id":101333,"href":"http:\/\/www.editiondaslabor.de\/blog\/wp-json\/wp\/v2\/posts\/66101\/revisions\/101333"}],"wp:featuredmedia":[{"embeddable":true,"href":"http:\/\/www.editiondaslabor.de\/blog\/wp-json\/wp\/v2\/media\/98312"}],"wp:attachment":[{"href":"http:\/\/www.editiondaslabor.de\/blog\/wp-json\/wp\/v2\/media?parent=66101"}],"wp:term":[{"taxonomy":"category","embeddable":true,"href":"http:\/\/www.editiondaslabor.de\/blog\/wp-json\/wp\/v2\/categories?post=66101"},{"taxonomy":"post_tag","embeddable":true,"href":"http:\/\/www.editiondaslabor.de\/blog\/wp-json\/wp\/v2\/tags?post=66101"}],"curies":[{"name":"wp","href":"https:\/\/api.w.org\/{rel}","templated":true}]}}