{"id":65917,"date":"2010-06-07T00:01:00","date_gmt":"2010-06-06T22:01:00","guid":{"rendered":"http:\/\/www.editiondaslabor.de\/blog\/?p=65917"},"modified":"2021-10-25T10:59:20","modified_gmt":"2021-10-25T08:59:20","slug":"dime-novels","status":"publish","type":"post","link":"http:\/\/www.editiondaslabor.de\/blog\/2010\/06\/07\/dime-novels\/","title":{"rendered":"Dime Novels"},"content":{"rendered":"\r\n<p>&nbsp;<\/p>\r\n<p style=\"text-align: justify;\"><em>A Bad Boys Diary<\/em> erschien 1880 erstmals anonym als Taschenbuch bei Ogilvie in New York und wurde zum gro\u00dfen Erfolg. Es erschien mit Rechtschreibfehlern und im Slang (\u00bbI was ate years ole yesturday, an Mamma she sez to me\u00ab) sowie mit Wortspielen und frechem Jargon. \u00bbThe funniest book ever written\u00ab, hie\u00df es in Rezensionen. Es gab viele \u00dcbersetzungen und Bearbeitungen, doch wegen der Anonymit\u00e4t des amerikanischen Originals wurde oft im Text herumgepfuscht, Georgies Orthographie wurde z.T. korrigiert, seine Abenteuer gek\u00fcrzt und neue dazuerfunden. Da\u00df \u00bbGian Burrasca\u00ab, ein beliebtes italienisches Kinderbuch neben Pinocchio, ein Plagiat von <em>A Bad Boy?s Diary<\/em> ist, wissen nur wenige. N\u00ed Gudix \u00dcbersetzung \u00bbTagebuch von nem schlimmen Schlingel\u00ab ist der Versuch, einem der Ur-Lausbuben der Weltliteratur wieder zu Ruhm und Ehre zu verhelfen.<\/p>\r\n<p>&nbsp;<\/p>\r\n\r\n\r\n\r\n<p class=\"has-large-font-size\" style=\"text-align: justify;\">\u00a0<\/p>\r\n\r\n\r\n\r\n<p class=\"has-text-align-center\" style=\"text-align: center;\">***<\/p>\r\n\r\n\r\n\r\n<p style=\"text-align: justify;\"><strong>Tagebuch von nem schlimmen Schlinge<\/strong>l, von Metta Victor Killroy Media, 2010<\/p>\r\n\r\n\r\n\r\n<div class=\"wp-block-image\" style=\"text-align: justify;\">\r\n<figure class=\"alignleft size-large\"><img loading=\"lazy\" decoding=\"async\" width=\"160\" height=\"227\" class=\"wp-image-65920\" src=\"http:\/\/www.editiondaslabor.de\/blog\/wp-content\/uploads\/2020\/06\/Tagebuch_SCover.jpg\" alt=\"\" \/><\/figure>\r\n<\/div>\r\n\r\n\r\n\r\n<p style=\"text-align: justify;\"><strong>Weiterf\u00fchrend zur Theorie des Sozialen \u2192<\/strong><\/p>\r\n\r\n\r\n\r\n<p style=\"text-align: justify;\">Eine Theorie des Sozialen lautet, es gebe in der Politik keine L\u00fccken. Immer wo sich eine auftue, werde sie sofort von anderen Akteuren besetzt. Kaum jemand hat die L\u00fcckenhaftigkeit des <em>Underground<\/em> so konzequent <a href=\"http:\/\/www.editiondaslabor.de\/blog\/2008\/09\/24\/underground\/\">erz\u00e4hlt<\/a> wie N\u00ed Gudix. Ein Portr\u00e4t von N\u00ed Gudix findet sich <a href=\"http:\/\/www.editiondaslabor.de\/blog\/2015\/08\/16\/da-lernst-du-die-menschen-kennen\/\">hier<\/a>. Lesen Sie auch die <a href=\"http:\/\/www.editiondaslabor.de\/blog\/2005\/09\/24\/erinnerungen\/\">Erinnerungen an den Bottroper Literaturrocker<\/a> von Werner Streletz und den <a href=\"http:\/\/www.editiondaslabor.de\/blog\/2008\/09\/28\/rip-bruno\/\">Nachruf<\/a> von Bruno Runzheimer. Mit<a href=\"http:\/\/www.editiondaslabor.de\/blog\/?p=6071\"> Kersten Flenter<\/a> und <a href=\"http:\/\/www.editiondaslabor.de\/blog\/2001\/06\/23\/killroy-review\/\">Michael Sch\u00f6nauer<\/a> geh\u00f6rte <a href=\"http:\/\/www.editiondaslabor.de\/blog\/2015\/08\/24\/polyphone-ich-erzaehlungen\/\">Tom de Toys<\/a> zum\u00a0Dreigestirn des deutschen <a href=\"http:\/\/www.editiondaslabor.de\/blog\/1997\/01\/05\/bewegung\/\">Poetry Slam<\/a>. Einen Nachruf von Theo Breuer auf den Urvater des Social-Beat finden Sie <a href=\"http:\/\/www.editiondaslabor.de\/blog\/2012\/03\/07\/hubsch-revisited\/\">hier<\/a> \u2013 Sowie selbstverst\u00e4ndlich his <a href=\"http:\/\/www.editiondaslabor.de\/blog\/1995\/06\/25\/wie-was-social-beat-ist-und-warum-und-warum-nicht\/\">Masters voice<\/a>. Und Dr. Stahls kaltgenaue <a href=\"http:\/\/www.editiondaslabor.de\/blog\/2002\/06\/26\/social-beat-vs-digitales-dasein\/\">Analyse<\/a>. \u2013 Die KUNO-Redaktion bat A.J. Weigoni um einen Text mit Bezug auf die Mainzer Minpressenmesse (MMPM) und er kramte eine <a href=\"http:\/\/www.editiondaslabor.de\/blog\/1993\/05\/31\/treff-der-titanen\/\">Realsatire<\/a> aus dem Jahr 1993 heraus, die er f\u00fcr den Mainzer Verleger Jens Neumann geschrieben hat.<\/p>\r\n","protected":false},"excerpt":{"rendered":"<p>&nbsp; A Bad Boys Diary erschien 1880 erstmals anonym als Taschenbuch bei Ogilvie in New York und wurde zum gro\u00dfen Erfolg. Es erschien mit Rechtschreibfehlern und im Slang (\u00bbI was ate years ole yesturday, an Mamma she sez to me\u00ab)&hellip;<\/p>\n<p class=\"more-link-p\"><a class=\"more-link\" href=\"http:\/\/www.editiondaslabor.de\/blog\/2010\/06\/07\/dime-novels\/\">Read more &rarr;<\/a><\/p>\n","protected":false},"author":2,"featured_media":69418,"comment_status":"closed","ping_status":"closed","sticky":false,"template":"","format":"standard","meta":{"footnotes":""},"categories":[1],"tags":[2610,2608],"class_list":["post-65917","post","type-post","status-publish","format-standard","has-post-thumbnail","hentry","category-literatur","tag-metta-victor","tag-ni-gudix"],"_links":{"self":[{"href":"http:\/\/www.editiondaslabor.de\/blog\/wp-json\/wp\/v2\/posts\/65917","targetHints":{"allow":["GET"]}}],"collection":[{"href":"http:\/\/www.editiondaslabor.de\/blog\/wp-json\/wp\/v2\/posts"}],"about":[{"href":"http:\/\/www.editiondaslabor.de\/blog\/wp-json\/wp\/v2\/types\/post"}],"author":[{"embeddable":true,"href":"http:\/\/www.editiondaslabor.de\/blog\/wp-json\/wp\/v2\/users\/2"}],"replies":[{"embeddable":true,"href":"http:\/\/www.editiondaslabor.de\/blog\/wp-json\/wp\/v2\/comments?post=65917"}],"version-history":[{"count":0,"href":"http:\/\/www.editiondaslabor.de\/blog\/wp-json\/wp\/v2\/posts\/65917\/revisions"}],"wp:featuredmedia":[{"embeddable":true,"href":"http:\/\/www.editiondaslabor.de\/blog\/wp-json\/"}],"wp:attachment":[{"href":"http:\/\/www.editiondaslabor.de\/blog\/wp-json\/wp\/v2\/media?parent=65917"}],"wp:term":[{"taxonomy":"category","embeddable":true,"href":"http:\/\/www.editiondaslabor.de\/blog\/wp-json\/wp\/v2\/categories?post=65917"},{"taxonomy":"post_tag","embeddable":true,"href":"http:\/\/www.editiondaslabor.de\/blog\/wp-json\/wp\/v2\/tags?post=65917"}],"curies":[{"name":"wp","href":"https:\/\/api.w.org\/{rel}","templated":true}]}}