{"id":65752,"date":"2009-01-08T00:01:00","date_gmt":"2009-01-07T23:01:00","guid":{"rendered":"http:\/\/www.editiondaslabor.de\/blog\/?p=65752"},"modified":"2022-02-17T17:17:30","modified_gmt":"2022-02-17T16:17:30","slug":"sonate-in-urlaute","status":"publish","type":"post","link":"http:\/\/www.editiondaslabor.de\/blog\/2009\/01\/08\/sonate-in-urlaute\/","title":{"rendered":"Sonate in Urlauten (Auszug)"},"content":{"rendered":"\r\n<p>&nbsp;<\/p>\r\n<p>F\u00fcmms b\u00f6 w\u00f6 t\u00e4\u00e4 z\u00e4\u00e4 Uu&#8230; rakete rinnzekete&#8230;<\/p>\r\n<p>&nbsp;<\/p>\r\n<p>&nbsp;<\/p>\r\n\r\n\r\n\r\n<p>&nbsp;<\/p>\r\n<p>&nbsp;<\/p>\r\n<p style=\"text-align: center;\">***<\/p>\r\n<p style=\"text-align: justify;\"><strong>Das literarische Werk<\/strong> von Kurt Schwitters. <i>Ursonate (1922-32); in Das literarische Werk, Bd. 1: Manifeste und kritische Prosa. K\u00f6ln: DuMont Schauberg, 1973<\/i><\/p>\r\n<div id=\"attachment_5286\" style=\"width: 219px\" class=\"wp-caption alignleft\"><a href=\"http:\/\/www.editiondaslabor.de\/blog\/wp-content\/uploads\/2012\/06\/220px-Kurt_Schwitters.jpg\"><img loading=\"lazy\" decoding=\"async\" aria-describedby=\"caption-attachment-5286\" class=\"size-medium wp-image-5286\" src=\"http:\/\/www.editiondaslabor.de\/blog\/wp-content\/uploads\/2012\/06\/220px-Kurt_Schwitters-209x300.jpg\" alt=\"\" width=\"209\" height=\"300\" srcset=\"http:\/\/www.editiondaslabor.de\/blog\/wp-content\/uploads\/2012\/06\/220px-Kurt_Schwitters-209x300.jpg 209w, http:\/\/www.editiondaslabor.de\/blog\/wp-content\/uploads\/2012\/06\/220px-Kurt_Schwitters.jpg 220w\" sizes=\"auto, (max-width: 209px) 100vw, 209px\" \/><\/a><p id=\"caption-attachment-5286\" class=\"wp-caption-text\">Kurt Schwitters, vor 1927, auf einer Fotografie von Genja Jonas<\/p><\/div>\r\n<p style=\"text-align: justify;\">KUNO stellt den vielseitigen K\u00fcnstler aus Hannover in die Ahnenreihe der <em>Twitteratur<\/em>.\u00a0<\/p>\r\n<p style=\"text-align: justify;\"><strong>Weiterf\u00fchrend\u00a0\u2192 <\/strong>ein Essay \u00fcber die neue Literaturgattung <a href=\"http:\/\/www.editiondaslabor.de\/blog\/?p=22423\"><em>Twitteratur<\/em><\/a>, sowie ein <a href=\"http:\/\/www.editiondaslabor.de\/blog\/2019\/09\/06\/recap-hungertuchpreis\/\">Recap<\/a> des Hungertuchpreises.<\/p>\r\n","protected":false},"excerpt":{"rendered":"<p>&nbsp; F\u00fcmms b\u00f6 w\u00f6 t\u00e4\u00e4 z\u00e4\u00e4 Uu&#8230; rakete rinnzekete&#8230; &nbsp; &nbsp; &nbsp; &nbsp; *** Das literarische Werk von Kurt Schwitters. Ursonate (1922-32); in Das literarische Werk, Bd. 1: Manifeste und kritische Prosa. K\u00f6ln: DuMont Schauberg, 1973 KUNO stellt den vielseitigen&hellip;<\/p>\n<p class=\"more-link-p\"><a class=\"more-link\" href=\"http:\/\/www.editiondaslabor.de\/blog\/2009\/01\/08\/sonate-in-urlaute\/\">Read more &rarr;<\/a><\/p>\n","protected":false},"author":200,"featured_media":97955,"comment_status":"closed","ping_status":"closed","sticky":false,"template":"","format":"standard","meta":{"footnotes":""},"categories":[1],"tags":[474],"class_list":["post-65752","post","type-post","status-publish","format-standard","has-post-thumbnail","hentry","category-literatur","tag-kurt-schwitters"],"_links":{"self":[{"href":"http:\/\/www.editiondaslabor.de\/blog\/wp-json\/wp\/v2\/posts\/65752","targetHints":{"allow":["GET"]}}],"collection":[{"href":"http:\/\/www.editiondaslabor.de\/blog\/wp-json\/wp\/v2\/posts"}],"about":[{"href":"http:\/\/www.editiondaslabor.de\/blog\/wp-json\/wp\/v2\/types\/post"}],"author":[{"embeddable":true,"href":"http:\/\/www.editiondaslabor.de\/blog\/wp-json\/wp\/v2\/users\/200"}],"replies":[{"embeddable":true,"href":"http:\/\/www.editiondaslabor.de\/blog\/wp-json\/wp\/v2\/comments?post=65752"}],"version-history":[{"count":1,"href":"http:\/\/www.editiondaslabor.de\/blog\/wp-json\/wp\/v2\/posts\/65752\/revisions"}],"predecessor-version":[{"id":97972,"href":"http:\/\/www.editiondaslabor.de\/blog\/wp-json\/wp\/v2\/posts\/65752\/revisions\/97972"}],"wp:featuredmedia":[{"embeddable":true,"href":"http:\/\/www.editiondaslabor.de\/blog\/wp-json\/wp\/v2\/media\/97955"}],"wp:attachment":[{"href":"http:\/\/www.editiondaslabor.de\/blog\/wp-json\/wp\/v2\/media?parent=65752"}],"wp:term":[{"taxonomy":"category","embeddable":true,"href":"http:\/\/www.editiondaslabor.de\/blog\/wp-json\/wp\/v2\/categories?post=65752"},{"taxonomy":"post_tag","embeddable":true,"href":"http:\/\/www.editiondaslabor.de\/blog\/wp-json\/wp\/v2\/tags?post=65752"}],"curies":[{"name":"wp","href":"https:\/\/api.w.org\/{rel}","templated":true}]}}