{"id":65478,"date":"2011-06-03T00:01:00","date_gmt":"2011-06-02T22:01:00","guid":{"rendered":"http:\/\/www.editiondaslabor.de\/blog\/?p=65478"},"modified":"2021-10-05T17:25:05","modified_gmt":"2021-10-05T15:25:05","slug":"faustschlag-auf-den-schaedel","status":"publish","type":"post","link":"http:\/\/www.editiondaslabor.de\/blog\/2011\/06\/03\/faustschlag-auf-den-schaedel\/","title":{"rendered":"Faustschlag auf den Sch\u00e4del"},"content":{"rendered":"<p style=\"text-align: right;\">\u00a0<\/p>\r\n<p style=\"text-align: justify;\"><span style=\"color: #333333;\">Ich glaube, man sollte \u00fcberhaupt nur noch solche B\u00fccher lesen, die einen beissen und stechen. Wenn das Buch, das wir lesen, uns nicht mit einem Faustschlag auf den Sch\u00e4del weckt, wozu lesen wir dann das Buch?<\/span><\/p>\r\n<p>&nbsp;<\/p>\r\n<p>&nbsp;<\/p>\r\n<p>&nbsp;<\/p>\r\n<div id=\"attachment_20121\" style=\"width: 251px\" class=\"wp-caption alignleft\"><a href=\"http:\/\/www.editiondaslabor.de\/blog\/wp-content\/uploads\/2013\/12\/Franz-Kafka-Fotografie-aus-dem-Atelier-Jacobi-1906.-241x30011.jpg\"><img loading=\"lazy\" decoding=\"async\" aria-describedby=\"caption-attachment-20121\" class=\"size-full wp-image-20121\" src=\"http:\/\/www.editiondaslabor.de\/blog\/wp-content\/uploads\/2013\/12\/Franz-Kafka-Fotografie-aus-dem-Atelier-Jacobi-1906.-241x30011.jpg\" alt=\"\" width=\"241\" height=\"300\" \/><\/a><p id=\"caption-attachment-20121\" class=\"wp-caption-text\">Franz Kafka, Fotografie aus dem Atelier Jacobi 1906<\/p><\/div>\r\n<p style=\"text-align: justify;\"><strong>Weiterf\u00fchrend \u2192<\/strong><\/p>\r\n\r\n<p class=\"has-text-align-left\" style=\"text-align: justify;\">Franz Kafka neigte zu aphoristischen Gedankensplittern und dem eigenwilligen Aneignen kollektiver, mythischer Diskurse, um einen Prozess der Selbstreflexion in Gang zu setzen, der vom bloss Pers\u00f6nlichen und Privaten abstrahierte und es verbarg. Seine kurzen Texte kann man als Vorform der <em>Twitteratur<\/em> bezeichnen.<\/p>\r\n\r\n\r\n\r\n<p style=\"text-align: justify;\"><strong>Weiterf\u00fchrend\u00a0\u2192 <\/strong><\/p>\r\n\r\n\r\n\r\n<p style=\"text-align: justify;\">Ein Hinweis auf einen Essay \u00fcber die neue Literaturgattung <a href=\"http:\/\/www.editiondaslabor.de\/blog\/?p=22423\"><em>Twitteratur<\/em><\/a>, sowie ein <a href=\"http:\/\/www.editiondaslabor.de\/blog\/2019\/09\/06\/recap-hungertuchpreis\/\">Recap<\/a> des Hungertuchpreises.<\/p>\r\n","protected":false},"excerpt":{"rendered":"<p>\u00a0 Ich glaube, man sollte \u00fcberhaupt nur noch solche B\u00fccher lesen, die einen beissen und stechen. Wenn das Buch, das wir lesen, uns nicht mit einem Faustschlag auf den Sch\u00e4del weckt, wozu lesen wir dann das Buch? &nbsp; &nbsp; &nbsp;&hellip;<\/p>\n<p class=\"more-link-p\"><a class=\"more-link\" href=\"http:\/\/www.editiondaslabor.de\/blog\/2011\/06\/03\/faustschlag-auf-den-schaedel\/\">Read more &rarr;<\/a><\/p>\n","protected":false},"author":107,"featured_media":16573,"comment_status":"closed","ping_status":"closed","sticky":false,"template":"","format":"standard","meta":{"footnotes":""},"categories":[1],"tags":[494],"class_list":["post-65478","post","type-post","status-publish","format-standard","has-post-thumbnail","hentry","category-literatur","tag-franz-kafka"],"_links":{"self":[{"href":"http:\/\/www.editiondaslabor.de\/blog\/wp-json\/wp\/v2\/posts\/65478","targetHints":{"allow":["GET"]}}],"collection":[{"href":"http:\/\/www.editiondaslabor.de\/blog\/wp-json\/wp\/v2\/posts"}],"about":[{"href":"http:\/\/www.editiondaslabor.de\/blog\/wp-json\/wp\/v2\/types\/post"}],"author":[{"embeddable":true,"href":"http:\/\/www.editiondaslabor.de\/blog\/wp-json\/wp\/v2\/users\/107"}],"replies":[{"embeddable":true,"href":"http:\/\/www.editiondaslabor.de\/blog\/wp-json\/wp\/v2\/comments?post=65478"}],"version-history":[{"count":0,"href":"http:\/\/www.editiondaslabor.de\/blog\/wp-json\/wp\/v2\/posts\/65478\/revisions"}],"wp:featuredmedia":[{"embeddable":true,"href":"http:\/\/www.editiondaslabor.de\/blog\/wp-json\/"}],"wp:attachment":[{"href":"http:\/\/www.editiondaslabor.de\/blog\/wp-json\/wp\/v2\/media?parent=65478"}],"wp:term":[{"taxonomy":"category","embeddable":true,"href":"http:\/\/www.editiondaslabor.de\/blog\/wp-json\/wp\/v2\/categories?post=65478"},{"taxonomy":"post_tag","embeddable":true,"href":"http:\/\/www.editiondaslabor.de\/blog\/wp-json\/wp\/v2\/tags?post=65478"}],"curies":[{"name":"wp","href":"https:\/\/api.w.org\/{rel}","templated":true}]}}