{"id":65214,"date":"1989-06-02T00:26:00","date_gmt":"1989-06-01T22:26:00","guid":{"rendered":"http:\/\/www.editiondaslabor.de\/blog\/?p=65214"},"modified":"2022-02-27T08:26:42","modified_gmt":"2022-02-27T07:26:42","slug":"portraet-eines-jungen-mannes-als-kuenstler","status":"publish","type":"post","link":"http:\/\/www.editiondaslabor.de\/blog\/1989\/06\/02\/portraet-eines-jungen-mannes-als-kuenstler\/","title":{"rendered":"Portr\u00e4t eines jungen Mannes als K\u00fcnstler"},"content":{"rendered":"\r\n<div class=\"wp-block-image\">\r\n<figure class=\"aligncenter size-large\">\r\n<div id=\"attachment_65216\" style=\"width: 1034px\" class=\"wp-caption aligncenter\"><img loading=\"lazy\" decoding=\"async\" aria-describedby=\"caption-attachment-65216\" class=\"wp-image-65216\" src=\"http:\/\/www.editiondaslabor.de\/blog\/wp-content\/uploads\/2020\/06\/Suder-1024x683.jpg\" alt=\"\" width=\"1024\" height=\"683\" srcset=\"http:\/\/www.editiondaslabor.de\/blog\/wp-content\/uploads\/2020\/06\/Suder-1024x683.jpg 1024w, http:\/\/www.editiondaslabor.de\/blog\/wp-content\/uploads\/2020\/06\/Suder-300x200.jpg 300w, http:\/\/www.editiondaslabor.de\/blog\/wp-content\/uploads\/2020\/06\/Suder-768x512.jpg 768w, http:\/\/www.editiondaslabor.de\/blog\/wp-content\/uploads\/2020\/06\/Suder-1536x1024.jpg 1536w, http:\/\/www.editiondaslabor.de\/blog\/wp-content\/uploads\/2020\/06\/Suder-2048x1365.jpg 2048w, http:\/\/www.editiondaslabor.de\/blog\/wp-content\/uploads\/2020\/06\/Suder-560x373.jpg 560w, http:\/\/www.editiondaslabor.de\/blog\/wp-content\/uploads\/2020\/06\/Suder-260x173.jpg 260w, http:\/\/www.editiondaslabor.de\/blog\/wp-content\/uploads\/2020\/06\/Suder-160x107.jpg 160w\" sizes=\"auto, (max-width: 1024px) 100vw, 1024px\" \/><p id=\"caption-attachment-65216\" class=\"wp-caption-text\">Frank Michaelis, Photo: Thomas Suder<\/p><\/div>\r\n<\/figure>\r\n<p>&nbsp;<\/p>\r\n<\/div>\r\n\r\n\r\n\r\n<p class=\"has-text-align-center\" style=\"text-align: center;\">***<\/p>\r\n\r\n\r\n\r\n<p style=\"text-align: justify;\"><strong>The last pop-songs<\/strong>, von A.J. Weigoni und Frank Michaelis (mit\u00a0Marion Haberstroh und Andy Schulz) bei <em>instant music<\/em>, D\u00fcsseldorf 1989<\/p>\r\n\r\n\r\n\r\n<p style=\"text-align: justify;\">Die Aufnahme ist in HiFi-Stereo-Qualit\u00e4t erh\u00e4ltlich \u00fcber:\u00a0 info@tonstudio-an-der-ruhr.de<\/p>\r\n<div id=\"attachment_100922\" style=\"width: 216px\" class=\"wp-caption alignleft\"><img loading=\"lazy\" decoding=\"async\" aria-describedby=\"caption-attachment-100922\" class=\"wp-image-100922 size-full\" src=\"http:\/\/www.editiondaslabor.de\/blog\/wp-content\/uploads\/1989\/01\/The-last-pop-songs-e1645945401587.jpeg\" alt=\"\" width=\"206\" height=\"300\" \/><p id=\"caption-attachment-100922\" class=\"wp-caption-text\">Photo: Anja Roth<\/p><\/div>\r\n<p style=\"text-align: justify;\">Wie das englische Wort lyrics (f\u00fcr Liedtext) verr\u00e4t, basierten die antiken Vorl\u00e4ufer der Popmusik auf Texten, die zu den Kl\u00e4ngen der Lyra vorgetragen wurden. Tonmeister <a href=\"http:\/\/www.editiondaslabor.de\/blog\/?p=6174\">Tom T\u00e4ger<\/a> hat das 1989 produzierte Tape <em>the last pop-songs<\/em> (vom <a href=\"http:\/\/de.wikipedia.org\/wiki\/Digital_Audio_Tape\">DAT<\/a>) digital remastered. Sie h\u00f6ren ein Denkspiel \u00fcber Pop, das selbst Pop ist, weil es Pop als k\u00f6rperverwandelndes Medium versteht und Popgeschichte als Mediengeschichte. <a href=\"http:\/\/www.vordenker.de\/metaphon.htm\">MetaPhon<\/a> pr\u00e4sentiert in der Reihe <em>Revisited<\/em> einen R\u00fcckblick auf &#8222;The Best Of Jugends\u00fcnden&#8220;.<\/p>\r\n\r\n\r\n\r\n\r\n","protected":false},"excerpt":{"rendered":"<p>*** The last pop-songs, von A.J. Weigoni und Frank Michaelis (mit\u00a0Marion Haberstroh und Andy Schulz) bei instant music, D\u00fcsseldorf 1989 Die Aufnahme ist in HiFi-Stereo-Qualit\u00e4t erh\u00e4ltlich \u00fcber:\u00a0 info@tonstudio-an-der-ruhr.de Wie das englische Wort lyrics (f\u00fcr Liedtext) verr\u00e4t, basierten die antiken Vorl\u00e4ufer&hellip;<\/p>\n<p class=\"more-link-p\"><a class=\"more-link\" href=\"http:\/\/www.editiondaslabor.de\/blog\/1989\/06\/02\/portraet-eines-jungen-mannes-als-kuenstler\/\">Read more &rarr;<\/a><\/p>\n","protected":false},"author":65,"featured_media":100922,"comment_status":"closed","ping_status":"closed","sticky":false,"template":"","format":"standard","meta":{"footnotes":""},"categories":[1],"tags":[628,1152,1151,57],"class_list":["post-65214","post","type-post","status-publish","format-standard","has-post-thumbnail","hentry","category-literatur","tag-a-j-weigoni","tag-frank-michaelis","tag-marion-haberstroh","tag-thomas-suder"],"_links":{"self":[{"href":"http:\/\/www.editiondaslabor.de\/blog\/wp-json\/wp\/v2\/posts\/65214","targetHints":{"allow":["GET"]}}],"collection":[{"href":"http:\/\/www.editiondaslabor.de\/blog\/wp-json\/wp\/v2\/posts"}],"about":[{"href":"http:\/\/www.editiondaslabor.de\/blog\/wp-json\/wp\/v2\/types\/post"}],"author":[{"embeddable":true,"href":"http:\/\/www.editiondaslabor.de\/blog\/wp-json\/wp\/v2\/users\/65"}],"replies":[{"embeddable":true,"href":"http:\/\/www.editiondaslabor.de\/blog\/wp-json\/wp\/v2\/comments?post=65214"}],"version-history":[{"count":2,"href":"http:\/\/www.editiondaslabor.de\/blog\/wp-json\/wp\/v2\/posts\/65214\/revisions"}],"predecessor-version":[{"id":100934,"href":"http:\/\/www.editiondaslabor.de\/blog\/wp-json\/wp\/v2\/posts\/65214\/revisions\/100934"}],"wp:featuredmedia":[{"embeddable":true,"href":"http:\/\/www.editiondaslabor.de\/blog\/wp-json\/wp\/v2\/media\/100922"}],"wp:attachment":[{"href":"http:\/\/www.editiondaslabor.de\/blog\/wp-json\/wp\/v2\/media?parent=65214"}],"wp:term":[{"taxonomy":"category","embeddable":true,"href":"http:\/\/www.editiondaslabor.de\/blog\/wp-json\/wp\/v2\/categories?post=65214"},{"taxonomy":"post_tag","embeddable":true,"href":"http:\/\/www.editiondaslabor.de\/blog\/wp-json\/wp\/v2\/tags?post=65214"}],"curies":[{"name":"wp","href":"https:\/\/api.w.org\/{rel}","templated":true}]}}