{"id":6497,"date":"2012-08-01T00:01:37","date_gmt":"2012-07-31T22:01:37","guid":{"rendered":"http:\/\/www.editiondaslabor.de\/blog\/?p=6497"},"modified":"2021-12-27T09:53:19","modified_gmt":"2021-12-27T08:53:19","slug":"vergismeinicht-die-postleitzahl","status":"publish","type":"post","link":"http:\/\/www.editiondaslabor.de\/blog\/2012\/08\/01\/vergismeinicht-die-postleitzahl\/","title":{"rendered":"Vergi\u00dfmeinnicht \u2022 Die Postleitzahl"},"content":{"rendered":"<p style=\"text-align: justify;\"><img loading=\"lazy\" decoding=\"async\" class=\"wp-image-6560 alignright\" style=\"border: 1px solid black;\" title=\"Versnetze_f\u00fcnf\" src=\"http:\/\/www.editiondaslabor.de\/blog\/wp-content\/uploads\/2012\/08\/Versnetze_f\u00fcnf-198x300.jpg\" alt=\"\" width=\"158\" height=\"240\" srcset=\"http:\/\/www.editiondaslabor.de\/blog\/wp-content\/uploads\/2012\/08\/Versnetze_f\u00fcnf-198x300.jpg 198w, http:\/\/www.editiondaslabor.de\/blog\/wp-content\/uploads\/2012\/08\/Versnetze_f\u00fcnf-676x1024.jpg 676w, http:\/\/www.editiondaslabor.de\/blog\/wp-content\/uploads\/2012\/08\/Versnetze_f\u00fcnf.jpeg 1630w\" sizes=\"auto, (max-width: 158px) 100vw, 158px\" \/><\/p>\n<p>&nbsp;<\/p>\n<p style=\"text-align: justify;\">Sehr gern wiederhole ich an dieser Stelle: Ohne die <em>Versnetze<\/em>-Sammelb\u00e4nde von Axel Kutsch empf\u00e4nde ich das lyrische Leben im deutschen Sprachraum durchaus als weniger reizvoll. Und so bin ich auch diesmal wieder hocherfreut, als der Postbote <em>Versnetze_f\u00fcnf<\/em> \u00fcberreicht. Welch pralle Pracht diese 5. Ausgabe von<em> Versnetze<\/em> bietet, ist schon auf den ersten schnellen Blick ersichtlich: \u00dcber den Daumen die Seiten abrollend, erkenne ich, da\u00df (wie stets, wenn Axel Kutzsch ediert) Autoren verschiedenster Couleur und K\u00f6nnerschaft eintr\u00e4chtig beieinander stehen: Dabei ist die gleichsam \u00fcbergreifend neutrale Postleitzahl des Autoren-Wohnorts mitentscheidend f\u00fcr den \u203aStandort\u2039 der ausgew\u00e4hlten Gedichte, die der Lekt\u00fcre und Einsch\u00e4tzung durch die Leser harren, die sie ja erst zum \u203aeigentlichen\u2039 Leben erwecken k\u00f6nnen\u00a0\u2013 oder auch nicht (<em>auch das Lesen von Gedichten ist Dichten. Erfinden, Ansetzen, Bauen. Erfinden <\/em>\u00b7 Elke Erb).<\/p>\n<p style=\"text-align: justify;\">Die Lekt\u00fcre einer Anthologie kann, im besten Fall, mit einem Satz Val\u00e9rys, <em>ein Fest des Intellekts<\/em> sein, einzelne Gedichte sind es mit Sicherheit. Unter den etwas mehr als 200 Namen in <em>Versnetze_f\u00fcnf<\/em> finden sich, beispielsweise, J\u00fcrgen Becker, Hans Bender, Klaus Peter Dencker, Ulrike Draesner, Manfred Peter Hein, G\u00fcnter Kunert, Friederike Mayr\u00f6cker oder Erich Adler, Marlies Blauth, Benedikt Dyrlich, Evert Everts, Marianne Ullmann, Helmund Wiese, Anna W\u00fcrth oder Konstantin Ames, Ilse Kilic, Bertram Reinecke, J\u00fcrgen Nendza, Walle Sayer, A. J. Weigoni, Christoph Wenzel.<\/p>\n<p style=\"text-align: right;\"><span style=\"color: #999999;\">Eindr\u00fcckliches Editionsprojekt<\/span><\/p>\n<p style=\"text-align: justify;\"><a href=\"http:\/\/www.editiondaslabor.de\/blog\/wp-content\/uploads\/2012\/08\/220px-1965-sonderstempel-tag-der-off-tu\u0308r.jpg\"><img loading=\"lazy\" decoding=\"async\" class=\"alignleft size-full wp-image-6501\" style=\"border: 1px solid black;\" title=\"220px-1965-sonderstempel-tag-der-off-tu\u0308r\" src=\"http:\/\/www.editiondaslabor.de\/blog\/wp-content\/uploads\/2012\/08\/220px-1965-sonderstempel-tag-der-off-tu\u0308r.jpg\" alt=\"\" width=\"220\" height=\"151\" \/><\/a>Die Stimmenvielfalt in <em>Versnetze<\/em> erscheint wesentlicher als die Auslese. Die Sprache mancher Gerdichte erscheint mir oft wie archaisches Sprechen, das seltsamerweise trotz der massiven Einfl\u00fcsse der Moderne \u00fcberlebt hat.<\/p>\n<p style=\"text-align: justify;\">Um einmal mehr Walter Benjamin zu bem\u00fchen, der drei Arten von Anthologien unterscheidet: jene, die einen bedeutenden Dichter zum Herausgeber haben, dessen Lyrikauswahl <em>eingestandenerma\u00dfen oder nicht normativen Charakter<\/em> hat und deshalb selbst als <em>Dokument der hohen Literatur<\/em> gelten darf, sodann jene, deren Herausgeber als Person zur\u00fccktritt und sich rein informative Ziele gesetzt hat, und schlie\u00dflich die <em>unerfreulichste Gattung<\/em>, die <em>als m\u00fc\u00dfiges Spiel eines Unberufenen ein undeutliches Ineinander eklektischer und informatorischer Gesichtspunkte<\/em> darstellt.<\/p>\n<p style=\"text-align: justify;\">Die zeitgen\u00f6ssische Lyrik im deutschen Sprachraum ist, insbesondere seit den fr\u00fchen 1990er Jahren, von immer wieder erstaunlicher Produktivit\u00e4t und Vielfalt. In den Jahren nach 2000 haben sich viele neue Stimmen zum lyrischen Wort gemeldet \u2013 mit sehr unterschiedlichen Ans\u00e4tzen und nicht selten in einer intensiven Auseinandersetzung mit \u00dcberlieferung und Zeitgenossenschaft. Das Hergebrachte wird mit dem Neuen mehr oder weniger gegl\u00fcckt kombiniert, montiert \u2013 wobei sogar in den besten F\u00e4llen mehr als <em>kleine Verschiebungen<\/em> offenbar nicht drin sind, was vor Jahren bereits Ernst Jandl betonte.<\/p>\n<p style=\"text-align: right;\"><span style=\"color: #999999;\">Vielfalt der lyrischen Stimmen<\/span><\/p>\n<p style=\"text-align: justify;\"><img loading=\"lazy\" decoding=\"async\" class=\"alignleft\" style=\"border: 1px solid black;\" src=\"data:image\/jpeg;base64,\/9j\/4AAQSkZJRgABAQAAAQABAAD\/2wCEAAkGBhMSERUUExQVFBUVFxcWGBgVFBcYFhgaFRoVFBgXFBcaHCYeGBkjHBQVHy8gIycpLCwsFR8xNTAqNSYrLCkBCQoKDgwOGg8PGCwcHyQsKSkpKSwsLCwsLSkpLCwpNSkpKikpLCwpLDYpKSksKSwpKSksNSkvKSkpKSkpKSwpKf\/AABEIAJAAyAMBIgACEQEDEQH\/xAAcAAABBQEBAQAAAAAAAAAAAAACAQMEBQYABwj\/xABCEAABAwIDBAYHBgQEBwAAAAABAAIRAyEEEjEFQVFhBhMicYGxBzKRocHR8BRTYnKT4TNCkvEjUoKyFRY0Q2Nzov\/EABoBAAMBAQEBAAAAAAAAAAAAAAABAgMEBQb\/xAArEQACAgEDAwIEBwAAAAAAAAAAAQIRAxIhMQRBURNhBRQi8DKBgqGx0eH\/2gAMAwEAAhEDEQA\/AHqTPsuDkgSGz\/qd9e5V\/QzC5nPquvFgfxOu4j63oumuNgMpg69s+FhKl7Ld9nwOY2JDnCeLrN+C8FP6HLyz2lei+7KXbb+vxeQaZm0x7e0f9yvOluIyUAwWzkDwbcjyVP0Qw2fEZzcMBdJ4mw+KHpZjc9ctGlMBo79T7yrlH6ow8G2lPIo+C+6IYXJh8xtnJd\/pFh5LMV8V1mKL\/wDM+3cLfBa7agNLB5WC+VrLaiYzeZWd2dgMlyJd5RwWuCLnNyMHljFSk+5Ka2+kJwD2ruSIL0jyhA1KAiGiUBABMbCudguitT\/O3zVO0K02L\/GZ+ZvmkwPSMqF5AEmw4ndzT0LAekTpIWn7NTMEjtmY8JUMErY1tnp29xc2g0gAkZ5F43hZXHberkdqo7jc28I3o8NhgQIdmgbiQPFV+PwrgZ7PhqsbTZukkidsjprXouguLmnUSDblOhW52d0p60tyOBFrOAzXMX5ry\/C4Bz3CPcPitDgaD6DhUA9Ugn2z5AobV7EyhaPVcUO2PyO8wgcElPEioGPbcOpEjusnHOC0bMijfs2puA9qbfsl53D2hXznD6CaNXk768VFDtmfxmwnVG5TYSDZw3EG\/EW0+as9lYZzC4OAExEGdAVMD+\/68UpRSCzqo7I7\/iVyVz+zHA\/FcqEeK1QcXjYF2l0dzWanloVddNcUG0mUxbMZj8LbD3wmOg2Bu+qfyDxu74e1V+3XmvjC0H+ZrBy4+ZXA1c1Dsj3NvUS7RND0WoCnhs5gZszyeQ08vesvhKLn1Q8iW58xJMTeSJWt2ji2Cn1LLiA0kaQLQFVBlrCO5dGHE23KRxPqdLlXckYvHuqGTpuA0THNc1qMBdkYqKpHC9+TkoCUNSwqEcAlBNkS4IA5oKttjECrT\/M3zVYxis9mfxGHg5vmpYHphC+etsV3VMRULvWNR0z+YiPcvogrxTbuyM2PrZSILi6w47r7xeVEnSsvGrdEDAVLht7nQarY0ejjSM7+0dQIsO\/mouyNh0qZzE5ncTp4AK760ZVwudnf6dFZVotaCAAByHPeqTpFVhjWg5T58Fe4v6hZbbleajRFgpw\/iZOVUje+j2tnwwBn\/D7IvoHQYWsNILz70YYkA1ZcA3m4DeY11W++30vvGf1t+a748HBLkXqQkNFqE7Rpfe0\/62\/NCdpUfvKf6jfmqEKaASGgPooTtKj97T\/Ub80B2lR+9p\/qM+adAEaA+iuQf8QpfeU\/1GfNKigPMNl4ptDDBgMvIJMCwc7j3Knw+Ba0zq7WTrPEcNVKaLJwNCiGGMW2bPPN3vyAwFG2UpCVi2MBGhONCUBcQgZ0QiAShiUDRAAgHejC7KuhMQbGhWGA9Zp4EeYgqC0+Sbdt+jSPbeJ4N7R56IoEexfXtWF6UbAyVTWBaGvhgaBcOiZnw96q9p+mYC2HoE\/irOjxytvHeVjNs9O8ZiyGPqdk3DKbQ0d9r7+KylDUqNINxdm1o0e2wGZJudLCbIm0jJPzIjdosV0S2k+niqbZc8OlpaXE672km2i31OllJJ37uXFebPE4OrPShkU0Rn0IBc4zyiyy2OqUw7ttu4iHaZYWp2i6GHdce\/Vefbfh1Wfnb6hadNG5MzyypDz6oMxETbu8eKYceQUJtR4iHeBEp1uKMXHsPwXo1RxDs9yBz+5WmydhnE2pVqGY\/wAjqmWp\/SRfwVq70cYrjS\/U\/ZMRk3OQErWn0bYv\/wAX6g+SE+jTGcKX6g+SVoLRkZ5LlqnejTGcKf6n7JUWg2B+Kcam2ApwKjEMBFCRpRk\/JBQkpYXBKCgYu9KkKMBACNSlICkqVIBJ4SUCM10j2g\/OabSQ0axvNtVTMpqZin5yXTd0lRgg0Oc4ASbfWigOrEunfaI17lY1cNLJOm4jT3KLhaQaTvMbv3QM1vQzY7Dlql4LhIiPVJ1zc\/mtp1IZeRyifK6842nQr4R1MHIxwbPYiSCZioQbkSePeVIo9N6wbGWmTGuWCuLLgnN2jphlSVGr21jQxpL7clhMTWL3l3FJWx9Ssc1Qkm8cB3BCtsOH017mM56hUjRb64pToliy2IFq0t+9azof0tqdcyhWf1gfZrnXeDuzO3jvusrU\/dSejQzYzD\/+1vukpPgTPZqNLMfNT4TWGZDe9OrJGaOIXLlyYzyRosia1JCNoWpIbSjhNgowgoUAeCJqFE0IEEWpSEKXKgBGn6\/ZRNr1g2k6TqMo7yppWV29tTrX5G+q2fEjVNDSsr2mComNrRZSWmUyKMuJOgNhr4lBoCzD6ECLCc2pMX00HDfxQuJmL5lOmyRgugBjGYiq9we4hxgCwiwERGkKOCHG1jvU0N3eITdWgHX0On90DHWiAnGhQm1y2zvb9aqZTdKBCu0Roag0RwkAFaFL6PVcmLoOO6qz3kN+Kq6hJJO\/QTuA4BFSdDmy4iHNMgXEEGRwKOwH0SGxbgqfbO0atOCymXMDw0kECZ3CdNytaVUEAgyCJB4g3BXn\/TraNRtQ0w6Gl8x+LKIKwbqiYRtjz+mNfC4kUsSLOcJkiWhxi0cFy8529iXuxR6xxc4OAkrlWSO+xokqNMxOBNpxostTnDS51wRIGcOPeiSArgUDDGqLOhAslKAIG18YWUXEa6DxsspUYNynbd2oKhLGnst95GsquD5F9UyonF\/tR1Kd5GvuPGUDgnkFDbX7tDwPw4pxgSFlktORz5HXwd8\/cgAW7u7yROaZkeKVoBiNeBs72fESnGNRYDFSmHWO9RzTdTMtuPrUKYRdKAgBuniQ6OPD5FPyolXCzdtjw3H5LqWI3O9+v7hJgc32lKR8z+yFro+JPwRmoN3tKYHr\/QrbzKmDp53ta5k0yHPaCclgYJnSFjvSBWD8UC1wIDhcGQbCbjXRY2ke0RrpeFOqOltAbw5x97VlKO6COwxt\/wD6o3zGRJXLtv4fLjHTvdPHU7iuVTW448GlZ4J4BMNEJzNxVGA6CilAD9SjA3IGK1yIO70CcYySBzSfAx3ECHeDVT7f2p1TAGkZ3THIcYVltSqKfbPq5f8Ab\/dYXGY11R5cdTpyHAKMUrRdbjLHHlHd8k60+HdcIWvO\/RCDbgRK1KHW1Lo6EyZO+yXZWzH16ggQ3+Z24D5oiyHEDQEgeCBBgpYQtKcAQABYDqAjpU3QSHaXh8H2HWfahppwCykBrrOII5jtD2ahOsp5vVIfyab\/ANOvuQInsB1E+Y7juT3AGVFxht3aFTXVXfzf4g\/FObweL+2VHrMY+wfkPCpbxDxb2wp1eRkWjX4+3d\/f6unao0175geCTFYNzYDmkNOhAlp\/K4WKWhWy2gFv+Uny+vYhvug9haNQsId6wBBh12uAvB5K86Vuo9fTNBobTOVzWjQZmsJF53yPBVbcFnaXUpcIks\/nbEyYHrN5jx4qVjMCadGkSZIdTNjoKrcw04ZVHqRY9LRE22HfaBm5GOAnRcgx1YuxfZGY58oETJkADndcrm9xLg02aV1SsGhDm8FCD81QcJ0S1W6RlRbNcib9eKECyNjPrvVgOtIAkiYE7\/ghGMLWtfFIBxcAe2TbLM25hXY6POqUwBDc7W3OYkgiZgd4Ux\/REfZmsz5XBzpd1ZIjs7j3LjlNW1Zqlwed9I9qGozKNA+DaNJ8SJhUDWzvC9K250JH2cik5rnBzSXGREkDtC8b1idsdH6uHI6wWOjmmWn5LXFkjVFNdyqKe2VgTVq5R6tsx4C2qao4Zz3BrRLj9TyC22y9nNosDQZOpMXJ+S6GQ3RIoYcNENAa0bh7Vic8kn8R98lbTE1MrHHSGny\/dYptMcErJiGE60eSaAT9MWTKAppxpQNKkUHATIm1uR481IEcp2EDgihAG86N9EaFTDMqVGdY6oJkkgDX1Y0FoWd\/5JqHFBppVDQz3dugXguG+YEwpfQ7bdam8sD3dXlPZMFoJI7Q3jU6cVvaW02Gi4EXBn1tZ320K+dy9Tk6bqXBvVb\/AGfj3OlRksLm1smUHSzojQoYR1WiOocwBzslmHQQ4ElrzfeCVg24QOgVRTYXRDmOLTf8MFpt3LcdIqL8ew03VXNbTAcAT2SRaXx6xN44eCgUtjVgWmlmc0i4DZEiBEEEHRejn6zFFfTtyZ4cc5RUpO73KHDdEyXs6nENzmMoyva6RBgEWlPbZ2W9lF4eWF7a9MktGUEZSySCBftA+PitvhdmVGhh6sWBmabW8N4CyXpAY4NYSIzVe6waB4+Kyjlk5xtq7NWlvRjtoMLa5MgduQQ4cZER3JVGxLu2e\/4lcvWZy2auvZh+t6gUnwQdVssLsBv\/AHO3y3furQYcaACO4LzfnIR4KWNsyQxA+uaUYy9pWvGFHAewfJPU8Kwa02E8SP2UPrpJ7FLEMYOlXdSyEgnJ6uSXBrsoImx5A7kL9kVSP4b5zXs7lpJgfXBSMeyuWzh3MY+bl15HAcLhPHCVnYcAuHW57nNLYjciGW7k5FSj4RWYnZVd\/ZBysbl7IN3Ob\/n5BUXSbY+OrANFKWC\/Zc0knjEyAthhdjgNmrlqPJNyNBrAPC5U6hQDRDRA4CVks6hLU92aO3Gked7C6LVabZdTeHO1kaAHQAK7ZgcurTPMFap+zmP9cuPc4jyKdo7OY0WL\/wBRx81o+ui+TL0meZdJ6b8pyteZhtmu01O5QaXQvGnTDVL8QB5leyGdMz40jOYUf\/h7dzqg\/wBZ+MrP5+EFUf4sPSfc8sb6P8Zvpgd72+Sk0PR\/it4a0czPkF6O3ZA+8q+L+PKEVPYjB\/NUPe8\/JYy+Iy7Sr9P+l6IrseZVfR9iW6Gm7ucQfeFW4zYleh\/FpuZzI7J5ZhZexHYlPn\/U75ombKjSo+N4JDgf6gdNVMfijjzLV+VCcY9jyjA9FXug1HsoBwBAfJqEHQim2SAeLoV\/h+g+Htmq1j3MYwf\/AESVsx0apEknO4kyZe65PIEBS8NsltP1A1vcxoPidVT+JRlzJr78k6UjK0Oi+Gw0Vv8AEaBbM+oMpzWggNvKg4nDB7esAPViSS0wC0Ak3ImOz3hb\/EUiGFznEiDEWdMWIO481Ho4NopQ0dgQIcZJEXzHebn2pzxQzJZNT1L3J+beFaEtSfvRmNj4Ropip1ZGdotmkZYkQ0xGvtU7B4mowODRmaGyMwylp1g8QrGjsENAyvJbbKHDQC0GImIi+4JunSpMeWVHuLvWsDw0MTZZacaahHd+H\/Z0a00Js\/bpqQH0wJB9Rx7PfO5Yf0kP6yjmIEtrNDSDIiLmecr0Z2DpNGbO4AgmcosN+rbLEekCm04U5XZwHNdM8HNHxVLHkh1EJOqtbEQaadHklb1vFcnsdShw3zB9q5fRmB\/\/2Q==\" alt=\"\" width=\"200\" height=\"144\" \/>Die <em>Versnetze<\/em>-B\u00e4nde sind nicht einseitig bzw. stromlinienf\u00f6rmig ausgerichtet, sie vermitteln \u2013 naturgem\u00e4\u00df exemplarisch, betont anti-elit\u00e4r, <em>erdverbunden<\/em> (AK) \u2013, <em>die Literaturproduktion <\/em>im deutschen Sprachraum<em> in ihrer ganzen Breite, <\/em>wie es <span style=\"color: #000000;\">Felix Philipp Ingold<\/span> in <em><span style=\"color: #000080;\"><a href=\"http:\/\/lyrikzeitung.com\/2012\/07\/22\/91-fur-eine-poetik-der-anthologie\/\"><span style=\"color: #000080;\">F\u00fcr eine Poetik der Anthologie<\/span><\/a><\/span><\/em> formuliert. Im Vorwort des Herausgebers hei\u00dft es: <em>In Versnetze_f\u00fcnf wird man zahlreiche Beispiele jener Poesie finden, die sich dem raschen Verstehen entzieht [&#8230;]. Allerdings lege ich als Herausgeber dieser Reihe auch immer Wert darauf, dem leichter zug\u00e4nglichen, sagen wir: dem \u203aklaren\u2039 Gedicht ein Forum zu bieten.<\/em><\/p>\n<p style=\"text-align: justify;\">Kutsch tritt mit den einf\u00fchrenden Worten hinter die ausgew\u00e4hlten Gedichte zur\u00fcck, schreibt unaufdringlich und sparsam, der Ton ist leise, vorsichtig, dabei klar beim Pl\u00e4doyer f\u00fcr die grunds\u00e4tzliche Offenheit beim m\u00f6glichst vorurteilsfreien Blick in alle Richtungen, die er exemplarisch vorstellt. Souver\u00e4n bewegt sich dieser Herausgeber durch die Lyrikgeschichte, dabei ist nie auch nur ein Anhauch von aufdringlicher Gelehrsamkeit zu sp\u00fcren. Zum neueren germanistischen Fachjargon h\u00e4lt er genauso Abstand wie zu der Ergriffenheitsprosa der \u00e4lteren Gedichtinterpretation. Die von ihm seit nunmehr 30 Jahren j\u00e4hrlich herausgegebenen Sammelb\u00e4nde f\u00fcgen sich ineinander mit eiszeitlicher, in geologischen Epochen denkender Zwangsl\u00e4ufig\u00adkeit, als gleichsam fortschreitende Bewegung. Der Anthologist Kutsch ediert in \u00fcbergreifenden Werkzusammenh\u00e4ngen, was ihn vielleicht zu einer Ausnahmeerscheinung macht.<\/p>\n<p>&nbsp;<\/p>\n<p>&nbsp;<\/p>\n<p style=\"text-align: center;\">* * *<\/p>\n<p style=\"text-align: justify;\">Axel Kutsch (Hrg.):\u00a0<em>Versnetze_eins<\/em> bis\u00a0<em>Versnetze_f\u00fcnf<\/em>. <em>Deutschsprachige Lyrik der Gegenwart<\/em>, Verlag Ralf Liebe, Weilerswist 2008 \u2013 2012.<\/p>\n<div id=\"attachment_44595\" style=\"width: 310px\" class=\"wp-caption alignleft\"><img loading=\"lazy\" decoding=\"async\" aria-describedby=\"caption-attachment-44595\" class=\"wp-image-44595 size-medium\" src=\"http:\/\/www.editiondaslabor.de\/blog\/wp-content\/uploads\/2017\/09\/der-lyrik-eine-bresche-fuer-ein-gedicht-je-ausgabe-einer-zeitung_1505748323-1-300x200.jpg\" alt=\"\" width=\"300\" height=\"200\" srcset=\"http:\/\/www.editiondaslabor.de\/blog\/wp-content\/uploads\/2017\/09\/der-lyrik-eine-bresche-fuer-ein-gedicht-je-ausgabe-einer-zeitung_1505748323-1-300x200.jpg 300w, http:\/\/www.editiondaslabor.de\/blog\/wp-content\/uploads\/2017\/09\/der-lyrik-eine-bresche-fuer-ein-gedicht-je-ausgabe-einer-zeitung_1505748323-1.jpg 450w\" sizes=\"auto, (max-width: 300px) 100vw, 300px\" \/><p id=\"caption-attachment-44595\" class=\"wp-caption-text\">Poesie z\u00e4hlt f\u00fcr KUNO zu den identit\u00e4ts- und identifikationstiftenden Elementen der Kultur<\/p><\/div>\n<p style=\"text-align: justify;\"><strong>Weiterf\u00fchrend<\/strong> <strong>\u2192<\/strong> Poesie z\u00e4hlt f\u00fcr KUNO zu den identit\u00e4ts- und identifikationstiftenden Elementen der Kultur, dies bezeugt der Versuch einer <a href=\"http:\/\/www.editiondaslabor.de\/blog\/?p=25630\">poetologischen Positionsbestimmung<\/a>. Um den Widerstand gegen die gepolsterte Gegenwartslyrik ein wenig anzufachen schickte <span data-offset-key=\"d96ve-1-0\">Wolfgang Schlott<\/span><span data-offset-key=\"d96ve-2-0\"> dieses\u00a0 post-dadaistische <a href=\"http:\/\/www.editiondaslabor.de\/blog\/2016\/02\/03\/handwerkliche-anleitungen-zur-ueberwindung-von-schreibblockaden\/\">Manifest<\/a>. Warum<\/span> Lyrik wieder in die Zeitungen geh\u00f6rt <a href=\"http:\/\/www.editiondaslabor.de\/blog\/2017\/10\/07\/der-dichtung-eine-bresche-schlagen\/\">begr\u00fcndete<\/a> Walther Stonet, diese Forderung hat nichts an Aktualit\u00e4t verloren. Lesen Sie auch Maximilian Zanders <a href=\"http:\/\/www.editiondaslabor.de\/blog\/?p=5418\">Essay <\/a>\u00fcber Lyrik und ein R\u00fcckblick auf den <a href=\"http:\/\/www.editiondaslabor.de\/blog\/2014\/01\/08\/lyrik-katalog-bundesrepublik\/\"><em>Lyrik-Katalog Bundesrepublik<\/em><\/a>, sowie einen Essay \u00fcber den <a href=\"http:\/\/www.editiondaslabor.de\/blog\/2013\/12\/26\/lauschender-leser-und-redender-schreiber-2\/\">Lyrikvermittler<\/a> Theo Breuer. KUNO sch\u00e4tzt den minuti\u00f6sen Selbstinszenierungsprozess des lyrischen Dichter-Ichs von Ulrich Bergmann in der Reihe <a href=\"http:\/\/www.editiondaslabor.de\/blog\/?p=27947\">Keine Bojen auf hoher See, nur Sterne \u2026 und Schwerkraft. Gedanken \u00fcber das lyrische Schreiben<\/a>. Lesen Sie ein <a href=\"http:\/\/www.editiondaslabor.de\/blog\/?p=22835\">Portr\u00e4t <\/a>\u00fcber die interdisziplin\u00e4re T\u00e4tigkeit von Angelika Janz, sowie einen <a href=\"http:\/\/www.editiondaslabor.de\/blog\/?p=29450\">Essay<\/a> der <em>Fragmenttexterin.<\/em> Ein Portr\u00e4t von Sophie Reyer findet sich\u00a0<a href=\"http:\/\/www.editiondaslabor.de\/blog\/2013\/10\/08\/von-sappho-zu-sophie\/\">hier<\/a>, ein Essay fasst das transmediale Projekt<em> \u201e<a href=\"http:\/\/www.editiondaslabor.de\/blog\/2021\/04\/14\/bi-textualitaet\/\">Wortspielhalle<\/a>\u201c <\/em>zusammen<em>. <\/em>Auf KUNO lesen Sie u.a. Rezensionsessays von <a href=\"http:\/\/www.editiondaslabor.de\/blog\/2015\/06\/17\/beschwoerungszauber\/\">Holger Benkel<\/a> \u00fcber <a href=\"http:\/\/www.editiondaslabor.de\/blog\/?p=15175\">Andr\u00e9 Schinkel<\/a>, <a href=\"http:\/\/www.editiondaslabor.de\/blog\/2017\/11\/12\/mit-deutschen-untertiteln\/\">Ralph Pordzik<\/a>,\u00a0<a href=\"http:\/\/www.editiondaslabor.de\/blog\/2018\/12\/20\/wohnraeume-der-poesie\/\">Friederike Mayr\u00f6cker<\/a>, <a href=\"http:\/\/www.editiondaslabor.de\/blog\/2017\/03\/19\/welten-gegenwelten\/\">Werner Weimar-Mazur<\/a>, <a href=\"http:\/\/www.editiondaslabor.de\/blog\/2019\/06\/26\/wohnraeume-der-poesie-2\/\">Peter Engstler<\/a>, <a href=\"http:\/\/www.editiondaslabor.de\/blog\/?p=15177\">Birgitt Lieberwirth<\/a>, <a href=\"http:\/\/www.editiondaslabor.de\/blog\/2019\/08\/17\/der-grill-auf-der-hauswiese-der-welt\/\">Linda Vilhj\u00e1lmsd\u00f3ttir<\/a>, und <a href=\"http:\/\/www.editiondaslabor.de\/blog\/2017\/09\/17\/rettungsversuche-der-literatur-im-digitalen-raum\/\">A.J. Weigoni<\/a>. Lesenswert auch die <a href=\"http:\/\/www.editiondaslabor.de\/blog\/2020\/05\/16\/verseschmied-und-lyrikfischer\/\">Gratulation<\/a> von Axel Kutsch durch Markus Peters zum 75. Geburtstag. Nicht zu vergessen eine Empfehlung der kristallklaren Lyrik von <a href=\"http:\/\/www.editiondaslabor.de\/blog\/2020\/01\/19\/die-lyrikerin-ines-hagemeyer\/\">Ines Hagemeyer<\/a>. Diese Betrachtungen versammeln sich in der Tradition von <a href=\"http:\/\/www.editiondaslabor.de\/blog\/2000\/04\/04\/vauo\/\">V.O. Stomps<\/a>, dem Klassiker des Andersseins, dem <a href=\"http:\/\/www.editiondaslabor.de\/blog\/2005\/09\/24\/erinnerungen\/\">Bottroper Literaturrocker<\/a> &#8222;Biby&#8220; Wintjes und Hadayatullah H\u00fcbsch, dem Urvater des <a href=\"http:\/\/www.editiondaslabor.de\/blog\/1995\/06\/30\/wie-was-social-beat-ist-und-warum-und-warum-nicht\/\"><em>Social-Beat<\/em><\/a>, im KUNO-Online-Archiv. Wir empfehlen f\u00fcr Neulinge als Einstieg in das weite Feld der nonkonformistischen Literatur <a href=\"http:\/\/www.editiondaslabor.de\/blog\/2001\/04\/01\/nonkonformistische-literatur\/\">diesem Hinweis<\/a> zu folgen.<\/p>\n","protected":false},"excerpt":{"rendered":"<p>&nbsp; Sehr gern wiederhole ich an dieser Stelle: Ohne die Versnetze-Sammelb\u00e4nde von Axel Kutsch empf\u00e4nde ich das lyrische Leben im deutschen Sprachraum durchaus als weniger reizvoll. Und so bin ich auch diesmal wieder hocherfreut, als der Postbote Versnetze_f\u00fcnf \u00fcberreicht. Welch&hellip;<\/p>\n<p class=\"more-link-p\"><a class=\"more-link\" href=\"http:\/\/www.editiondaslabor.de\/blog\/2012\/08\/01\/vergismeinicht-die-postleitzahl\/\">Read more &rarr;<\/a><\/p>\n","protected":false},"author":257,"featured_media":24308,"comment_status":"open","ping_status":"open","sticky":false,"template":"","format":"standard","meta":{"footnotes":""},"categories":[1],"tags":[636,104,633,638,641,516,631,634,642,143,630,258,644,374,125,639,643,637,629,635,632,129,640],"class_list":["post-6497","post","type-post","status-publish","format-standard","has-post-thumbnail","hentry","category-literatur","tag-anna-wurth","tag-axel-kutsch","tag-benedikt-dyrlich","tag-bertram-reinecke","tag-christoph-wenzel","tag-elke-erb","tag-erich-adler","tag-evert-everts","tag-felix-philipp-ingold","tag-friederike-mayrocker","tag-gunter-kunert","tag-hans-bender","tag-helmund-wiese","tag-ilse-kilic","tag-jurgen-becker","tag-jurgen-nendza","tag-klaus-peter-dencker","tag-konstantin-ames","tag-manfred-peter-hein","tag-marianne-ullmann","tag-marlies-blauth","tag-ulrike-draesner","tag-walle-sayer"],"_links":{"self":[{"href":"http:\/\/www.editiondaslabor.de\/blog\/wp-json\/wp\/v2\/posts\/6497","targetHints":{"allow":["GET"]}}],"collection":[{"href":"http:\/\/www.editiondaslabor.de\/blog\/wp-json\/wp\/v2\/posts"}],"about":[{"href":"http:\/\/www.editiondaslabor.de\/blog\/wp-json\/wp\/v2\/types\/post"}],"author":[{"embeddable":true,"href":"http:\/\/www.editiondaslabor.de\/blog\/wp-json\/wp\/v2\/users\/257"}],"replies":[{"embeddable":true,"href":"http:\/\/www.editiondaslabor.de\/blog\/wp-json\/wp\/v2\/comments?post=6497"}],"version-history":[{"count":0,"href":"http:\/\/www.editiondaslabor.de\/blog\/wp-json\/wp\/v2\/posts\/6497\/revisions"}],"wp:featuredmedia":[{"embeddable":true,"href":"http:\/\/www.editiondaslabor.de\/blog\/wp-json\/"}],"wp:attachment":[{"href":"http:\/\/www.editiondaslabor.de\/blog\/wp-json\/wp\/v2\/media?parent=6497"}],"wp:term":[{"taxonomy":"category","embeddable":true,"href":"http:\/\/www.editiondaslabor.de\/blog\/wp-json\/wp\/v2\/categories?post=6497"},{"taxonomy":"post_tag","embeddable":true,"href":"http:\/\/www.editiondaslabor.de\/blog\/wp-json\/wp\/v2\/tags?post=6497"}],"curies":[{"name":"wp","href":"https:\/\/api.w.org\/{rel}","templated":true}]}}