{"id":64708,"date":"2020-05-23T00:01:00","date_gmt":"2020-05-22T22:01:00","guid":{"rendered":"http:\/\/www.editiondaslabor.de\/blog\/?p=64708"},"modified":"2022-02-19T08:55:07","modified_gmt":"2022-02-19T07:55:07","slug":"bagatellen","status":"publish","type":"post","link":"http:\/\/www.editiondaslabor.de\/blog\/2020\/05\/23\/bagatellen\/","title":{"rendered":"Bagatellen"},"content":{"rendered":"\r\n<figure class=\"wp-block-image size-large\" style=\"text-align: justify;\"><img loading=\"lazy\" decoding=\"async\" width=\"1024\" height=\"902\" class=\"wp-image-64710\" src=\"http:\/\/www.editiondaslabor.de\/blog\/wp-content\/uploads\/2020\/05\/Keusen-1024x902.png\" alt=\"\" \/>\r\n<figcaption><br \/>Im Schaufenster des K\u00fcnstlervereins\u00a0<em>onomato<\/em><strong>\u00a0 <\/strong>auf der Birkenstra\u00dfe 97\u00a0in D\u00fcsseldorf sind heute Abend Videos von Almuth Hickl zu sehen.<\/figcaption>\r\n<\/figure>\r\n\r\n\r\n\r\n\r\n\r\n<div class=\"wp-block-image\" style=\"text-align: justify;\">\r\n<figure class=\"alignleft is-resized\"><img loading=\"lazy\" decoding=\"async\" class=\"wp-image-54937\" src=\"http:\/\/www.editiondaslabor.de\/blog\/wp-content\/uploads\/2019\/04\/Almuth_Cover-1.png\" alt=\"\" width=\"240\" height=\"244\" \/><\/figure>\r\n<\/div>\r\n\r\n\r\n\r\n<p style=\"text-align: justify;\"><strong>Weiterf\u00fchrend \u2192<\/strong><\/p>\r\n\r\n\r\n\r\n<p style=\"text-align: justify;\">Ein Portr\u00e4t der Hungertuchpreistr\u00e4gerin Almuth Hickl findet sich <a href=\"http:\/\/www.editiondaslabor.de\/blog\/2005\/04\/10\/das-hungertuch-fuer-almuth-hickl\/\">hier<\/a>.<\/p>\r\n\r\n\r\n\r\n<p style=\"text-align: justify;\">Und au\u00dferdem im KUNO-Archiv, ein Hinweis auf die Ausstellung <a href=\"http:\/\/www.editiondaslabor.de\/blog\/2011\/05\/14\/spielerische-erkundung-des-vorhandenen-materials\/\">Freibank<\/a>. Photos der Reihe im <a href=\"http:\/\/www.editiondaslabor.de\/blog\/?page_id=2119\">Rheintor<\/a> und der <a href=\"http:\/\/www.editiondaslabor.de\/blog\/?page_id=1877\">Veranstaltung<\/a> in Kunstverein Linz. Einen Essay zu den Aktionen im Rheintor finden Sie <a href=\"http:\/\/www.editiondaslabor.de\/blog\/?p=12791\">hier<\/a>. Das Konzept der K\u00fcnstlerin zu ihren <em>Computerzeichnungen<\/em> finden Sie <a href=\"http:\/\/www.editiondaslabor.de\/blog\/1996\/04\/04\/zu-meinen-neuen-bildern-mit-computer-und-laserdrucker\/\">hier<\/a>.<\/p>\r\n","protected":false},"excerpt":{"rendered":"<p>Weiterf\u00fchrend \u2192 Ein Portr\u00e4t der Hungertuchpreistr\u00e4gerin Almuth Hickl findet sich hier. Und au\u00dferdem im KUNO-Archiv, ein Hinweis auf die Ausstellung Freibank. Photos der Reihe im Rheintor und der Veranstaltung in Kunstverein Linz. Einen Essay zu den Aktionen im Rheintor finden&hellip;<\/p>\n<p class=\"more-link-p\"><a class=\"more-link\" href=\"http:\/\/www.editiondaslabor.de\/blog\/2020\/05\/23\/bagatellen\/\">Read more &rarr;<\/a><\/p>\n","protected":false},"author":184,"featured_media":98494,"comment_status":"closed","ping_status":"closed","sticky":false,"template":"","format":"standard","meta":{"footnotes":""},"categories":[1],"tags":[46],"class_list":["post-64708","post","type-post","status-publish","format-standard","has-post-thumbnail","hentry","category-literatur","tag-almuth-hickl"],"_links":{"self":[{"href":"http:\/\/www.editiondaslabor.de\/blog\/wp-json\/wp\/v2\/posts\/64708","targetHints":{"allow":["GET"]}}],"collection":[{"href":"http:\/\/www.editiondaslabor.de\/blog\/wp-json\/wp\/v2\/posts"}],"about":[{"href":"http:\/\/www.editiondaslabor.de\/blog\/wp-json\/wp\/v2\/types\/post"}],"author":[{"embeddable":true,"href":"http:\/\/www.editiondaslabor.de\/blog\/wp-json\/wp\/v2\/users\/184"}],"replies":[{"embeddable":true,"href":"http:\/\/www.editiondaslabor.de\/blog\/wp-json\/wp\/v2\/comments?post=64708"}],"version-history":[{"count":2,"href":"http:\/\/www.editiondaslabor.de\/blog\/wp-json\/wp\/v2\/posts\/64708\/revisions"}],"predecessor-version":[{"id":98496,"href":"http:\/\/www.editiondaslabor.de\/blog\/wp-json\/wp\/v2\/posts\/64708\/revisions\/98496"}],"wp:featuredmedia":[{"embeddable":true,"href":"http:\/\/www.editiondaslabor.de\/blog\/wp-json\/wp\/v2\/media\/98494"}],"wp:attachment":[{"href":"http:\/\/www.editiondaslabor.de\/blog\/wp-json\/wp\/v2\/media?parent=64708"}],"wp:term":[{"taxonomy":"category","embeddable":true,"href":"http:\/\/www.editiondaslabor.de\/blog\/wp-json\/wp\/v2\/categories?post=64708"},{"taxonomy":"post_tag","embeddable":true,"href":"http:\/\/www.editiondaslabor.de\/blog\/wp-json\/wp\/v2\/tags?post=64708"}],"curies":[{"name":"wp","href":"https:\/\/api.w.org\/{rel}","templated":true}]}}