{"id":6467,"date":"2012-08-02T00:48:25","date_gmt":"2012-08-01T22:48:25","guid":{"rendered":"http:\/\/www.editiondaslabor.de\/blog\/?p=6467"},"modified":"2013-09-25T11:01:13","modified_gmt":"2013-09-25T09:01:13","slug":"uber-das-verschwinden-%e2%80%a2-teil-1","status":"publish","type":"post","link":"http:\/\/www.editiondaslabor.de\/blog\/2012\/08\/02\/uber-das-verschwinden-%e2%80%a2-teil-1\/","title":{"rendered":"\u00dcber das Verschwinden \u2022 Teil 1"},"content":{"rendered":"<p style=\"text-align: justify;\"><strong>Ablagestelle S\u00fcdbahnhof<\/strong><\/p>\n<p style=\"text-align: justify;\">Wir stehen an der Ablagestelle S\u00fcdbahnhof und warten auf unsere Zeitungen. Es ist mal wieder so eine Nacht, in der man es nicht richtig machen kann: am Vortag wurde uns eine Resthaushaltsverteilung des Kunden Ibo angek\u00fcndigt. In 50% der F\u00e4lle werden an so einem Tag die Zeitungen sp\u00e4ter angeliefert, kommen sie allerdings p\u00fcnktlich, so kann man mit ein bisschen Anstrengung seine Tour sogar in der vorgegebenen Zeit schaffen. Die meisten sind daher zu einer mittleren Zeit gekommen, zwischen 4 und halb 5. Bis auf Eva, die sich in einem Anfall von Wahnsinn, (und evtl. unter dem Namen ihres Mannes) 3 Touren aufgehalst hat und immer um viertel nach 3 da sein muss, um \u00fcberhaupt eine Chance zu haben.<\/p>\n<p style=\"text-align: justify;\">Ich nenne sie Eva, und mit Spitznamen Nachteule. Aber sie hei\u00dft nicht Eva, sie ist einfach nur die allererste Frau, die ich beim Zeitungsaustragen kennengelernt habe. Frau? Furie! Klar, dass sie ihre Touren nur mit Hilfe eines Auto bew\u00e4ltigen kann. Und als ich eines morgens mein Rad auf dem B\u00fcrgersteig parke, um meine Zeitungen einzuladen, dr\u00e4ngt sie mich mit Vollgas zur\u00fcck auf die Stra\u00dfe. \u00bbK\u00f6nnen Sie demn\u00e4chst mal darauf achte, nicht hier zu parken?!\u00ab Eva also ist heute nicht nur schon da, sondern bereits auf 180. Da sie kein Geld f\u00fcr einen weiteren Kaffee von der Tanke hat, f\u00e4hrt sie erstmal wieder nachhause.<\/p>\n<p style=\"text-align: justify;\">Schon als ich die Stolze hochfahre, die sich wie ein Flussbett durch die H\u00e4usermasse windet, wundere ich mich, dass Barnie mir nicht entgegenkommt, mit seinen ruhigen Zick-Zack-Bahnen, m\u00e4andernd, mit einem Sto\u00df Zeitungen unter dem Arm. (Als Stammzusteller braucht er sich nicht zu beeilen, w\u00e4hrend ich als Springerin in seiner Tour immer ganz sch\u00f6n ins Schwitzen komme.)<\/p>\n<p style=\"text-align: justify;\"><strong>Warten<\/strong><\/p>\n<p style=\"text-align: justify;\">Nun warten wir also zu viert vor den leeren Kaskaden &#8211; einem f\u00fcr nichts anderes zu gebrauchenden H\u00e4uservorsprung, der mit einem Gitter abgesperrt ist und an dem sich die Passanten tags\u00fcber fragen, warum hier nicht wenigstens gelbe S\u00e4cke gelagert werden &#8211; : Barnie, Uwe, Ello und ich.<\/p>\n<div id=\"attachment_6582\" style=\"width: 310px\" class=\"wp-caption alignleft\"><a href=\"http:\/\/www.editiondaslabor.de\/blog\/wp-content\/uploads\/2012\/08\/aral2.jpg\"><img loading=\"lazy\" decoding=\"async\" aria-describedby=\"caption-attachment-6582\" class=\"size-medium wp-image-6582\" src=\"http:\/\/www.editiondaslabor.de\/blog\/wp-content\/uploads\/2012\/08\/aral2-300x217.jpg\" alt=\"blaues Licht\" width=\"300\" height=\"217\" srcset=\"http:\/\/www.editiondaslabor.de\/blog\/wp-content\/uploads\/2012\/08\/aral2-300x217.jpg 300w, http:\/\/www.editiondaslabor.de\/blog\/wp-content\/uploads\/2012\/08\/aral2-1024x744.jpg 1024w, http:\/\/www.editiondaslabor.de\/blog\/wp-content\/uploads\/2012\/08\/aral2.jpg 1123w\" sizes=\"auto, (max-width: 300px) 100vw, 300px\" \/><\/a><p id=\"caption-attachment-6582\" class=\"wp-caption-text\">&#8222;Aral&#8220;\u00a0\u2022 Arno Kappe<\/p><\/div>\n<p style=\"text-align: justify;\">Das blaue Licht der Aral-Tankstelle macht uns zu Gestalten aus einem Fernsehfilm. Eigentlich aber sind wir Zuschauer, n\u00e4mlich von einer Szene, die sich f\u00fcnf torkelnde, palavernde, junge Erwachsene leisten, die dort um ein qualmendes Auto herum stehen. Und nochmal eigentlich sieht man das Licht der echten Fernseher, was aus einzelnen Fenstern flackert, in dieser Beleuchtung kaum. Man h\u00f6rt lediglich dramatisch brabbelnde Stimmen durch die gekippten Fenster.<\/p>\n<p style=\"text-align: justify;\">Hier, bei uns auf der Stra\u00dfe, passiert doch aber das Drama. Unsere Zeitungen sind nicht da, niemand bezahlt uns die \u00dcberstunden, es wird immer sp\u00e4ter und auch die jungen Leute machen den Eindruck, als ob ihr Leben vor dieser Nacht geordneter war. Es dauert nicht lange, dann kommt die Polizei und nimmt alle mit. Bis auf das Auto.<\/p>\n<p style=\"text-align: justify;\"><strong>Kinder<\/strong><\/p>\n<p style=\"text-align: justify;\">Jetzt ist wieder gar nichts mehr los und Langeweile ist etwas, was man um diese Uhrzeit gar nicht ertragen kann, jedenfalls nicht, ohne zu schlafen, zu trinken oder zu rauchen&#8230; aber das tut keiner von uns; Kaffee ist das einzige, auf das wir angewiesen sind und der kostet unglaubliche 2 Euro im Pappbecher an der Tanke. Uwe holt sich dennoch einen. Er ist von uns allen am besten drauf, weil seine Frau ein Kind erwartet, und er genau wei\u00df, dass das der Moment sein wird, wo er diesen Job erstmal an den Nagel h\u00e4ngen kann, weil er in<\/p>\n<div id=\"attachment_6591\" style=\"width: 186px\" class=\"wp-caption alignright\"><a href=\"http:\/\/www.editiondaslabor.de\/blog\/wp-content\/uploads\/2012\/08\/embrio3.jpg\"><img loading=\"lazy\" decoding=\"async\" aria-describedby=\"caption-attachment-6591\" class=\" wp-image-6591 \" src=\"http:\/\/www.editiondaslabor.de\/blog\/wp-content\/uploads\/2012\/08\/embrio3-293x300.jpg\" alt=\"Ultraschall\" width=\"176\" height=\"180\" srcset=\"http:\/\/www.editiondaslabor.de\/blog\/wp-content\/uploads\/2012\/08\/embrio3-293x300.jpg 293w, http:\/\/www.editiondaslabor.de\/blog\/wp-content\/uploads\/2012\/08\/embrio3-1001x1024.jpg 1001w, http:\/\/www.editiondaslabor.de\/blog\/wp-content\/uploads\/2012\/08\/embrio3.jpg 1090w\" sizes=\"auto, (max-width: 176px) 100vw, 176px\" \/><\/a><p id=\"caption-attachment-6591\" class=\"wp-caption-text\">&#8222;Ultraschall&#8220;\u00a0\u2022 Arno Kappe<\/p><\/div>\n<p style=\"text-align: justify;\">Elternzeit geht. Stolz zeigt er uns eine in Holz eingefasste Ultraschallaufnahme. Nat\u00fcrlich erkennt man rein gar nichts, aber ger\u00fchrt sind wir alle, schauen aus dem Dunklen ins Dunkle und denken an unsere nichtgekriegten und gekriegten Kinder. Ello hat schon erwachsene, meine sind der Grund, warum ich nicht schlafen konnte: ich musste Betten beziehen, weil ihre Windeln ausgelaufen waren, und dann konnte ich nicht mehr einschlafen. (K\u00fcmmern wir Eltern uns zu wenig um unsere Kinder? Nachts jedenfalls nicht, was \u00fcbrigens der Grund ist, warum die Kinder heutzutage nicht trocken werden.) Barnies Kinder sind die Katzen auf seiner Tour. In seiner Jackentasche klappert Katzenfutter in einer Dose.<\/p>\n<p style=\"text-align: justify;\">Langsam k\u00f6nnten die Schergen kommen. Schlie\u00dflich kann man sich hier nirgends hinsetzen, nur so&#8217;n bisschen mit dem Po anlehnen an den schmutzigen Stuck der Altbauten, an den stutzigen Schmuck der H\u00e4user, an den hutzeligen Putz der Gem\u00e4uer, an den putzigen Look der Geb\u00e4ude&#8230; Da kommt ein Wagen! Ach &#8211; nur Eva!! Die guckt nicht schlecht, dass wir hier immer noch stehen. Schon nach F\u00fcnf. Jetzt braucht sie nicht mehr nachhaus. Sie bleibt im Auto sitzen, schaltet das Licht aus.<\/p>\n<p style=\"text-align: justify;\"><strong>Schaukeln<\/strong><\/p>\n<p style=\"text-align: justify;\">Und ich muss wieder an die Frau denken, die ich fast jeden Morgen sehe, die auf dem Spielplatz schaukelt, um 4, um 5, um 6, um 7 ist sie meistens weg. Eine seltsame Erscheinung. Ob sie die ganze Nacht durch schaukelt? Ob sie schaukelt anstatt zu schlafen? Ob sie auf jemanden wartet? Ob sie sich in einen Rausch schaukelt? Beunruhigend. Wenn wir doch endlich anfangen k\u00f6nnten, zu arbeiten. Jetzt werde ich das Gruseln nicht los.<\/p>\n<div id=\"attachment_6592\" style=\"width: 178px\" class=\"wp-caption alignright\"><a href=\"http:\/\/www.editiondaslabor.de\/blog\/wp-content\/uploads\/2012\/08\/schaukel.jpg\"><img loading=\"lazy\" decoding=\"async\" aria-describedby=\"caption-attachment-6592\" class=\" wp-image-6592 \" src=\"http:\/\/www.editiondaslabor.de\/blog\/wp-content\/uploads\/2012\/08\/schaukel-240x300.jpg\" alt=\"Schaukel\" width=\"168\" height=\"210\" srcset=\"http:\/\/www.editiondaslabor.de\/blog\/wp-content\/uploads\/2012\/08\/schaukel-240x300.jpg 240w, http:\/\/www.editiondaslabor.de\/blog\/wp-content\/uploads\/2012\/08\/schaukel.jpg 410w\" sizes=\"auto, (max-width: 168px) 100vw, 168px\" \/><\/a><p id=\"caption-attachment-6592\" class=\"wp-caption-text\">&#8222;Schaukel&#8220;\u00a0\u2022 Christine Kappe<\/p><\/div>\n<p style=\"text-align: justify;\">Mann, sehen wir alle fertig aus! Ello hat auch nicht geschlafen, aber immerhin hat sie ein rundes, glattes Gesicht. Sie beginnt in aller Seelenruhe zu erz\u00e4hlen, und ich h\u00f6re ihr gerne zu. Sie hat so eine nat\u00fcrliche Art zu erz\u00e4hlen, ihre Geschichten leuchten, weil ihre Augen leuchten, was hier im Dunkeln besonders auff\u00e4llt. Ihre Tochter hat sich ein Brautkleid gekauft, ihre Nachbarn sind verreist und haben ihre pubertierenden Kinder daheim gelassen, und was die alles gesagt haben, und was die alles gemacht haben, und was die alles f\u00fcr Musik geh\u00f6rt haben, und was die alles getrunken haben, und was die alles geraucht haben,&#8230;<\/p>\n<p style=\"text-align: justify;\">Nun reicht es selbst dem robusten, polnischst\u00e4mmigen Barnie (man munkelt, er sei fr\u00fcher mal Lehrer gewesen und irgendwann durchgedreht). Barnie hat ein paar Telefonnummern, die wir anderen nicht haben (geheime Beziehungen zur Chefin), eine davon w\u00e4hlt er jetzt.<\/p>\n<p style=\"text-align: justify;\">Nach einem kurzen Gespr\u00e4ch berichtet er, dass der Fahrer bereits vor anderthalb Stunden losgefahren ist. Die Beunruhigung w\u00e4chst.<\/p>\n<p style=\"text-align: justify;\">\u00bbSeltsam. Der Fahrer m\u00fcsste l\u00e4ngst da sein.\u00ab<\/p>\n","protected":false},"excerpt":{"rendered":"<p>Ablagestelle S\u00fcdbahnhof Wir stehen an der Ablagestelle S\u00fcdbahnhof und warten auf unsere Zeitungen. Es ist mal wieder so eine Nacht, in der man es nicht richtig machen kann: am Vortag wurde uns eine Resthaushaltsverteilung des Kunden Ibo angek\u00fcndigt. In 50%&hellip;<\/p>\n<p class=\"more-link-p\"><a class=\"more-link\" href=\"http:\/\/www.editiondaslabor.de\/blog\/2012\/08\/02\/uber-das-verschwinden-%e2%80%a2-teil-1\/\">Read more &rarr;<\/a><\/p>\n","protected":false},"author":22,"featured_media":6592,"comment_status":"open","ping_status":"open","sticky":false,"template":"","format":"standard","meta":{"footnotes":""},"categories":[1],"tags":[390,239],"class_list":["post-6467","post","type-post","status-publish","format-standard","has-post-thumbnail","hentry","category-literatur","tag-arno-kappe","tag-christine-kappe"],"_links":{"self":[{"href":"http:\/\/www.editiondaslabor.de\/blog\/wp-json\/wp\/v2\/posts\/6467","targetHints":{"allow":["GET"]}}],"collection":[{"href":"http:\/\/www.editiondaslabor.de\/blog\/wp-json\/wp\/v2\/posts"}],"about":[{"href":"http:\/\/www.editiondaslabor.de\/blog\/wp-json\/wp\/v2\/types\/post"}],"author":[{"embeddable":true,"href":"http:\/\/www.editiondaslabor.de\/blog\/wp-json\/wp\/v2\/users\/22"}],"replies":[{"embeddable":true,"href":"http:\/\/www.editiondaslabor.de\/blog\/wp-json\/wp\/v2\/comments?post=6467"}],"version-history":[{"count":0,"href":"http:\/\/www.editiondaslabor.de\/blog\/wp-json\/wp\/v2\/posts\/6467\/revisions"}],"wp:featuredmedia":[{"embeddable":true,"href":"http:\/\/www.editiondaslabor.de\/blog\/wp-json\/"}],"wp:attachment":[{"href":"http:\/\/www.editiondaslabor.de\/blog\/wp-json\/wp\/v2\/media?parent=6467"}],"wp:term":[{"taxonomy":"category","embeddable":true,"href":"http:\/\/www.editiondaslabor.de\/blog\/wp-json\/wp\/v2\/categories?post=6467"},{"taxonomy":"post_tag","embeddable":true,"href":"http:\/\/www.editiondaslabor.de\/blog\/wp-json\/wp\/v2\/tags?post=6467"}],"curies":[{"name":"wp","href":"https:\/\/api.w.org\/{rel}","templated":true}]}}