{"id":64467,"date":"2024-11-19T00:01:00","date_gmt":"2024-11-18T23:01:00","guid":{"rendered":"http:\/\/www.editiondaslabor.de\/blog\/?p=64467"},"modified":"2022-10-02T07:46:24","modified_gmt":"2022-10-02T05:46:24","slug":"segel","status":"publish","type":"post","link":"http:\/\/www.editiondaslabor.de\/blog\/2024\/11\/19\/segel\/","title":{"rendered":"vogelmenschen"},"content":{"rendered":"\r\n<p>&nbsp;<\/p>\r\n<p>ich lehnte mich an den wind<\/p>\r\n<p>im glauben auf rettung vor dem tod<\/p>\r\n<p>griffen meine h\u00e4nde nach stimmen<\/p>\r\n<p>die her\u00fcberwehten<\/p>\r\n<p>aus einer anderen zeit<\/p>\r\n<p>&nbsp;<\/p>\r\n<p>in einem fr\u00fcheren leben war ich vogelmensch<\/p>\r\n<p>und flog durch kristalline gebirge<\/p>\r\n<p>war schmetterlingsfrau und tauchte<\/p>\r\n<p>in eine subduktionszone<\/p>\r\n<p>war fisch der schwamm \u00fcber geosynklinalen<\/p>\r\n<p>m\u00e4chtige klastische sedimente<\/p>\r\n<p>die falten decken bildeten<\/p>\r\n<p>und sich schoben \u00fcber eine fr\u00fchere zeit<\/p>\r\n<p>war traum gedicht<\/p>\r\n<p>und heimwehe in einem wort<\/p>\r\n<p>war zeuge und verschwand<\/p>\r\n<p>&nbsp;<\/p>\r\n<p>im siebenten traum erschien mir<\/p>\r\n<p>eine schwarze libelle die post<\/p>\r\n<p>kam wieder nicht kam nur<\/p>\r\n<p>bis in den wald vor der stadt<\/p>\r\n<p>darin sangen kreisende schwarzst\u00f6rche<\/p>\r\n<p>lieder aus deiner kindheit<\/p>\r\n<p>&nbsp;<\/p>\r\n<p>sa\u00df eine alte frau und \u00f6ffnete die briefe<\/p>\r\n<p>alle briefe<\/p>\r\n<p>auch die nie abgesandten<\/p>\r\n<p>und die zur\u00fcckgekommenen<\/p>\r\n<p>(wo der adressat unbekannt verzogen<\/p>\r\n<p>oder verstorben war)<\/p>\r\n<p>sogar die nie geschriebenen<\/p>\r\n<p>und<\/p>\r\n<p>die noch zu schreibenden<\/p>\r\n<p>niemand<\/p>\r\n<p>sonst wollte sie lesen<\/p>\r\n<p>lange dachte ich nicht<\/p>\r\n<p>an das gr\u00fcn des waldes<\/p>\r\n<p>das schwarz der libelle<\/p>\r\n<p>die mit dem fluss kamen<\/p>\r\n<p>wie erinnerungen in einem traum<\/p>\r\n<p>aus dem gebirge<\/p>\r\n<p>oder aus deinem mund<\/p>\r\n<p>der sich bewegte<\/p>\r\n<p>ganz langsam<\/p>\r\n<p>zwischen den worten<\/p>\r\n<p>&nbsp;<\/p>\r\n<p>die sommertage schienen<\/p>\r\n<p>einfach zweifach<\/p>\r\n<p>sch\u00e4lten sie sich aus dem jahr<\/p>\r\n<p>wie rinde sich von k\u00f6rpern sch\u00e4lt<\/p>\r\n<p>waren die n\u00e4chte mineralisch<\/p>\r\n<p>ruhten zwischen uns blaue streifen<\/p>\r\n<p>und hielt das licht fest<\/p>\r\n<p>an spalt\u00f6ffnungen in die dunkelheit<\/p>\r\n<p>ich zeigte dir die schneezunge<\/p>\r\n<p>das ganze jahr<\/p>\r\n<p>wartete ich auf polarlicht<\/p>\r\n<p>aus einem s\u00fcden<\/p>\r\n<p>der zu mir spricht<\/p>\r\n<p>vergehen wir<\/p>\r\n<p>bleiben wir<\/p>\r\n<p>&nbsp;<\/p>\r\n<p>lemuren<\/p>\r\n<p>&nbsp;<\/p>\r\n<p>&nbsp;<\/p>\r\n<p>&nbsp;<\/p>\r\n\r\n\r\n\r\n<p class=\"has-text-align-center\" style=\"text-align: center;\">***<\/p>\r\n<p style=\"text-align: justify;\"><strong>heimwehe. ges\u00e4nge<\/strong> von Werner Weimar-Mazur. Dortmund (Edition Offenes Feld, Hrsg. J\u00fcrgen Br\u00f4can). 2022.<\/p>\r\n<p style=\"text-align: justify;\"><strong><img loading=\"lazy\" decoding=\"async\" class=\"size-medium wp-image-104044 alignleft\" src=\"http:\/\/www.editiondaslabor.de\/blog\/wp-content\/uploads\/2022\/09\/heimwehe_Cover-206x300.png\" alt=\"\" width=\"206\" height=\"300\" \/>Weiterf\u00fchrend<\/strong> \u2192 Ein Rezensionsessay von Holger Benkel zu diesem Band findet sich <a href=\"http:\/\/www.editiondaslabor.de\/blog\/?p=104043\">hier<\/a>.<\/p>\r\n<p style=\"text-align: justify;\">\u2192 Eine W\u00fcrdigung von <em>hautsterben<\/em> durch Ulrich Bergmann finden Sie <a href=\"http:\/\/www.editiondaslabor.de\/blog\/2012\/09\/06\/verse-in-sommerkleidern\/\">hier<\/a>. Poesie z\u00e4hlt f\u00fcr KUNO weiterhin zu den identit\u00e4ts- und identifikationstiftenden Elementen einer Kultur, dies bezeugte auch der Versuch einer <a href=\"http:\/\/www.editiondaslabor.de\/blog\/?p=25630\">poetologischen Positionsbestimmung<\/a>. Auf KUNO lesen Sie u.a. einen Rezensionsessay von Holger Benkel \u00fcber <a href=\"http:\/\/www.editiondaslabor.de\/blog\/2017\/03\/19\/welten-gegenwelten\/\">Werner Weimar-Mazur<\/a>. Wir begreifen den Essay auf KUNO als eine <a href=\"http:\/\/www.editiondaslabor.de\/blog\/2013\/12\/10\/zur-gattung-essay\/\">Versuchsanordnung<\/a>, undogmatisch, subjektiv, experimentell, ergebnisoffen.<\/p>\r\n\r\n\r\n","protected":false},"excerpt":{"rendered":"<p>&nbsp; ich lehnte mich an den wind im glauben auf rettung vor dem tod griffen meine h\u00e4nde nach stimmen die her\u00fcberwehten aus einer anderen zeit &nbsp; in einem fr\u00fcheren leben war ich vogelmensch und flog durch kristalline gebirge war schmetterlingsfrau&hellip;<\/p>\n<p class=\"more-link-p\"><a class=\"more-link\" href=\"http:\/\/www.editiondaslabor.de\/blog\/2024\/11\/19\/segel\/\">Read more &rarr;<\/a><\/p>\n","protected":false},"author":198,"featured_media":99025,"comment_status":"closed","ping_status":"closed","sticky":false,"template":"","format":"standard","meta":{"footnotes":""},"categories":[1],"tags":[1953],"class_list":["post-64467","post","type-post","status-publish","format-standard","has-post-thumbnail","hentry","category-literatur","tag-werner-weimar-mazur"],"_links":{"self":[{"href":"http:\/\/www.editiondaslabor.de\/blog\/wp-json\/wp\/v2\/posts\/64467","targetHints":{"allow":["GET"]}}],"collection":[{"href":"http:\/\/www.editiondaslabor.de\/blog\/wp-json\/wp\/v2\/posts"}],"about":[{"href":"http:\/\/www.editiondaslabor.de\/blog\/wp-json\/wp\/v2\/types\/post"}],"author":[{"embeddable":true,"href":"http:\/\/www.editiondaslabor.de\/blog\/wp-json\/wp\/v2\/users\/198"}],"replies":[{"embeddable":true,"href":"http:\/\/www.editiondaslabor.de\/blog\/wp-json\/wp\/v2\/comments?post=64467"}],"version-history":[{"count":3,"href":"http:\/\/www.editiondaslabor.de\/blog\/wp-json\/wp\/v2\/posts\/64467\/revisions"}],"predecessor-version":[{"id":104073,"href":"http:\/\/www.editiondaslabor.de\/blog\/wp-json\/wp\/v2\/posts\/64467\/revisions\/104073"}],"wp:featuredmedia":[{"embeddable":true,"href":"http:\/\/www.editiondaslabor.de\/blog\/wp-json\/wp\/v2\/media\/99025"}],"wp:attachment":[{"href":"http:\/\/www.editiondaslabor.de\/blog\/wp-json\/wp\/v2\/media?parent=64467"}],"wp:term":[{"taxonomy":"category","embeddable":true,"href":"http:\/\/www.editiondaslabor.de\/blog\/wp-json\/wp\/v2\/categories?post=64467"},{"taxonomy":"post_tag","embeddable":true,"href":"http:\/\/www.editiondaslabor.de\/blog\/wp-json\/wp\/v2\/tags?post=64467"}],"curies":[{"name":"wp","href":"https:\/\/api.w.org\/{rel}","templated":true}]}}