{"id":64377,"date":"1995-12-25T00:50:00","date_gmt":"1995-12-24T23:50:00","guid":{"rendered":"http:\/\/www.editiondaslabor.de\/blog\/?p=64377"},"modified":"2022-02-22T13:40:27","modified_gmt":"2022-02-22T12:40:27","slug":"6","status":"publish","type":"post","link":"http:\/\/www.editiondaslabor.de\/blog\/1995\/12\/25\/6\/","title":{"rendered":"6"},"content":{"rendered":"\r\n<p>&nbsp;<\/p>\r\n<p><strong>die wei\u00dfe Wand ist weit<\/strong><\/p>\r\n\r\n\r\n\r\n<p>und r\u00fcckt nun n\u00e4her<\/p>\r\n\r\n\r\n\r\n<p>abhanden war die N\u00e4he<\/p>\r\n\r\n\r\n\r\n<p>die dem Auge nichts beschrieb<\/p>\r\n\r\n\r\n\r\n<p>das Gemeinte hat ein Muster<\/p>\r\n\r\n\r\n\r\n<p>das nach H\u00e4nden rief<\/p>\r\n\r\n\r\n\r\n<p>( so ruft die Wand: ich wei\u00df )<\/p>\r\n<p>&nbsp;<\/p>\r\n<p>&nbsp;<\/p>\r\n<p>&nbsp;<\/p>\r\n\r\n\r\n\r\n<p class=\"has-text-align-center\" style=\"text-align: center;\">***<\/p>\r\n\r\n\r\n\r\n<div class=\"wp-block-image\">\r\n<figure class=\"alignleft size-large\"><img loading=\"lazy\" decoding=\"async\" width=\"177\" height=\"528\" class=\"wp-image-64366\" src=\"http:\/\/www.editiondaslabor.de\/blog\/wp-content\/uploads\/2020\/05\/image-4.jpeg\" alt=\"\" srcset=\"http:\/\/www.editiondaslabor.de\/blog\/wp-content\/uploads\/2020\/05\/image-4.jpeg 177w, http:\/\/www.editiondaslabor.de\/blog\/wp-content\/uploads\/2020\/05\/image-4-101x300.jpeg 101w, http:\/\/www.editiondaslabor.de\/blog\/wp-content\/uploads\/2020\/05\/image-4-160x477.jpeg 160w\" sizes=\"auto, (max-width: 177px) 100vw, 177px\" \/><\/figure>\r\n<\/div>\r\n\r\n\r\n\r\n<p style=\"text-align: justify;\"><strong>W<\/strong><strong>eiterf\u00fchrend \u2192 <\/strong>Eine\u00a0 W\u00fcrdigung von J\u00fcrgen Diehl finden Sie <a href=\"http:\/\/www.editiondaslabor.de\/blog\/?p=35389\">hier<\/a>. H\u00f6ren Sie auch die\u00a0<a href=\"http:\/\/vordenker.de\/taeger\/amaryll.htm\">Hommage<\/a> an J\u00fcrgen Diehl auf MetaPhon.<\/p>\r\n<p style=\"text-align: justify;\"><strong>\u2192<\/strong>\u00a0Poesie z\u00e4hlt f\u00fcr KUNO weiterhin zu den identit\u00e4ts- und identifikationstiftenden Elementen einer Kultur, dies bezeugte auch der Versuch einer <a href=\"http:\/\/www.editiondaslabor.de\/blog\/?p=25630\">poetologischen Positionsbestimmung<\/a>.<\/p>\r\n","protected":false},"excerpt":{"rendered":"<p>&nbsp; die wei\u00dfe Wand ist weit und r\u00fcckt nun n\u00e4her abhanden war die N\u00e4he die dem Auge nichts beschrieb das Gemeinte hat ein Muster das nach H\u00e4nden rief ( so ruft die Wand: ich wei\u00df ) &nbsp; &nbsp; &nbsp; ***&hellip;<\/p>\n<p class=\"more-link-p\"><a class=\"more-link\" href=\"http:\/\/www.editiondaslabor.de\/blog\/1995\/12\/25\/6\/\">Read more &rarr;<\/a><\/p>\n","protected":false},"author":153,"featured_media":98126,"comment_status":"closed","ping_status":"closed","sticky":false,"template":"","format":"standard","meta":{"footnotes":""},"categories":[1],"tags":[41],"class_list":["post-64377","post","type-post","status-publish","format-standard","has-post-thumbnail","hentry","category-literatur","tag-jurgen-diehl"],"_links":{"self":[{"href":"http:\/\/www.editiondaslabor.de\/blog\/wp-json\/wp\/v2\/posts\/64377","targetHints":{"allow":["GET"]}}],"collection":[{"href":"http:\/\/www.editiondaslabor.de\/blog\/wp-json\/wp\/v2\/posts"}],"about":[{"href":"http:\/\/www.editiondaslabor.de\/blog\/wp-json\/wp\/v2\/types\/post"}],"author":[{"embeddable":true,"href":"http:\/\/www.editiondaslabor.de\/blog\/wp-json\/wp\/v2\/users\/153"}],"replies":[{"embeddable":true,"href":"http:\/\/www.editiondaslabor.de\/blog\/wp-json\/wp\/v2\/comments?post=64377"}],"version-history":[{"count":1,"href":"http:\/\/www.editiondaslabor.de\/blog\/wp-json\/wp\/v2\/posts\/64377\/revisions"}],"predecessor-version":[{"id":99455,"href":"http:\/\/www.editiondaslabor.de\/blog\/wp-json\/wp\/v2\/posts\/64377\/revisions\/99455"}],"wp:featuredmedia":[{"embeddable":true,"href":"http:\/\/www.editiondaslabor.de\/blog\/wp-json\/wp\/v2\/media\/98126"}],"wp:attachment":[{"href":"http:\/\/www.editiondaslabor.de\/blog\/wp-json\/wp\/v2\/media?parent=64377"}],"wp:term":[{"taxonomy":"category","embeddable":true,"href":"http:\/\/www.editiondaslabor.de\/blog\/wp-json\/wp\/v2\/categories?post=64377"},{"taxonomy":"post_tag","embeddable":true,"href":"http:\/\/www.editiondaslabor.de\/blog\/wp-json\/wp\/v2\/tags?post=64377"}],"curies":[{"name":"wp","href":"https:\/\/api.w.org\/{rel}","templated":true}]}}