{"id":64234,"date":"1995-01-26T00:01:09","date_gmt":"1995-01-25T23:01:09","guid":{"rendered":"http:\/\/www.editiondaslabor.de\/blog\/?p=64234"},"modified":"2022-03-03T04:25:28","modified_gmt":"2022-03-03T03:25:28","slug":"musikopoetische-gesichtspunkte","status":"publish","type":"post","link":"http:\/\/www.editiondaslabor.de\/blog\/1995\/01\/26\/musikopoetische-gesichtspunkte\/","title":{"rendered":"Die Augen schliessen und mit den Ohren sehen"},"content":{"rendered":"\r\n\r\n\r\n<p class=\"has-text-color has-text-align-right has-cyan-bluish-gray-color\" style=\"text-align: right;\"><span style=\"color: #999999;\"><em>Tom T\u00e4ger und A.J. Weigoni kommt das Verdienst zu, die Lyrik nach 400 Jahren babylonischer Gefangenschaft aus dem Buch befreit zu haben.<\/em><\/span><\/p>\r\n\r\n\r\n\r\n<p class=\"has-text-color has-text-align-right has-cyan-bluish-gray-color\" style=\"text-align: right;\"><span style=\"color: #999999;\">lyrikwelt.de<\/span><\/p>\r\n<div id=\"attachment_12635\" style=\"width: 310px\" class=\"wp-caption alignleft\"><a href=\"http:\/\/www.editiondaslabor.de\/blog\/wp-content\/uploads\/2013\/12\/Taeger-300x288.jpg\"><img loading=\"lazy\" decoding=\"async\" aria-describedby=\"caption-attachment-12635\" class=\"size-full wp-image-12635\" src=\"http:\/\/www.editiondaslabor.de\/blog\/wp-content\/uploads\/2013\/12\/Taeger-300x288.jpg\" alt=\"\" width=\"300\" height=\"288\" \/><\/a><p id=\"caption-attachment-12635\" class=\"wp-caption-text\">Tom T\u00e4ger, Komponist der H\u00f6rspielmusik zu Se\u00f1ora Nada \u00b7 Photo: Dieter Meth<\/p><\/div>\r\n<p class=\"has-text-color has-text-align-right has-cyan-bluish-gray-color\" style=\"text-align: justify;\"><span style=\"color: #000000;\">Als Tom T\u00e4ger 1989 im <a style=\"color: #000000;\" href=\"http:\/\/www.editiondaslabor.de\/blog\/?p=26948\"><em><span style=\"color: #ff0000;\">Tonstudio an der Ruhr<\/span><\/em><\/a> Helge Schneiders erste Schallplatte <span style=\"color: #ff0000;\"><a style=\"color: #ff0000;\" href=\"http:\/\/www.editiondaslabor.de\/blog\/?p=26990\">Seine gr\u00f6\u00dften Erfolge<\/a><\/span> produzierte, hat man ihn f\u00fcr verr\u00fcckt gehalten. Als <a style=\"color: #000000;\" href=\"http:\/\/de.wikipedia.org\/wiki\/Andrascz_Weigoni\">A.J. Weigoni<\/a> 1991 seine <a style=\"color: #000000;\" href=\"http:\/\/www.editiondaslabor.de\/blog\/?p=25399\"><span style=\"color: #ff0000;\">LiteraturClips<\/span><\/a> auf CD (der Claim f\u00fcr <em>Klangb\u00fccher<\/em> war noch nicht abgesteckt) realisierte, hat man ihn f\u00fcr verr\u00fcckt gehalten. 1995 begann ihre Zusammenarbeit, die mit dem H\u00f6rbuch <a style=\"color: #000000;\" href=\"http:\/\/www.editiondaslabor.de\/blog\/2015\/01\/01\/das-gesamtwerk-des-sprechstellers\/\"><em><span style=\"color: #ff0000;\">Gedichte<\/span><\/em><\/a> einen sinnf\u00e4lligen crossmedialen Zirkelschlu\u00df gefunden hat.<\/span><\/p>\r\n\r\n\r\n\r\n\r\n\r\n\r\n\r\n\r\n\r\n<p style=\"text-align: justify;\"><span style=\"color: #000000;\">Zu diesen H\u00f6rb\u00fcchern hat T\u00e4ger als <span style=\"color: #ff0000;\"><a style=\"color: #ff0000;\" href=\"http:\/\/www.editiondaslabor.de\/blog\/?p=6174\">H\u00f6rspielkomponist<\/a><\/span> mit <a style=\"color: #000000;\" href=\"http:\/\/www.vordenker.de\/taeger\/senora_nada.htm\"><span style=\"color: #ff0000;\">Se\u00f1ora Nada<\/span><\/a> eine Musik der befreiten Melodien zelebiert oder bei dem zweiten Monodram <span style=\"color: #ff0000;\"><a style=\"color: #ff0000;\" href=\"http:\/\/www.editiondaslabor.de\/blog\/?p=41250\">Unbehaust<\/a><\/span> eine Klang-Collage aus Papierger\u00e4uschen anfertigt<span style=\"color: #333333;\">. <\/span><\/span><span style=\"color: #333333;\">Es ist eine in Perkussion verwandelnder Partitur-Umsetzung.\u00a0Das Akustische schafft eine besondere Atmosph\u00e4re, in der sich der literarische Text als Klangerlebnis noch weiter entfalten kann. Die damit verkn\u00fcpfte dichte Schilderung von Yo Changs existentiellen \u00c4ngsten, ihren irritierend-widerspr\u00fcchlichen Selbstwahrnehmungen und sprunghaft-unsteten Bewusstseinszust\u00e4nden boten ein hinreichendes Initial f\u00fcr eine Inszenierung in Form eines H\u00f6rspiels. Die Schauspielerin Bibiana Haimes gestaltet den inneren Monolog Lavants mit hoher Empathie und stimmlicher Pr\u00e4zision. Gest\u00fctzt wird dieser fesselnde Eindruck durch die klangvollen Abstraktionen Tom T\u00e4ger, die eine \u00fcberzeugende, akustisch vielf\u00e4ltige Kulisse generieren. \u00a0Die im Text bereits angelegten Detailbeobachtungen und Wahrnehmungssplitter Lavants werden in der akustischen Umsetzung lebendig, die karg-einfache Textsprache Weigonis gewinnt in der H\u00f6rspielfassung eine enorme Aussagekraft. Ein Resonanz- und Gedankenraum entsteht, und das Wort Nachhall bekommt in der Medienzukunft eine wahrhaft unerh\u00f6rte Bedeutung.<\/span><\/p>\r\n<p>&nbsp;<\/p>\r\n<p>&nbsp;<\/p>\r\n\r\n\r\n\r\n<p class=\"has-text-align-center\" style=\"text-align: center;\">***<\/p>\r\n\r\n<p style=\"text-align: justify;\"><!-- \/wp:post-content --><!--EndFragment--><\/p>\r\n<p style=\"text-align: justify;\"><!-- wp:paragraph --><\/p>\r\n<p style=\"text-align: justify;\"><strong>Weiterf\u00fchend\u00a0\u2192<\/strong>\u00a0<\/p>\r\n<p style=\"text-align: justify;\"><span style=\"color: #000000;\"><img loading=\"lazy\" decoding=\"async\" class=\"size-full wp-image-19548 alignright\" src=\"http:\/\/www.editiondaslabor.de\/blog\/wp-content\/uploads\/2014\/12\/TadR-Logo-klein-300x90.jpg\" alt=\"\" width=\"300\" height=\"90\" \/>Das <a style=\"color: #000000;\" href=\"http:\/\/www.editiondaslabor.de\/blog\/2003\/01\/18\/unbehaust\/?fbclid=IwAR2Sr_v7El6mrCtNbcoKgFH_rgc2ZoOlbo2RJmoYmwcUGCJQTOfB_tkKDmQ\"><span style=\"color: #ff0000;\">poetische Polymorphem<\/span><\/a> <em>Unbehaust<\/em> macht KUNO in der Theaterfassung zug\u00e4nglich. Dieses Monodram ist als K\u00fcnstlerbuch ist nur noch antiquarisch erh\u00e4ltlich, daher ist es in Weigonis Band <span style=\"color: #ff0000;\"><a style=\"color: #ff0000;\" href=\"http:\/\/www.editiondaslabor.de\/?p=395\"><em>Parlandos<\/em><\/a><\/span> wiederver\u00f6ffentlicht worden.\u00a0Die H\u00f6rspielfassung von <span style=\"color: #ff0000;\"><a style=\"color: #ff0000;\" href=\"http:\/\/www.vordenker.de\/taeger\/unbehaust01.htm\"><em>Unbehaust<\/em><\/a><\/span> ist in der Reihe MetaPhon auf vordenker.de zu h\u00f6ren.<\/span><\/p>\r\n<p style=\"text-align: justify;\"><span style=\"color: #000000;\"><em>Unbehaust<\/em> ist auf dem H\u00f6rbuch <strong>Gedichte<\/strong> erh\u00e4ltlich \u00fcber: info@tonstudio-an-der-ruhr.de<\/span><\/p>","protected":false},"excerpt":{"rendered":"<p>Tom T\u00e4ger und A.J. Weigoni kommt das Verdienst zu, die Lyrik nach 400 Jahren babylonischer Gefangenschaft aus dem Buch befreit zu haben. lyrikwelt.de Als Tom T\u00e4ger 1989 im Tonstudio an der Ruhr Helge Schneiders erste Schallplatte Seine gr\u00f6\u00dften Erfolge produzierte,&hellip;<\/p>\n<p class=\"more-link-p\"><a class=\"more-link\" href=\"http:\/\/www.editiondaslabor.de\/blog\/1995\/01\/26\/musikopoetische-gesichtspunkte\/\">Read more &rarr;<\/a><\/p>\n","protected":false},"author":2,"featured_media":98641,"comment_status":"closed","ping_status":"closed","sticky":false,"template":"","format":"standard","meta":{"footnotes":""},"categories":[1],"tags":[628,1007,35],"class_list":["post-64234","post","type-post","status-publish","format-standard","has-post-thumbnail","hentry","category-literatur","tag-a-j-weigoni","tag-bibiana-heimes","tag-tom-tager"],"_links":{"self":[{"href":"http:\/\/www.editiondaslabor.de\/blog\/wp-json\/wp\/v2\/posts\/64234","targetHints":{"allow":["GET"]}}],"collection":[{"href":"http:\/\/www.editiondaslabor.de\/blog\/wp-json\/wp\/v2\/posts"}],"about":[{"href":"http:\/\/www.editiondaslabor.de\/blog\/wp-json\/wp\/v2\/types\/post"}],"author":[{"embeddable":true,"href":"http:\/\/www.editiondaslabor.de\/blog\/wp-json\/wp\/v2\/users\/2"}],"replies":[{"embeddable":true,"href":"http:\/\/www.editiondaslabor.de\/blog\/wp-json\/wp\/v2\/comments?post=64234"}],"version-history":[{"count":2,"href":"http:\/\/www.editiondaslabor.de\/blog\/wp-json\/wp\/v2\/posts\/64234\/revisions"}],"predecessor-version":[{"id":101460,"href":"http:\/\/www.editiondaslabor.de\/blog\/wp-json\/wp\/v2\/posts\/64234\/revisions\/101460"}],"wp:featuredmedia":[{"embeddable":true,"href":"http:\/\/www.editiondaslabor.de\/blog\/wp-json\/wp\/v2\/media\/98641"}],"wp:attachment":[{"href":"http:\/\/www.editiondaslabor.de\/blog\/wp-json\/wp\/v2\/media?parent=64234"}],"wp:term":[{"taxonomy":"category","embeddable":true,"href":"http:\/\/www.editiondaslabor.de\/blog\/wp-json\/wp\/v2\/categories?post=64234"},{"taxonomy":"post_tag","embeddable":true,"href":"http:\/\/www.editiondaslabor.de\/blog\/wp-json\/wp\/v2\/tags?post=64234"}],"curies":[{"name":"wp","href":"https:\/\/api.w.org\/{rel}","templated":true}]}}