{"id":64002,"date":"2008-09-02T00:01:06","date_gmt":"2008-09-01T22:01:06","guid":{"rendered":"http:\/\/www.editiondaslabor.de\/blog\/?p=64002"},"modified":"2024-05-01T14:29:55","modified_gmt":"2024-05-01T12:29:55","slug":"schweigsam","status":"publish","type":"post","link":"http:\/\/www.editiondaslabor.de\/blog\/2008\/09\/02\/schweigsam\/","title":{"rendered":"schweigsam"},"content":{"rendered":"\r\n<p>&nbsp;<\/p>\r\n<p>noch bliebe ein rest zu sagen <br \/>mein mund ist vor\u00fcbergehend ge\u00f6ffnet<br \/><br \/>dann wieder geschlossen<br \/>die speerspitzen mit denen du zielst<br \/><br \/>sind vergiftet \u2013<br \/>wenn man stille fotografieren k\u00f6nnte<br \/><br \/>w\u00e4re mein schweigen ein fisch<br \/>glatt und silbern<br \/><br \/>und er s\u00e4he aus der tiefe<br \/>zu dir hoch<\/p>\r\n<p>&nbsp;<\/p>\r\n<p>&nbsp;<\/p>\r\n\r\n\r\n\r\n<p class=\"has-text-align-center\" style=\"text-align: center;\">***<\/p>\r\n\r\n\r\n\r\n<p>Aus: <em>Orakelraum<\/em>, Silver Horse Edition 2008<\/p>\r\n<p class=\"hide-if-no-js\" style=\"text-align: justify;\"><a id=\"set-post-thumbnail\" class=\"thickbox\" href=\"http:\/\/www.editiondaslabor.de\/blog\/wp-admin\/media-upload.php?post_id=28066&amp;type=image&amp;TB_iframe=1\" aria-describedby=\"set-post-thumbnail-desc\"><img loading=\"lazy\" decoding=\"async\" class=\"attachment-266x266 size-266x266 alignleft\" src=\"http:\/\/www.editiondaslabor.de\/blog\/wp-content\/uploads\/2013\/09\/Andreas-Noga.jpeg\" alt=\"\" width=\"159\" height=\"234\" \/><\/a><strong>Weiterf\u00fchrend \u2192\u00a0<\/strong><\/p>\r\n<p class=\"hide-if-no-js\" style=\"text-align: justify;\">\u00dcber die Qualit\u00e4t von Andreas Noga als Lyriker und Performer lesen sie <a href=\"http:\/\/www.editiondaslabor.de\/blog\/2011\/01\/15\/bewegung-ins-offene\/\">hier<\/a>.<\/p>\r\n<p style=\"text-align: justify;\">KUNO widmet dem Gedicht auch in diesem Jahr den genauen Blick, das aufmerksame, geduldige, ins Denken gedrehte Lesen und Wiederlesen, dies bezeugte auch der Versuch einer <a href=\"http:\/\/www.editiondaslabor.de\/blog\/?p=25630\">poetologischen Positionsbestimmung<\/a>.<\/p>\r\n<p style=\"text-align: justify;\">\u00a0<\/p>\r\n","protected":false},"excerpt":{"rendered":"<p>&nbsp; noch bliebe ein rest zu sagen mein mund ist vor\u00fcbergehend ge\u00f6ffnet dann wieder geschlossendie speerspitzen mit denen du zielst sind vergiftet \u2013wenn man stille fotografieren k\u00f6nnte w\u00e4re mein schweigen ein fischglatt und silbern und er s\u00e4he aus der tiefezu&hellip;<\/p>\n<p class=\"more-link-p\"><a class=\"more-link\" href=\"http:\/\/www.editiondaslabor.de\/blog\/2008\/09\/02\/schweigsam\/\">Read more &rarr;<\/a><\/p>\n","protected":false},"author":17,"featured_media":98731,"comment_status":"closed","ping_status":"closed","sticky":false,"template":"","format":"standard","meta":{"footnotes":""},"categories":[1],"tags":[89],"class_list":["post-64002","post","type-post","status-publish","format-standard","has-post-thumbnail","hentry","category-literatur","tag-andreas-noga"],"_links":{"self":[{"href":"http:\/\/www.editiondaslabor.de\/blog\/wp-json\/wp\/v2\/posts\/64002","targetHints":{"allow":["GET"]}}],"collection":[{"href":"http:\/\/www.editiondaslabor.de\/blog\/wp-json\/wp\/v2\/posts"}],"about":[{"href":"http:\/\/www.editiondaslabor.de\/blog\/wp-json\/wp\/v2\/types\/post"}],"author":[{"embeddable":true,"href":"http:\/\/www.editiondaslabor.de\/blog\/wp-json\/wp\/v2\/users\/17"}],"replies":[{"embeddable":true,"href":"http:\/\/www.editiondaslabor.de\/blog\/wp-json\/wp\/v2\/comments?post=64002"}],"version-history":[{"count":1,"href":"http:\/\/www.editiondaslabor.de\/blog\/wp-json\/wp\/v2\/posts\/64002\/revisions"}],"predecessor-version":[{"id":98771,"href":"http:\/\/www.editiondaslabor.de\/blog\/wp-json\/wp\/v2\/posts\/64002\/revisions\/98771"}],"wp:featuredmedia":[{"embeddable":true,"href":"http:\/\/www.editiondaslabor.de\/blog\/wp-json\/wp\/v2\/media\/98731"}],"wp:attachment":[{"href":"http:\/\/www.editiondaslabor.de\/blog\/wp-json\/wp\/v2\/media?parent=64002"}],"wp:term":[{"taxonomy":"category","embeddable":true,"href":"http:\/\/www.editiondaslabor.de\/blog\/wp-json\/wp\/v2\/categories?post=64002"},{"taxonomy":"post_tag","embeddable":true,"href":"http:\/\/www.editiondaslabor.de\/blog\/wp-json\/wp\/v2\/tags?post=64002"}],"curies":[{"name":"wp","href":"https:\/\/api.w.org\/{rel}","templated":true}]}}