{"id":63998,"date":"2005-09-06T00:01:00","date_gmt":"2005-09-05T22:01:00","guid":{"rendered":"http:\/\/www.editiondaslabor.de\/blog\/?p=63998"},"modified":"2022-02-20T15:12:28","modified_gmt":"2022-02-20T14:12:28","slug":"kamingdicht","status":"publish","type":"post","link":"http:\/\/www.editiondaslabor.de\/blog\/2005\/09\/06\/kamingdicht\/","title":{"rendered":"kamingdicht"},"content":{"rendered":"\r\n<p><br \/>dieses gedicht sitzt mit mir am kamin <br \/>und w\u00e4rmt sich die versf\u00fc\u00dfe<br \/><br \/>wir lauschen in die stille<br \/>zwischen dem knacken der scheite<br \/><br \/>die leicht geworden sind vor glut<br \/>und trinken wein<br \/><br \/>das gedicht sagt wein vertreibe<br \/>die angst vor der ungeschriebenen zeile<br \/><br \/>aber was vertreibt die angst<br \/>vor der geschriebenen frage ich<br \/><br \/>das gedicht schweigt<br \/>wir schauen ins feuer<br \/><br \/>und schaukeln den wein<br \/>im glas in den h\u00e4nden<\/p>\r\n<p>&nbsp;<\/p>\r\n<p>&nbsp;<\/p>\r\n\r\n\r\n\r\n<p class=\"has-text-align-center\" style=\"text-align: center;\">***<\/p>\r\n\r\n\r\n\r\n<div class=\"wp-block-image\">\r\n<figure class=\"alignleft\"><a href=\"http:\/\/www.editiondaslabor.de\/blog\/wp-admin\/media-upload.php?post_id=28066&amp;type=image&amp;TB_iframe=1\"><img decoding=\"async\" src=\"http:\/\/www.editiondaslabor.de\/blog\/wp-content\/uploads\/2013\/09\/Andreas-Noga.jpeg\" alt=\"\" \/><\/a><\/figure>\r\n<\/div>\r\n\r\n\r\n\r\n<p class=\"hide-if-no-js\" style=\"text-align: justify;\"><strong>Weiterf\u00fchrend \u2192<\/strong>\u00a0\u00dcber die Qualit\u00e4t von Andreas Noga als Lyriker und Performer lesen sie <a href=\"http:\/\/www.editiondaslabor.de\/blog\/2011\/01\/15\/bewegung-ins-offene\/\">hier<\/a>.<\/p>\r\n<p style=\"text-align: justify;\"><strong>\u2192<\/strong>\u00a0Poesie z\u00e4hlt f\u00fcr KUNO weiterhin zu den identit\u00e4ts- und identifikationstiftenden Elementen einer Kultur, dies bezeugte auch der Versuch einer <a href=\"http:\/\/www.editiondaslabor.de\/blog\/?p=25630\">poetologischen Positionsbestimmung<\/a>.<\/p>\r\n","protected":false},"excerpt":{"rendered":"<p>dieses gedicht sitzt mit mir am kamin und w\u00e4rmt sich die versf\u00fc\u00dfe wir lauschen in die stillezwischen dem knacken der scheite die leicht geworden sind vor glutund trinken wein das gedicht sagt wein vertreibedie angst vor der ungeschriebenen zeile aber&hellip;<\/p>\n<p class=\"more-link-p\"><a class=\"more-link\" href=\"http:\/\/www.editiondaslabor.de\/blog\/2005\/09\/06\/kamingdicht\/\">Read more &rarr;<\/a><\/p>\n","protected":false},"author":17,"featured_media":98731,"comment_status":"closed","ping_status":"closed","sticky":false,"template":"","format":"standard","meta":{"footnotes":""},"categories":[1],"tags":[89],"class_list":["post-63998","post","type-post","status-publish","format-standard","has-post-thumbnail","hentry","category-literatur","tag-andreas-noga"],"_links":{"self":[{"href":"http:\/\/www.editiondaslabor.de\/blog\/wp-json\/wp\/v2\/posts\/63998","targetHints":{"allow":["GET"]}}],"collection":[{"href":"http:\/\/www.editiondaslabor.de\/blog\/wp-json\/wp\/v2\/posts"}],"about":[{"href":"http:\/\/www.editiondaslabor.de\/blog\/wp-json\/wp\/v2\/types\/post"}],"author":[{"embeddable":true,"href":"http:\/\/www.editiondaslabor.de\/blog\/wp-json\/wp\/v2\/users\/17"}],"replies":[{"embeddable":true,"href":"http:\/\/www.editiondaslabor.de\/blog\/wp-json\/wp\/v2\/comments?post=63998"}],"version-history":[{"count":1,"href":"http:\/\/www.editiondaslabor.de\/blog\/wp-json\/wp\/v2\/posts\/63998\/revisions"}],"predecessor-version":[{"id":98793,"href":"http:\/\/www.editiondaslabor.de\/blog\/wp-json\/wp\/v2\/posts\/63998\/revisions\/98793"}],"wp:featuredmedia":[{"embeddable":true,"href":"http:\/\/www.editiondaslabor.de\/blog\/wp-json\/wp\/v2\/media\/98731"}],"wp:attachment":[{"href":"http:\/\/www.editiondaslabor.de\/blog\/wp-json\/wp\/v2\/media?parent=63998"}],"wp:term":[{"taxonomy":"category","embeddable":true,"href":"http:\/\/www.editiondaslabor.de\/blog\/wp-json\/wp\/v2\/categories?post=63998"},{"taxonomy":"post_tag","embeddable":true,"href":"http:\/\/www.editiondaslabor.de\/blog\/wp-json\/wp\/v2\/tags?post=63998"}],"curies":[{"name":"wp","href":"https:\/\/api.w.org\/{rel}","templated":true}]}}