{"id":63961,"date":"1997-05-04T00:13:00","date_gmt":"1997-05-03T22:13:00","guid":{"rendered":"http:\/\/www.editiondaslabor.de\/blog\/?p=63961"},"modified":"2020-05-04T11:48:57","modified_gmt":"2020-05-04T09:48:57","slug":"die-blinden-der-rue-moreau","status":"publish","type":"post","link":"http:\/\/www.editiondaslabor.de\/blog\/1997\/05\/04\/die-blinden-der-rue-moreau\/","title":{"rendered":"Die Blinden der Rue Moreau"},"content":{"rendered":"\n<p class=\"has-text-align-right\">in der rue moreau ist<\/p>\n\n\n\n<p class=\"has-text-align-right\">ihr stockschlag in die schw\u00e4rze<\/p>\n\n\n\n<p><\/p>\n\n\n\n<div class=\"wp-block-image\"><figure class=\"alignleft size-large is-resized\"><img loading=\"lazy\" decoding=\"async\" src=\"http:\/\/www.editiondaslabor.de\/blog\/wp-content\/uploads\/2020\/05\/Blind-Cover.jpg\" alt=\"\" class=\"wp-image-63962\" width=\"165\" height=\"275\" srcset=\"http:\/\/www.editiondaslabor.de\/blog\/wp-content\/uploads\/2020\/05\/Blind-Cover.jpg 220w, http:\/\/www.editiondaslabor.de\/blog\/wp-content\/uploads\/2020\/05\/Blind-Cover-180x300.jpg 180w, http:\/\/www.editiondaslabor.de\/blog\/wp-content\/uploads\/2020\/05\/Blind-Cover-160x266.jpg 160w\" sizes=\"auto, (max-width: 165px) 100vw, 165px\" \/><\/figure><\/div>\n\n\n\n<p class=\"has-text-align-center\">***<\/p>\n\n\n\n<p><strong>Die Blinden der Rue Moreau<\/strong>. Und andere Geschichten. Erz\u00e4hlungen von Peter Ettl. edition prima vista, Gelsenkirchen 1997<\/p>\n\n\n\n<p><strong>Weiterf\u00fchrend \u2192<\/strong> <\/p>\n\n\n\n<p>Ein Portr\u00e4t von Peter Ettl und der Edition Silver Horse finden Sie <a href=\"http:\/\/www.editiondaslabor.de\/blog\/2012\/04\/29\/wild-horses-could-not-drag-me-away\/\">hier<\/a>.\n \u2013 Poesie z\u00e4hlt f\u00fcr KUNO weiterhin zu den identit\u00e4ts- und  \nidentifikationstiftenden Elementen einer Kultur, dies bezeugte auch der \n Versuch einer <a href=\"http:\/\/www.editiondaslabor.de\/blog\/?p=25630\">poetologischen Positionsbestimmung<\/a>.<\/p>\n\n\n\n<p><br \/><\/p>\n","protected":false},"excerpt":{"rendered":"<p>in der rue moreau ist ihr stockschlag in die schw\u00e4rze *** Die Blinden der Rue Moreau. Und andere Geschichten. Erz\u00e4hlungen von Peter Ettl. edition prima vista, Gelsenkirchen 1997 Weiterf\u00fchrend \u2192 Ein Portr\u00e4t von Peter Ettl und der Edition Silver Horse&hellip;<\/p>\n<p class=\"more-link-p\"><a class=\"more-link\" href=\"http:\/\/www.editiondaslabor.de\/blog\/1997\/05\/04\/die-blinden-der-rue-moreau\/\">Read more &rarr;<\/a><\/p>\n","protected":false},"author":44,"featured_media":63962,"comment_status":"closed","ping_status":"closed","sticky":false,"template":"","format":"standard","meta":{"footnotes":""},"categories":[1],"tags":[160],"class_list":["post-63961","post","type-post","status-publish","format-standard","has-post-thumbnail","hentry","category-literatur","tag-peter-ettl"],"_links":{"self":[{"href":"http:\/\/www.editiondaslabor.de\/blog\/wp-json\/wp\/v2\/posts\/63961","targetHints":{"allow":["GET"]}}],"collection":[{"href":"http:\/\/www.editiondaslabor.de\/blog\/wp-json\/wp\/v2\/posts"}],"about":[{"href":"http:\/\/www.editiondaslabor.de\/blog\/wp-json\/wp\/v2\/types\/post"}],"author":[{"embeddable":true,"href":"http:\/\/www.editiondaslabor.de\/blog\/wp-json\/wp\/v2\/users\/44"}],"replies":[{"embeddable":true,"href":"http:\/\/www.editiondaslabor.de\/blog\/wp-json\/wp\/v2\/comments?post=63961"}],"version-history":[{"count":0,"href":"http:\/\/www.editiondaslabor.de\/blog\/wp-json\/wp\/v2\/posts\/63961\/revisions"}],"wp:featuredmedia":[{"embeddable":true,"href":"http:\/\/www.editiondaslabor.de\/blog\/wp-json\/"}],"wp:attachment":[{"href":"http:\/\/www.editiondaslabor.de\/blog\/wp-json\/wp\/v2\/media?parent=63961"}],"wp:term":[{"taxonomy":"category","embeddable":true,"href":"http:\/\/www.editiondaslabor.de\/blog\/wp-json\/wp\/v2\/categories?post=63961"},{"taxonomy":"post_tag","embeddable":true,"href":"http:\/\/www.editiondaslabor.de\/blog\/wp-json\/wp\/v2\/tags?post=63961"}],"curies":[{"name":"wp","href":"https:\/\/api.w.org\/{rel}","templated":true}]}}