{"id":63938,"date":"1998-05-03T00:01:00","date_gmt":"1998-05-02T22:01:00","guid":{"rendered":"http:\/\/www.editiondaslabor.de\/blog\/?p=63938"},"modified":"2021-05-03T08:08:10","modified_gmt":"2021-05-03T06:08:10","slug":"reggae-fi-may-ayim","status":"publish","type":"post","link":"http:\/\/www.editiondaslabor.de\/blog\/1998\/05\/03\/reggae-fi-may-ayim\/","title":{"rendered":"Reggae fi May Ayim"},"content":{"rendered":"\r\n<p>&nbsp;<\/p>\r\n<p class=\"has-text-color has-text-align-right has-cyan-bluish-gray-color\" style=\"text-align: justify;\">Der brititsche spoken-word-artist Linton Kwesi Johnson w\u00fcrdigte May Ayim u.a. mit folgenden Zeilen:<\/p>\r\n<p>&nbsp;<\/p>\r\n\r\n\r\n\r\n<p>It weard ow life wit det kyan canspyah<br \/>Fi shattah di awts most fragile diziah<br \/>Ow histri an byagrafi kyan plat gense yu<br \/>An dem &#8218;angst&#8216; an dem &#8218;anomie gang-up pon yu<\/p>\r\n\r\n\r\n\r\n<p>Afro-german warrior woman<br \/>From hamburg via bremen<br \/>Den finally<br \/>Berlin<\/p>\r\n\r\n\r\n\r\n<p>It woz in di dazzlin atmosfare<br \/>A di black radical bookfair<br \/>Dat mi site yu<br \/>Sweet sistah<br \/>Brite-eyed like hope<br \/>Like a young antelope<br \/>Who couda cope<\/p>\r\n\r\n\r\n\r\n<p>&#8230;<\/p>\r\n<p>&nbsp;<\/p>\r\n<p>&nbsp;<\/p>\r\n\r\n\r\n\r\n<p class=\"has-text-align-center\" style=\"text-align: center;\">***<\/p>\r\n\r\n\r\n\r\n<div class=\"wp-block-image\">\r\n<figure class=\"alignleft size-large is-resized\"><img loading=\"lazy\" decoding=\"async\" class=\"wp-image-63942\" src=\"http:\/\/www.editiondaslabor.de\/blog\/wp-content\/uploads\/2020\/05\/LKJ_Cover.jpg\" alt=\"\" width=\"256\" height=\"256\" srcset=\"http:\/\/www.editiondaslabor.de\/blog\/wp-content\/uploads\/2020\/05\/LKJ_Cover.jpg 512w, http:\/\/www.editiondaslabor.de\/blog\/wp-content\/uploads\/2020\/05\/LKJ_Cover-300x300.jpg 300w, http:\/\/www.editiondaslabor.de\/blog\/wp-content\/uploads\/2020\/05\/LKJ_Cover-150x150.jpg 150w, http:\/\/www.editiondaslabor.de\/blog\/wp-content\/uploads\/2020\/05\/LKJ_Cover-260x260.jpg 260w, http:\/\/www.editiondaslabor.de\/blog\/wp-content\/uploads\/2020\/05\/LKJ_Cover-160x160.jpg 160w\" sizes=\"auto, (max-width: 256px) 100vw, 256px\" \/><\/figure>\r\n<\/div>\r\n\r\n\r\n\r\n<p style=\"text-align: justify;\">&#8222;Reggae fi May Ayim&#8220; ist erschienen auf dem Album <em>More Time<\/em>. <a href=\"https:\/\/www.youtube.com\/watch?v=VX2g_ALiWEc\">Hier<\/a> kann man den Song h\u00f6ren.<\/p>\r\n\r\n\r\n\r\n<p style=\"text-align: justify;\">May Ayim (1960-1996) war eine, ghanaisch-deutsche Dichterin, Wissenschaftlerin und politische Pers\u00f6nlichkeit, war eine der Vorreiterinnen der Schwarzen Deutschen Bewegung, die mit ihrer Forschung zur Geschichte und Gegenwart Afrodeutscher und mit ihrer politischen Lyrik im In- und Ausland bekannt wurde. Posthum sind ihr Gedichtband <em>Nachtgesang<\/em> und die Anthologie <em>Grenzenlos und unversch\u00e4mt<\/em> erschienen, ebenso der Dokumentarfilm von Maria Binder \u201cHoffnung im Herz: M\u00fcndliche Poesie \u2013 May Ayim\u201d.<\/p>\r\n\r\n\r\n\r\n<p style=\"text-align: justify;\"><strong>Weiterf\u00fchend\u00a0\u2192<\/strong><\/p>\r\n\r\n\r\n\r\n<p style=\"text-align: justify;\">Poesie z\u00e4hlt f\u00fcr KUNO weiterhin zu den identit\u00e4ts- und identifikationstiftenden Elementen einer Kultur, dies bezeugte auch der Versuch einer <a href=\"http:\/\/www.editiondaslabor.de\/blog\/?p=25630\">poetologischen Positionsbestimmung<\/a>.<\/p>\r\n","protected":false},"excerpt":{"rendered":"<p>&nbsp; Der brititsche spoken-word-artist Linton Kwesi Johnson w\u00fcrdigte May Ayim u.a. mit folgenden Zeilen: &nbsp; It weard ow life wit det kyan canspyahFi shattah di awts most fragile diziahOw histri an byagrafi kyan plat gense yuAn dem &#8218;angst&#8216; an dem&hellip;<\/p>\n<p class=\"more-link-p\"><a class=\"more-link\" href=\"http:\/\/www.editiondaslabor.de\/blog\/1998\/05\/03\/reggae-fi-may-ayim\/\">Read more &rarr;<\/a><\/p>\n","protected":false},"author":197,"featured_media":63942,"comment_status":"closed","ping_status":"closed","sticky":false,"template":"","format":"standard","meta":{"footnotes":""},"categories":[1],"tags":[2518,2019],"class_list":["post-63938","post","type-post","status-publish","format-standard","has-post-thumbnail","hentry","category-literatur","tag-linton-kwesi-johnson","tag-may-ayim"],"_links":{"self":[{"href":"http:\/\/www.editiondaslabor.de\/blog\/wp-json\/wp\/v2\/posts\/63938","targetHints":{"allow":["GET"]}}],"collection":[{"href":"http:\/\/www.editiondaslabor.de\/blog\/wp-json\/wp\/v2\/posts"}],"about":[{"href":"http:\/\/www.editiondaslabor.de\/blog\/wp-json\/wp\/v2\/types\/post"}],"author":[{"embeddable":true,"href":"http:\/\/www.editiondaslabor.de\/blog\/wp-json\/wp\/v2\/users\/197"}],"replies":[{"embeddable":true,"href":"http:\/\/www.editiondaslabor.de\/blog\/wp-json\/wp\/v2\/comments?post=63938"}],"version-history":[{"count":0,"href":"http:\/\/www.editiondaslabor.de\/blog\/wp-json\/wp\/v2\/posts\/63938\/revisions"}],"wp:featuredmedia":[{"embeddable":true,"href":"http:\/\/www.editiondaslabor.de\/blog\/wp-json\/"}],"wp:attachment":[{"href":"http:\/\/www.editiondaslabor.de\/blog\/wp-json\/wp\/v2\/media?parent=63938"}],"wp:term":[{"taxonomy":"category","embeddable":true,"href":"http:\/\/www.editiondaslabor.de\/blog\/wp-json\/wp\/v2\/categories?post=63938"},{"taxonomy":"post_tag","embeddable":true,"href":"http:\/\/www.editiondaslabor.de\/blog\/wp-json\/wp\/v2\/tags?post=63938"}],"curies":[{"name":"wp","href":"https:\/\/api.w.org\/{rel}","templated":true}]}}